{"id":75838,"date":"2024-08-15T22:29:26","date_gmt":"2024-08-16T01:29:26","guid":{"rendered":"https:\/\/vocesparalelas.com.ar\/sitio\/?p=75838"},"modified":"2024-08-16T00:39:33","modified_gmt":"2024-08-16T03:39:33","slug":"comenzaron-las-tareas-de-pavimentacion-de-la-avenida-de-los-rios-departamento-caucete","status":"publish","type":"post","link":"https:\/\/vocesparalelas.com.ar\/sitio\/comenzaron-las-tareas-de-pavimentacion-de-la-avenida-de-los-rios-departamento-caucete\/","title":{"rendered":"Comenzaron las tareas de pavimentaci\u00f3n de la Avenida de Los R\u00edos, Departamento Caucete."},"content":{"rendered":"<p>El gobernador de San Juan, Dr. Marcelo Orrego anunci\u00f3 hace cuatro d\u00edas el inicio de la esperada pavimentaci\u00f3n de la Avenida de Los R\u00edos, Departamento Caucete.<\/p>\n<blockquote class=\"wp-embedded-content\" data-secret=\"e72oxnZtFu\"><p><a href=\"https:\/\/vocesparalelas.com.ar\/sitio\/hacia-la-pavimentacion-de-la-avenida-de-los-rios-en-el-departamento-caucete\/\">Hacia la pavimentaci\u00f3n de la Avenida De Los R\u00edos en el Departamento Caucete<\/a><\/p><\/blockquote>\n<p><iframe loading=\"lazy\" class=\"wp-embedded-content\" sandbox=\"allow-scripts\" security=\"restricted\" style=\"position: absolute; visibility: hidden;\" title=\"\u00abHacia la pavimentaci\u00f3n de la Avenida De Los R\u00edos en el Departamento Caucete\u00bb \u2014 Voces Paralelas\" src=\"https:\/\/vocesparalelas.com.ar\/sitio\/hacia-la-pavimentacion-de-la-avenida-de-los-rios-en-el-departamento-caucete\/embed\/#?secret=nzZHrSos3t#?secret=e72oxnZtFu\" data-secret=\"e72oxnZtFu\" width=\"600\" height=\"338\" frameborder=\"0\" marginwidth=\"0\" marginheight=\"0\" scrolling=\"no\"><\/iframe><\/p>\n<p>Luego, de la colocaci\u00f3n del cartel de obra, las primeras m\u00e1quinas viales comenzaron las tareas de pavimentaci\u00f3n.<\/p>\n<p>La obra, a cargo de la Direcci\u00f3n Provincial de Vialidad del Ministerio de Infraestructura, Agua y Energ\u00eda del Gobierno de San Juan, comprende la pavimentaci\u00f3n de un tramo de 1.320 metros de longitud, con un ancho variable de 13 a 7 metros. La inversi\u00f3n para este proyecto supera los 410 millones de pesos.<\/p>\n<p>Esta pavimentaci\u00f3n es una iniciativa de gran relevancia para la comunidad del Departamento Caucete, que esper\u00f3 con ansias esta mejora. El proyecto forma parte de un plan integral para sanear calles y rutas afectadas por obras de cloacas y se lleva a cabo de manera independiente a los listados de pavimentaci\u00f3n de calles urbanas presentados por los municipios.<\/p>\n<p><img loading=\"lazy\" decoding=\"async\" class=\"alignnone size-full wp-image-69326\" src=\"https:\/\/vocesparalelas.com.ar\/sitio\/wp-content\/uploads\/2024\/02\/CAUCETE-BIENVENIDO-01.jpg\" alt=\"\" width=\"800\" height=\"473\" srcset=\"https:\/\/vocesparalelas.com.ar\/sitio\/wp-content\/uploads\/2024\/02\/CAUCETE-BIENVENIDO-01.jpg 800w, https:\/\/vocesparalelas.com.ar\/sitio\/wp-content\/uploads\/2024\/02\/CAUCETE-BIENVENIDO-01-300x177.jpg 300w, https:\/\/vocesparalelas.com.ar\/sitio\/wp-content\/uploads\/2024\/02\/CAUCETE-BIENVENIDO-01-768x454.jpg 768w\" sizes=\"auto, (max-width: 800px) 100vw, 800px\" \/><\/p>\n","protected":false},"excerpt":{"rendered":"<p>El gobernador de San Juan, Dr. Marcelo Orrego anunci\u00f3 hace cuatro d\u00edas el inicio de la esperada pavimentaci\u00f3n de la<\/p>\n","protected":false},"author":3,"featured_media":75841,"comment_status":"closed","ping_status":"closed","sticky":false,"template":"","format":"standard","meta":{"_acf_changed":false,"_seopress_robots_primary_cat":"none","_seopress_titles_title":"","_seopress_titles_desc":"","_seopress_robots_index":"","colormag_page_container_layout":"default_layout","colormag_page_sidebar_layout":"default_layout","footnotes":""},"categories":[1],"tags":[],"class_list":["post-75838","post","type-post","status-publish","format-standard","has-post-thumbnail","hentry","category-destacadas"],"acf":[],"_links":{"self":[{"href":"https:\/\/vocesparalelas.com.ar\/sitio\/wp-json\/wp\/v2\/posts\/75838","targetHints":{"allow":["GET"]}}],"collection":[{"href":"https:\/\/vocesparalelas.com.ar\/sitio\/wp-json\/wp\/v2\/posts"}],"about":[{"href":"https:\/\/vocesparalelas.com.ar\/sitio\/wp-json\/wp\/v2\/types\/post"}],"author":[{"embeddable":true,"href":"https:\/\/vocesparalelas.com.ar\/sitio\/wp-json\/wp\/v2\/users\/3"}],"replies":[{"embeddable":true,"href":"https:\/\/vocesparalelas.com.ar\/sitio\/wp-json\/wp\/v2\/comments?post=75838"}],"version-history":[{"count":2,"href":"https:\/\/vocesparalelas.com.ar\/sitio\/wp-json\/wp\/v2\/posts\/75838\/revisions"}],"predecessor-version":[{"id":75843,"href":"https:\/\/vocesparalelas.com.ar\/sitio\/wp-json\/wp\/v2\/posts\/75838\/revisions\/75843"}],"wp:featuredmedia":[{"embeddable":true,"href":"https:\/\/vocesparalelas.com.ar\/sitio\/wp-json\/wp\/v2\/media\/75841"}],"wp:attachment":[{"href":"https:\/\/vocesparalelas.com.ar\/sitio\/wp-json\/wp\/v2\/media?parent=75838"}],"wp:term":[{"taxonomy":"category","embeddable":true,"href":"https:\/\/vocesparalelas.com.ar\/sitio\/wp-json\/wp\/v2\/categories?post=75838"},{"taxonomy":"post_tag","embeddable":true,"href":"https:\/\/vocesparalelas.com.ar\/sitio\/wp-json\/wp\/v2\/tags?post=75838"}],"curies":[{"name":"wp","href":"https:\/\/api.w.org\/{rel}","templated":true}]}}