{"id":75825,"date":"2024-08-15T22:17:35","date_gmt":"2024-08-16T01:17:35","guid":{"rendered":"https:\/\/vocesparalelas.com.ar\/sitio\/?p=75825"},"modified":"2024-08-15T22:17:35","modified_gmt":"2024-08-16T01:17:35","slug":"un-paso-fundamental-para-que-el-sentimiento-de-pertenencia-a-la-universidad-se-afiance","status":"publish","type":"post","link":"https:\/\/vocesparalelas.com.ar\/sitio\/un-paso-fundamental-para-que-el-sentimiento-de-pertenencia-a-la-universidad-se-afiance\/","title":{"rendered":"\u201cUn paso fundamental para que el sentimiento de pertenencia a la Universidad se afiance\u201d"},"content":{"rendered":"<p>El cuerpo legislativo de la C\u00e1mara de Diputados de San Juan aprob\u00f3 el proyecto de Ley presentado por el interbloque Cambia San Juan que establece la donaci\u00f3n sin cargo de un inmueble ubicado en el Departamento Rivadavia de propiedad de la provincia de San Juan a favor de la Universidad Nacional de San Juan. Este terreno tiene el Complejo Universitario Islas Malvinas &#8211; CUIM.<\/p>\n<p>El Rector de la UNSJ, Ing. Tadeo Berenguer estuvo en la C\u00e1mara de Diputados provincial. En sesi\u00f3n del Jueves, 15 de Agosto qued\u00f3 establecido que los terrenos del CUIM del Departamento Rivadavia y de la vieja \u201cEscuela de M\u00fasica\u201d ahora legalmente pertenecen a la UNSJ gracias a la gesti\u00f3n de la actual administraci\u00f3n universitaria.<\/p>\n<p>Por ello, el rector de la Universidad de San Juan, Ing. Tadeo Berenguer sintetiz\u00f3 que \u00abquiero manifestar un eterno agradecimiento a la Legislatura Provincial, que ha sabido entender este paso fundamental para que el sentimiento de pertenencia a la Universidad se afiance con nuestros terrenos ya a nombre de la Universidad Nacional de San Juan\u201d.<\/p>\n<p>Quien fue acompa\u00f1ado por la vicerrectora Dra. Anal\u00eda Ponce y otras autoridades de la UNSJ.<\/p>\n<p>Es as\u00ed que el Jueves, 15 de Agosto fue hist\u00f3rica. La C\u00e1mara de Diputados de la Provincia de San Juan dedic\u00f3 \u00edntegramente la primera parte de su sesi\u00f3n a la lectura y, finalmente, la aprobaci\u00f3n un\u00e1nime de sendos Proyectos de Ley que cedieron terrenos de la Provincia, el del Complejo Universitario \u201cIslas Malvinas\u201d &#8211; CUIM &#8211; y el de la \u201cEscuela de M\u00fasica\u201d, en F\u00e9lix Aguilar, a dominios de la Universidad Nacional P\u00fablica.<\/p>\n<p>Ahora, con la aprobaci\u00f3n de esta cesi\u00f3n de terrenos, el Consejo Superior reafirma lo decidido\u00a0en la Provincia y de esa manera\u00a0iniciar\u00e1n los tr\u00e1mites de escrituraci\u00f3n.<\/p>\n<p>En el recinto, fue el diputado Dr. Juan de la Cruz C\u00f3rdoba quien comenz\u00f3 con los detalles del trabajo realizado por las Comisiones de la C\u00e1mara de Diputados en favor de la cesi\u00f3n terrenal. \u201cSolicito a los diputados que den acogida a los despachos que se han emitido por parte de las Comisiones de Obras y Servicios y de Legislaci\u00f3n y de Asuntos Constitucionales para que este inmueble pase definitivamente a la Universidad Nacional de San Juan, sobre el proyecto de cesi\u00f3n del terreno del CUIM. Luego, hizo lo propio con el terreno de la Escuela de M\u00fasica.<\/p>\n<p>Posteriormente, el diputado Dr. Mario Herrero record\u00f3 que \u00abel gobernador Eloy Camus, cuya parte inicial de mandato fue contempor\u00e1nea con los tiempos de la creaci\u00f3n de la UNSJ en 1973: Camus breg\u00f3 en aquel momento por la cesi\u00f3n en favor de la Universidad. La sanci\u00f3n de estos dos proyectos viene a perfeccionar aquello que en su momento no se pudo hacer por circunstancias de fuerza brutal, las interrupciones proferidas por la dictadura c\u00edvico militar de 1976\u00bb.<\/p>\n<p>A su turno, la diputada Lic. Cristina L\u00f3pez, ex estudiante y docente de la UNSJ puntualiz\u00f3 que \u00abhaya concluido ese tr\u00e1mite entre el Gobierno provincial y la Universidad. Estos movimientos con tranquilidad y con un fuerte impacto social solamente se pueden dar en un sistema democr\u00e1tico que siempre hay que cuidar\u201d.<\/p>\n<p>A su tiempo el legislador Arq. Horacio Quiroga subray\u00f3 que \u00abped\u00ed a las expresiones pol\u00edticas representadas en la Legislatura que honremos esa querencia y esa pertenencia a la Universidad p\u00fablica. Cada vez que debatimos en el Congreso de la Naci\u00f3n y aprobamos o no los instrumentos que garanticen la vigencia de la educaci\u00f3n p\u00fablica\u201d.<\/p>\n<p><img loading=\"lazy\" decoding=\"async\" class=\"alignnone size-full wp-image-75823\" src=\"https:\/\/vocesparalelas.com.ar\/sitio\/wp-content\/uploads\/2024\/08\/CDSJ-UNSJ-TERRENOS.jpg\" alt=\"\" width=\"800\" height=\"534\" srcset=\"https:\/\/vocesparalelas.com.ar\/sitio\/wp-content\/uploads\/2024\/08\/CDSJ-UNSJ-TERRENOS.jpg 800w, https:\/\/vocesparalelas.com.ar\/sitio\/wp-content\/uploads\/2024\/08\/CDSJ-UNSJ-TERRENOS-300x200.jpg 300w, https:\/\/vocesparalelas.com.ar\/sitio\/wp-content\/uploads\/2024\/08\/CDSJ-UNSJ-TERRENOS-768x513.jpg 768w\" sizes=\"auto, (max-width: 800px) 100vw, 800px\" \/><\/p>\n<p>&nbsp;<\/p>\n","protected":false},"excerpt":{"rendered":"<p>El cuerpo legislativo de la C\u00e1mara de Diputados de San Juan aprob\u00f3 el proyecto de Ley presentado por el interbloque<\/p>\n","protected":false},"author":3,"featured_media":75828,"comment_status":"closed","ping_status":"closed","sticky":false,"template":"","format":"standard","meta":{"_acf_changed":false,"_seopress_robots_primary_cat":"none","_seopress_titles_title":"","_seopress_titles_desc":"","_seopress_robots_index":"","colormag_page_container_layout":"default_layout","colormag_page_sidebar_layout":"default_layout","footnotes":""},"categories":[1],"tags":[],"class_list":["post-75825","post","type-post","status-publish","format-standard","has-post-thumbnail","hentry","category-destacadas"],"acf":[],"_links":{"self":[{"href":"https:\/\/vocesparalelas.com.ar\/sitio\/wp-json\/wp\/v2\/posts\/75825","targetHints":{"allow":["GET"]}}],"collection":[{"href":"https:\/\/vocesparalelas.com.ar\/sitio\/wp-json\/wp\/v2\/posts"}],"about":[{"href":"https:\/\/vocesparalelas.com.ar\/sitio\/wp-json\/wp\/v2\/types\/post"}],"author":[{"embeddable":true,"href":"https:\/\/vocesparalelas.com.ar\/sitio\/wp-json\/wp\/v2\/users\/3"}],"replies":[{"embeddable":true,"href":"https:\/\/vocesparalelas.com.ar\/sitio\/wp-json\/wp\/v2\/comments?post=75825"}],"version-history":[{"count":1,"href":"https:\/\/vocesparalelas.com.ar\/sitio\/wp-json\/wp\/v2\/posts\/75825\/revisions"}],"predecessor-version":[{"id":75829,"href":"https:\/\/vocesparalelas.com.ar\/sitio\/wp-json\/wp\/v2\/posts\/75825\/revisions\/75829"}],"wp:featuredmedia":[{"embeddable":true,"href":"https:\/\/vocesparalelas.com.ar\/sitio\/wp-json\/wp\/v2\/media\/75828"}],"wp:attachment":[{"href":"https:\/\/vocesparalelas.com.ar\/sitio\/wp-json\/wp\/v2\/media?parent=75825"}],"wp:term":[{"taxonomy":"category","embeddable":true,"href":"https:\/\/vocesparalelas.com.ar\/sitio\/wp-json\/wp\/v2\/categories?post=75825"},{"taxonomy":"post_tag","embeddable":true,"href":"https:\/\/vocesparalelas.com.ar\/sitio\/wp-json\/wp\/v2\/tags?post=75825"}],"curies":[{"name":"wp","href":"https:\/\/api.w.org\/{rel}","templated":true}]}}