{"id":75796,"date":"2024-08-14T19:55:49","date_gmt":"2024-08-14T22:55:49","guid":{"rendered":"https:\/\/vocesparalelas.com.ar\/sitio\/?p=75796"},"modified":"2024-08-15T23:15:37","modified_gmt":"2024-08-16T02:15:37","slug":"se-elije-al-embajador-del-faunistico-de-rivadavia","status":"publish","type":"post","link":"https:\/\/vocesparalelas.com.ar\/sitio\/se-elije-al-embajador-del-faunistico-de-rivadavia\/","title":{"rendered":"Se elije al Embajador del Faun\u00edstico de Rivadavia"},"content":{"rendered":"<p>La Municipalidad de la Ciudad de Rivadavia junto al Centro de Rehabilitaci\u00f3n, Educaci\u00f3n Ambiental y Recreaci\u00f3n Responsable \u00abFaun\u00edstico\u00bb, planificaron una actividad enriquecedora para los m\u00e1s j\u00f3venes en el marco del D\u00eda del Ni\u00f1o.<\/p>\n<p>El Domingo, 18 de Agosto, de 10 a 18 horas, chicos de 1 a 16 a\u00f1os pueden elegir, a su animal aut\u00f3ctono preferido, colocando un voto con alguno de los 14 seleccionados en una urna colocada para la ocasi\u00f3n.<\/p>\n<p><span style=\"color: #008080;\"><strong>Los candidatos \u00abEdici\u00f3n 2024\u00bb<\/strong><\/span><\/p>\n<ul>\n<li>Guanacos son Melisa, Franchesca, Georgina, Cher, Cuca, Jelu, Kusi y Kitec.<\/li>\n<li>Gavilanes: Chal\u00fa.<\/li>\n<li>Benteveos aparecen Tumta y Pichawal<\/li>\n<li>Tortugas terrestres figuran Wualu, Tontal y Walta.<\/li>\n<\/ul>\n<p>Esta actividad participativa tiene como objetivo arraigar en los j\u00f3venes nuestra fauna nativa, fijando en ellos la identificaci\u00f3n con San Juan y su naturaleza.<\/p>\n<p>La cita incluye charlas t\u00e9cnicas sobre los candidatos brindadas por los profesionales del Faun\u00edstico, el proceso de votaci\u00f3n en s\u00ed mismo y un souvenir que se llevar\u00e1n de recuerdo todos los participantes, quienes deber\u00e1n anotarse en<\/p>\n<p><a href=\"https:\/\/forms.gle\/jUtDUrcH5nNDg7es9.\">https:\/\/forms.gle\/jUtDUrcH5nNDg7es9.<\/a><\/p>\n<p>Cabe aclarar que el esp\u00e9cimen que resulte ganador es parte de la identidad visual del Faun\u00edstico y pr\u00f3ximamente, representando a nuestra ciudad y su riqueza natural en diversas actividades y eventos.<\/p>\n<p>El Intendente Sergio Miodoswsky gestiona actividades ecol\u00f3gicas y pedag\u00f3gicas para generar conciencia ambiental en los integrantes m\u00e1s j\u00f3venes de su comunidad.<\/p>\n<p><iframe loading=\"lazy\" title=\"RIVADAVIA FAUNISTICO 1\" width=\"800\" height=\"450\" src=\"https:\/\/www.youtube.com\/embed\/amhU_iaQOzA?feature=oembed\" frameborder=\"0\" allow=\"accelerometer; autoplay; clipboard-write; encrypted-media; gyroscope; picture-in-picture; web-share\" referrerpolicy=\"strict-origin-when-cross-origin\" allowfullscreen><\/iframe><\/p>\n<p>&nbsp;<\/p>\n","protected":false},"excerpt":{"rendered":"<p>La Municipalidad de la Ciudad de Rivadavia junto al Centro de Rehabilitaci\u00f3n, Educaci\u00f3n Ambiental y Recreaci\u00f3n Responsable \u00abFaun\u00edstico\u00bb, planificaron una<\/p>\n","protected":false},"author":3,"featured_media":71823,"comment_status":"closed","ping_status":"closed","sticky":false,"template":"","format":"standard","meta":{"_acf_changed":false,"_seopress_robots_primary_cat":"none","_seopress_titles_title":"","_seopress_titles_desc":"","_seopress_robots_index":"","colormag_page_container_layout":"default_layout","colormag_page_sidebar_layout":"default_layout","footnotes":""},"categories":[8,7],"tags":[],"class_list":["post-75796","post","type-post","status-publish","format-standard","has-post-thumbnail","hentry","category-concursos","category-videos"],"acf":[],"_links":{"self":[{"href":"https:\/\/vocesparalelas.com.ar\/sitio\/wp-json\/wp\/v2\/posts\/75796","targetHints":{"allow":["GET"]}}],"collection":[{"href":"https:\/\/vocesparalelas.com.ar\/sitio\/wp-json\/wp\/v2\/posts"}],"about":[{"href":"https:\/\/vocesparalelas.com.ar\/sitio\/wp-json\/wp\/v2\/types\/post"}],"author":[{"embeddable":true,"href":"https:\/\/vocesparalelas.com.ar\/sitio\/wp-json\/wp\/v2\/users\/3"}],"replies":[{"embeddable":true,"href":"https:\/\/vocesparalelas.com.ar\/sitio\/wp-json\/wp\/v2\/comments?post=75796"}],"version-history":[{"count":1,"href":"https:\/\/vocesparalelas.com.ar\/sitio\/wp-json\/wp\/v2\/posts\/75796\/revisions"}],"predecessor-version":[{"id":75799,"href":"https:\/\/vocesparalelas.com.ar\/sitio\/wp-json\/wp\/v2\/posts\/75796\/revisions\/75799"}],"wp:featuredmedia":[{"embeddable":true,"href":"https:\/\/vocesparalelas.com.ar\/sitio\/wp-json\/wp\/v2\/media\/71823"}],"wp:attachment":[{"href":"https:\/\/vocesparalelas.com.ar\/sitio\/wp-json\/wp\/v2\/media?parent=75796"}],"wp:term":[{"taxonomy":"category","embeddable":true,"href":"https:\/\/vocesparalelas.com.ar\/sitio\/wp-json\/wp\/v2\/categories?post=75796"},{"taxonomy":"post_tag","embeddable":true,"href":"https:\/\/vocesparalelas.com.ar\/sitio\/wp-json\/wp\/v2\/tags?post=75796"}],"curies":[{"name":"wp","href":"https:\/\/api.w.org\/{rel}","templated":true}]}}