{"id":75790,"date":"2024-08-14T19:58:50","date_gmt":"2024-08-14T22:58:50","guid":{"rendered":"https:\/\/vocesparalelas.com.ar\/sitio\/?p=75790"},"modified":"2024-08-16T22:07:58","modified_gmt":"2024-08-17T01:07:58","slug":"hacia-la-transferencia-de-los-terrenos-del-cuim-y-de-la-escuela-de-musica-a-la-unsj","status":"publish","type":"post","link":"https:\/\/vocesparalelas.com.ar\/sitio\/hacia-la-transferencia-de-los-terrenos-del-cuim-y-de-la-escuela-de-musica-a-la-unsj\/","title":{"rendered":"Hacia la transferencia de los Terrenos del CUIM y de la Escuela de M\u00fasica a la UNSJ"},"content":{"rendered":"<p>El Jueves, 15 de Agosto, a las 9 horas, la C\u00e1mara de Diputados de San Juan debatir\u00e1 en el recinto los proyectos de Ley presentados por el Poder Ejecutivo y el bloque La Libertad Avanza que proponen la adhesi\u00f3n al T\u00edtulo VII R\u00e9gimen de Incentivo para grandes inversiones (RIGE), regulado por la Ley Nacional N\u00b0 27.742.<\/p>\n<p>Adem\u00e1s, el cuerpo legislativo tratar\u00e1 dos proyectos de Ley presentados por el interbloque Cambia San Juan que proponen, por un lado, la transferencia de un inmueble propiedad de la provincia en favor de la Universidad Nacional de San Juan; y por el otro, la modificaci\u00f3n de la Ley N\u00ba 1984-P, que instituye la distinci\u00f3n \u201cMenci\u00f3n de Honor Maestro Mario P\u00e9rez\u201d.<\/p>\n<p>Por ello, el Rector de la Universidad Nacional de San Juan Ing. Tadeo Berenguer explic\u00f3 que \u00abestamos felices de mostrar un acto m\u00e1s de gesti\u00f3n en esta Universidad. Se realiza el definitivo traspaso de dos terrenos hacia esta instituci\u00f3n desde la Provincia. El Complejo Universitario \u201cIslas Malvinas\u201d &#8211; CUIM -, Departamento Rivadavia y la \u201cEscuela de M\u00fasica\u201d que pertenece al Departamento de M\u00fasica de la Facultad de Filosof\u00eda, Humanidades y Artes de la UNSJ, F\u00e9lix Aguilar puedan ser escriturados por esta Universidad p\u00fablica luego de un trabajo conjunto con el Estado provincial iniciado en 2022\u00bb.<\/p>\n<p><img loading=\"lazy\" decoding=\"async\" class=\"alignnone size-full wp-image-50349\" src=\"https:\/\/vocesparalelas.com.ar\/sitio\/wp-content\/uploads\/2022\/07\/CUIM-02.jpg\" alt=\"\" width=\"800\" height=\"600\" srcset=\"https:\/\/vocesparalelas.com.ar\/sitio\/wp-content\/uploads\/2022\/07\/CUIM-02.jpg 800w, https:\/\/vocesparalelas.com.ar\/sitio\/wp-content\/uploads\/2022\/07\/CUIM-02-300x225.jpg 300w, https:\/\/vocesparalelas.com.ar\/sitio\/wp-content\/uploads\/2022\/07\/CUIM-02-768x576.jpg 768w\" sizes=\"auto, (max-width: 800px) 100vw, 800px\" \/><\/p>\n<p>&nbsp;<\/p>\n<p><img loading=\"lazy\" decoding=\"async\" class=\"alignnone size-large wp-image-15100\" src=\"https:\/\/vocesparalelas.com.ar\/sitio\/wp-content\/uploads\/2018\/09\/FFHA-ESCUELA-DE-MUSICA-02-800x600.jpg\" alt=\"\" width=\"800\" height=\"600\" srcset=\"https:\/\/vocesparalelas.com.ar\/sitio\/wp-content\/uploads\/2018\/09\/FFHA-ESCUELA-DE-MUSICA-02-800x600.jpg 800w, https:\/\/vocesparalelas.com.ar\/sitio\/wp-content\/uploads\/2018\/09\/FFHA-ESCUELA-DE-MUSICA-02-300x225.jpg 300w, https:\/\/vocesparalelas.com.ar\/sitio\/wp-content\/uploads\/2018\/09\/FFHA-ESCUELA-DE-MUSICA-02-768x576.jpg 768w, https:\/\/vocesparalelas.com.ar\/sitio\/wp-content\/uploads\/2018\/09\/FFHA-ESCUELA-DE-MUSICA-02.jpg 1000w\" sizes=\"auto, (max-width: 800px) 100vw, 800px\" \/><\/p>\n<div class=\"box-text\">\n<p>\u201cCuando comenzamos nuestra gesti\u00f3n, en 2021, detectamos que el dominio de estos inmuebles no estaba a nombre de la Universidad, por lo tanto, se iniciaron gestiones en 2022. La Secretar\u00eda de Obras y Servicios de nuestra Universidad comenz\u00f3 a desempolvar t\u00edtulos y propiedades. Con esa documentaci\u00f3n tom\u00f3 parte la Direcci\u00f3n General de Organizaci\u00f3n, dependiente de Rectorado, y se iniciaron las gestiones pertinentes con la Legislatura Provincial\u201d.<\/p>\n<p>\u00abEsa documentaci\u00f3n pas\u00f3 a Comisiones dentro de la Legislatura local y finalmente hubo dictamen favorable para que la Provincia ceda a la Universidad Nacional de San Juan el predio de 15 hect\u00e1reas del Departamento Rivadavia. Donde se emplazan la Facultad de Ciencias Sociales, la Facultad de Ciencias\u00a0\u00a0Exactas, F\u00edsicas y Naturales, la Facultad de Arquitectura, Urbanismo y Dise\u00f1o y parte de la Facultad de Filosof\u00eda, Humanidades y Artes y el lote de 2 mil metros cuadrados de la Escuela de M\u00fasica, cercana al Auditorio \u201cJuan Victoria\u201d.<\/p>\n<p>\u201cEl Vicegobernador, Dr. Fabi\u00e1n Mart\u00edn a trav\u00e9s del \u00e1rea de Protocolo nos ha invitado para que participemos este jueves 15 de agosto del acto de sesi\u00f3n en la Legislatura\u201d.<\/p>\n<p>\u00abCuando se cre\u00f3 la Universidad Nacional de San Juan en 1973, el predio del CUIM fue donado por el Gobierno de San Juan a la Naci\u00f3n, luego de avatares que hubo, esa donaci\u00f3n a la naci\u00f3n no prosper\u00f3 y luego, no hubo muchas inquietudes de avanzar en esto. Consideramos que es fundamental que tengamos la titularidad de nuestros dominios puesto que ah\u00ed est\u00e1 asentada buena parte del sistema universitario p\u00fablico sanjuanino. Estamos felices de mostrar un acto m\u00e1s de gesti\u00f3n en esta Universidad\u201d &#8211; record\u00f3 el Rector de la UNSJ, Ing. Tadeo Berenguer.<\/p>\n<p>Por su parte, el director General de Organizaci\u00f3n de la UNSJ, Lic. Vicente Gr\u00e9gori,\u00a0 destac\u00f3 que \u00abambos proyectos de la Legislatura tienen el objetivo de regularizar el dominio de dos hist\u00f3ricos bienes, de los cuales la Universidad tiene posesi\u00f3n pr\u00e1cticamente desde su creaci\u00f3n en 1973\u00bb.<\/p>\n<p>En tanto, DG Nicol\u00e1s Corasa subray\u00f3 que \u00aben 2022 tomaron en esa dependencia conocimiento del tema por requerimiento de la Secretar\u00eda de Obras y Servicios y del Rector. El Golpe de Estado de 1976 termin\u00f3 complicando los tr\u00e1mites administrativos; luego, el problema de los terrenos no fue detectado hasta que en 2021 esta gesti\u00f3n resolvi\u00f3 avanzar en la soluci\u00f3n\u00bb.<\/p>\n<figure id=\"attachment_75793\" aria-describedby=\"caption-attachment-75793\" style=\"width: 800px\" class=\"wp-caption alignnone\"><img loading=\"lazy\" decoding=\"async\" class=\"size-full wp-image-75793\" src=\"https:\/\/vocesparalelas.com.ar\/sitio\/wp-content\/uploads\/2024\/08\/UNSJ-GREGORI-CORASA.jpg\" alt=\"\" width=\"800\" height=\"533\" srcset=\"https:\/\/vocesparalelas.com.ar\/sitio\/wp-content\/uploads\/2024\/08\/UNSJ-GREGORI-CORASA.jpg 800w, https:\/\/vocesparalelas.com.ar\/sitio\/wp-content\/uploads\/2024\/08\/UNSJ-GREGORI-CORASA-300x200.jpg 300w, https:\/\/vocesparalelas.com.ar\/sitio\/wp-content\/uploads\/2024\/08\/UNSJ-GREGORI-CORASA-768x512.jpg 768w\" sizes=\"auto, (max-width: 800px) 100vw, 800px\" \/><figcaption id=\"caption-attachment-75793\" class=\"wp-caption-text\">Director General de Organizaci\u00f3n de la UNSJ, Lic. Vicente Gr\u00e9gori junto al DG Nicol\u00e1s Corasa<\/figcaption><\/figure>\n<p><img loading=\"lazy\" decoding=\"async\" class=\"alignnone size-full wp-image-54097\" src=\"https:\/\/vocesparalelas.com.ar\/sitio\/wp-content\/uploads\/2022\/11\/UNSJ-EDIFICIO.jpg\" alt=\"\" width=\"800\" height=\"600\" srcset=\"https:\/\/vocesparalelas.com.ar\/sitio\/wp-content\/uploads\/2022\/11\/UNSJ-EDIFICIO.jpg 800w, https:\/\/vocesparalelas.com.ar\/sitio\/wp-content\/uploads\/2022\/11\/UNSJ-EDIFICIO-300x225.jpg 300w, https:\/\/vocesparalelas.com.ar\/sitio\/wp-content\/uploads\/2022\/11\/UNSJ-EDIFICIO-768x576.jpg 768w\" sizes=\"auto, (max-width: 800px) 100vw, 800px\" \/><\/p>\n<\/div>\n<div class=\"box-slide\">\n<div class=\"title\">\n<h4><\/h4>\n<\/div>\n<\/div>\n","protected":false},"excerpt":{"rendered":"<p>El Jueves, 15 de Agosto, a las 9 horas, la C\u00e1mara de Diputados de San Juan debatir\u00e1 en el recinto<\/p>\n","protected":false},"author":3,"featured_media":75794,"comment_status":"closed","ping_status":"closed","sticky":false,"template":"","format":"standard","meta":{"_acf_changed":false,"_seopress_robots_primary_cat":"none","_seopress_titles_title":"","_seopress_titles_desc":"","_seopress_robots_index":"","colormag_page_container_layout":"default_layout","colormag_page_sidebar_layout":"default_layout","footnotes":""},"categories":[10],"tags":[],"class_list":["post-75790","post","type-post","status-publish","format-standard","has-post-thumbnail","hentry","category-opiniones"],"acf":[],"_links":{"self":[{"href":"https:\/\/vocesparalelas.com.ar\/sitio\/wp-json\/wp\/v2\/posts\/75790","targetHints":{"allow":["GET"]}}],"collection":[{"href":"https:\/\/vocesparalelas.com.ar\/sitio\/wp-json\/wp\/v2\/posts"}],"about":[{"href":"https:\/\/vocesparalelas.com.ar\/sitio\/wp-json\/wp\/v2\/types\/post"}],"author":[{"embeddable":true,"href":"https:\/\/vocesparalelas.com.ar\/sitio\/wp-json\/wp\/v2\/users\/3"}],"replies":[{"embeddable":true,"href":"https:\/\/vocesparalelas.com.ar\/sitio\/wp-json\/wp\/v2\/comments?post=75790"}],"version-history":[{"count":1,"href":"https:\/\/vocesparalelas.com.ar\/sitio\/wp-json\/wp\/v2\/posts\/75790\/revisions"}],"predecessor-version":[{"id":75795,"href":"https:\/\/vocesparalelas.com.ar\/sitio\/wp-json\/wp\/v2\/posts\/75790\/revisions\/75795"}],"wp:featuredmedia":[{"embeddable":true,"href":"https:\/\/vocesparalelas.com.ar\/sitio\/wp-json\/wp\/v2\/media\/75794"}],"wp:attachment":[{"href":"https:\/\/vocesparalelas.com.ar\/sitio\/wp-json\/wp\/v2\/media?parent=75790"}],"wp:term":[{"taxonomy":"category","embeddable":true,"href":"https:\/\/vocesparalelas.com.ar\/sitio\/wp-json\/wp\/v2\/categories?post=75790"},{"taxonomy":"post_tag","embeddable":true,"href":"https:\/\/vocesparalelas.com.ar\/sitio\/wp-json\/wp\/v2\/tags?post=75790"}],"curies":[{"name":"wp","href":"https:\/\/api.w.org\/{rel}","templated":true}]}}