{"id":75786,"date":"2024-08-14T13:49:21","date_gmt":"2024-08-14T16:49:21","guid":{"rendered":"https:\/\/vocesparalelas.com.ar\/sitio\/?p=75786"},"modified":"2024-08-14T13:49:21","modified_gmt":"2024-08-14T16:49:21","slug":"se-desarrolla-la-septima-sesion-de-la-camara-de-diputados-de-san-juan","status":"publish","type":"post","link":"https:\/\/vocesparalelas.com.ar\/sitio\/se-desarrolla-la-septima-sesion-de-la-camara-de-diputados-de-san-juan\/","title":{"rendered":"Se desarrolla la S\u00e9ptima Sesi\u00f3n de la C\u00e1mara de Diputados de San Juan"},"content":{"rendered":"<p>El Jueves, 15 de Agosto, a las 9 horas, la C\u00e1mara de Diputados de San Juan debatir\u00e1 en el recinto los proyectos de Ley presentados por el Poder Ejecutivo y el bloque La Libertad Avanza que proponen la adhesi\u00f3n al T\u00edtulo VII R\u00e9gimen de Incentivo para grandes inversiones (RIGE), regulado por la Ley Nacional N\u00b0 27.742.<\/p>\n<p>Adem\u00e1s, el cuerpo legislativo tratar\u00e1 dos proyectos de Ley presentados por el interbloque Cambia San Juan que proponen, por un lado, la transferencia de un inmueble propiedad de la provincia en favor de la Universidad Nacional de San Juan; y por el otro, la modificaci\u00f3n de la Ley N\u00ba 1984-P, que instituye la distinci\u00f3n \u201cMenci\u00f3n de Honor Maestro Mario P\u00e9rez\u201d.<\/p>\n<p><strong><span style=\"color: #666699;\">Asimismo, pondr\u00e1n a consideraci\u00f3n diversos proyectos de Resoluci\u00f3n que proponen declarar de inter\u00e9s:<\/span><\/strong><\/p>\n<ul>\n<li>Las actividades a realizarse en el marco del \u00abConcurso Fotogr\u00e1fico Chimbas Te Cuida. Prevengamos Los Siniestros Viales\u00bb.<\/li>\n<li>\u201cEncuentro Binacional Anual entre el Club Defensores del Este\u201d, departamento Caucete.<\/li>\n<li>Las actividades de las \u201cJornadas Regionales de Estudios Hist\u00f3ricos de la Diversidad Religiosa\u201d.<\/li>\n<li>\u201cCentenario del Club Sportivo Rivadavia-La Bebida\u201d.<\/li>\n<li>La \u201c7\u00ba Copa Argentina de Master V\u00f3ley\u201d.<\/li>\n<li>El \u201c1\u00ba Congreso Nacional de Tendencias Educativas Actuales, Gesti\u00f3n y Organizaci\u00f3n Institucional del Aula hacia la Sociedad\u00bb.<\/li>\n<li>La Temporada Oficial de Ciclismo de Pista a\u00f1o 2024, organizada por los Clubes Afiliados a la Federaci\u00f3n Ciclista Sanjuanina.<\/li>\n<li>Las actividades de la Semana de la Nutrici\u00f3n, bajo el lema \u00abNutrici\u00f3n para todos, accesibilidad y sustentabilidad alimentaria\u00bb.<\/li>\n<li>Las actividades que se realizan con motivo de la presentaci\u00f3n del libro \u00abLa Hermana oculta de Sarmiento: Procesa\u00bb de la Magister Lic. Liz Clavel en el Museo Casa Natal de Sarmiento.<\/li>\n<li>La participaci\u00f3n de los deportistas Sanjuaninos integrantes de la Delegaci\u00f3n Argentina, Agust\u00edn Bugallo (hockey sobre c\u00e9sped) Gonzalo Molina (BMX), Bruno Lima (v\u00f3ley) y Mat\u00edas S\u00e1nchez (v\u00f3ley), en la cita m\u00e1xima del deporte mundial, los Juegos Ol\u00edmpicos Paris 2024.<\/li>\n<li>El Simposio de actualizaci\u00f3n sobre archiv\u00edstica, a realizarse en el Auditorio Eloy P. Camus.<\/li>\n<li>El \u00abPrograma Nutrici\u00f3n en Vivo\u00bb, el \u00abPrograma Cosechando Buenos H\u00e1bitos\u00bb, la \u00abCampa\u00f1a Alimentando Voluntades\u00bb y la actividad \u00abEleg\u00ed ser Saludable\u00bb a realizarse en el Teatro Municipal de San Juan.<\/li>\n<li>El Musical Infantil \u00abSo Ma\u00f1ec\u00bb del Coro de Ni\u00f1os \u00abLos Jilgueritos\u00bb de la Universidad Nacional de San Juan.<\/li>\n<li>Las \u00abJornadas en conmemoraci\u00f3n a los 200 a\u00f1os del exilio del General Jos\u00e9 de San Martin\u00bb organizada por la Junta de Estudios Hist\u00f3ricos de San Juan y el Instituto de Historia Regional y Argentina perteneciente a la Facultad de Filosof\u00eda Humanidades y Artes de la Universidad Nacional de San Juan.<\/li>\n<li>La celebraci\u00f3n por el d\u00eda de Roque Patrono del Distrito Tudcum en el Departamento Iglesia.<\/li>\n<li>Las actividades que se llevan a cabo con motivo de conmemorarse el 116\u00b0 aniversario del departamento Rivadavia.<\/li>\n<\/ul>\n<p>Adem\u00e1s, la Legislatura tratar\u00e1 sobre tablas un proyecto de Ley remitido por el Poder Ejecutivo que propone ratificar el Convenio Marco: \u00abPrograma Provincial de Pavimentos Urbanos 2024\u201d firmado entre la Provincia de San Juan, el Ministerio de Infraestructura, Agua y Energ\u00eda y la Direcci\u00f3n General de Vialidad Provincial, por una parte; y por otra, los Municipios de la Provincia de San Juan.<\/p>\n<p><span style=\"color: #666699;\"><strong>Proyectos presentados que ingresan a comisiones<\/strong><\/span><\/p>\n<p>En la S\u00e9ptima Sesi\u00f3n del periodo ordinario tomar\u00e1n estado parlamentario los siguientes proyectos de Ley que proponen:<\/p>\n<ul>\n<li>Aprobaci\u00f3n de la Adenda al convenio marco, Compromiso de Trabajo Peri\u00f3dico-Anexo 1, suscripto entre la Agencia Nacional de Discapacidad de la Naci\u00f3n (ANDIS) y el Gobierno de la provincia de San Juan. (Poder Ejecutivo- Comisiones: Legislaci\u00f3n y Asuntos Constitucionales\/ Salud y Discapacidad).<\/li>\n<li>Aprobaci\u00f3n, el Convenio Marco de Cooperaci\u00f3n suscripto entre el Ministerio de Salud de la Provincia y la Universidad FASTA de la Fraternidad de Agrupaciones Santo Tom\u00e1s de Aquino. (Poder Ejecutivo- Comisiones: Legislaci\u00f3n y Asuntos Constitucionales\/ Salud y Discapacidad).<\/li>\n<li>Aprobaci\u00f3n, la Segunda Adenda al Convenio de Bonificaci\u00f3n de Tasas de Inter\u00e9s, celebrado entre el Gobierno de la provincia de San Juan y el Banco de la Naci\u00f3n Argentina. (Poder Ejecutivo- Comisiones: Legislaci\u00f3n y Asuntos Constitucionales\/ Hacienda y Presupuesto).<\/li>\n<li>Modificar el art\u00edculo 420 de la Ley N\u00b0 1851-O, C\u00f3digo Procesal Penal. (Corte de Justicia- Comisiones: Legislaci\u00f3n y Asuntos Constitucionales\/Justicia y Seguridad).<\/li>\n<li>Ratificaci\u00f3n del Convenio Programa de Asistencia para una Miner\u00eda Sustentable, celebrado entre el Gobierno de la provincia de San Juan y el Consejo Federal de Inversiones (CFI). (Poder Ejecutivo- Comisiones: Legislaci\u00f3n y Asuntos Constitucionales\/ Hacienda y Presupuesto\/ Miner\u00eda y Energ\u00eda).<\/li>\n<li>Instituir el 25 de julio de cada a\u00f1o, como el D\u00eda Provincial para la prevenci\u00f3n del ahogamiento y la promoci\u00f3n de pr\u00e1cticas seguras en ambientes acu\u00e1ticos. (Interbloque Cambia San Juan- Comisiones: Legislaci\u00f3n y Asuntos Constitucionales\/\uf0b7 Salud y Discapacidad).<\/li>\n<li>Modificar la Ley N\u00b0 939-P, que instituye el Premio \u201cObras de Periodistas Sanjuaninos\u201d. (Interbloque Cambia San Juan \u2013 Comisiones: Legislaci\u00f3n y Asuntos Constitucionales\/ Educaci\u00f3n, Ciencia y Cultura).<\/li>\n<li>Instituir el d\u00eda 28 de Julio de cada a\u00f1o, como D\u00eda Provincial de la Concientizaci\u00f3n del Trastorno del D\u00e9ficit de Atenci\u00f3n e Hiperactividad (TDAH). (Interbloque Cambia San Juan- Comisiones: Legislaci\u00f3n y Asuntos Constitucionales\/ Salud y Discapacidad).<\/li>\n<li>Adherir a la Ley Nacional N\u00b0 27.372, Ley de Derechos y Garant\u00edas de las Personas V\u00edctimas de Delitos. (Bloque Justicialista- Comisiones: Legislaci\u00f3n y Asuntos Constitucionales\/ Justicia y Seguridad\/ Derechos Humanos y Garant\u00edas).<\/li>\n<li>Instituir el D\u00eda Provincial del Archivista. (Interbloque Cambia San Juan- Comisiones: Legislaci\u00f3n y Asuntos Constitucionales\/ Educaci\u00f3n, Ciencia, T\u00e9cnica y Cultura).<\/li>\n<li>Crear el Programa de Pr\u00e1ctica Deportiva Comunitaria, en establecimientos educativos p\u00fablicos de gesti\u00f3n estatal de todo el territorio de la Provincia. (Bloque Justicialista- Comisiones: Legislaci\u00f3n y Asuntos Constitucionales\/ Educaci\u00f3n, Ciencia, T\u00e9cnica y Cultura\/ Deporte y Turismo).<\/li>\n<\/ul>\n<p><strong><span style=\"color: #666699;\">Por otro lado, ingresar\u00e1n a comisiones para su estudio los siguientes proyectos de Resoluci\u00f3n que proponen declarar de inter\u00e9s:<\/span><\/strong><\/p>\n<ul>\n<li>El documental titulado \u00abLleg\u00f3 la alegr\u00eda, llego el amor\u00bb. (Bloque San Juan Te Quiero- Comisi\u00f3n: Educaci\u00f3n, Ciencia, T\u00e9cnica y Cultura).<\/li>\n<li>El VII Simposio de la Enfermedad de Chagas. (Bloque Justicialista- A su antecedente).<\/li>\n<li>El evento denominado \u00abSeminario de Rotary para L\u00edderes J\u00f3venes (RYLA). (Interbloque Cambia San Juan- Comisi\u00f3n: Educaci\u00f3n, Ciencia, T\u00e9cnica y Cultura).<\/li>\n<li>El \u00abLX Encuentro Nacional de Directores de Museos de la Rep\u00fablica Argentina\u00bb. (Interbloque Cambia San Juan- Comisi\u00f3n: Educaci\u00f3n, Ciencia, T\u00e9cnica y Cultura).<\/li>\n<li>El Primer Rally de las Estrellas de Barreal. (Interbloque Cambia San Juan- Comisi\u00f3n: Deporte y Turismo).<\/li>\n<li>El espect\u00e1culo musical \u00abDemonios\u00bb. (Interbloque Cambia San Juan- Comisi\u00f3n: Educaci\u00f3n, Ciencia, T\u00e9cnica y Cultura).<\/li>\n<li>El Primer Congreso sobre la profesi\u00f3n docente \u00abLos Retos Emergentes en Contextos Din\u00e1micos\u00bb. (Interbloque Cambia San Juan- Comisi\u00f3n: Educaci\u00f3n, Ciencia, T\u00e9cnica y Cultura).<\/li>\n<li>La actividad institucional \u00abRepresentaci\u00f3n de un Modelo de Naciones Unidas\u00bb. (Interbloque Cambia San Juan- Comisi\u00f3n: Educaci\u00f3n, Ciencia, T\u00e9cnica y Cultura).<\/li>\n<li>Las \u201cJornadas sobre Psicopedagog\u00eda en Salud\u201d. (Interbloque Cambia San Juan- Comisi\u00f3n: Salud y Discapacidad).<\/li>\n<li>La Fiesta en Honor a Santa Rosa de Lima. (Bloque Justicialista- Comisi\u00f3n: Educaci\u00f3n, Ciencia, T\u00e9cnica y Cultura).<\/li>\n<\/ul>\n<p>Asimismo, tomar\u00e1 estado parlamentario un proyecto de Declaraci\u00f3n presentado por el bloque La Libertad Avanza- ADN-, por el que manifiesta su en\u00e9rgico repudio al accionar de Nicol\u00e1s Maduro Moros (Comisi\u00f3n: Relaciones Interlegislativas e Internacionales).<\/p>\n<p>Adem\u00e1s, ingresar\u00e1n a la comisi\u00f3n de Hacienda y Presupuesto dos proyectos de comunicaci\u00f3n presentados por el bloque Justicialista que solicitan al Poder Ejecutivo arbitre ante del Banco San Juan la instalaci\u00f3n de cajeros autom\u00e1ticos en los departamentos Albard\u00f3n y Valle F\u00e9rtil.<\/p>\n<p><strong><span style=\"color: #666699;\">Por \u00faltimo, el cuerpo legislativo tomar\u00e1 conocimiento de las siguientes comunicaciones oficiales y particulares presentadas por:<\/span><\/strong><\/p>\n<ul>\n<li>Ente Provincial Regulador de la Electricidad (EPRE), por la que eleva informe t\u00e9cnico correspondiente a los montos facturados, percibidos y depositados en concepto de aportes al Fondo Especial para la L\u00ednea de Interconexi\u00f3n en 500kV entre Mendoza y San Juan del periodo a\u00f1o 2023, Ley N\u00b0 789-A.<\/li>\n<li>La C\u00e1mara Hotelera Gastron\u00f3mica de San Juan por la que manifiesta el apoyo al R\u00e9gimen de Incentivo a las Grandes Inversiones (RIGI).<\/li>\n<li>La secretar\u00eda letrada de la Defensor\u00eda del Pueblo por la que remite copia certificada de la Resoluci\u00f3n 14.790 del a\u00f1o 2024.<\/li>\n<li>La C\u00e1mara de Servicios Mineros (CASEMI) de la provincia de San Juan por la que se solicita la inmediata adhesi\u00f3n al R\u00e9gimen de Incentivos de Grandes Inversiones (RIGI).<\/li>\n<li>El Colegio Argentino de Ingenieros en Minas (CADIM), por la que se solicita la inmediata adhesi\u00f3n al R\u00e9gimen de Incentivos de Grandes Inversiones (RIGI).<\/li>\n<li>La C\u00e1mara de Empresas Perforistas de San Juan (CAPERFO), por la que se solicita la inmediata adhesi\u00f3n al R\u00e9gimen de Incentivos de Grandes Inversiones (RIGI).<\/li>\n<li>La C\u00e1mara de Proveedores de Servicios Mineros de J\u00e1chal (CAPSEMIJA), por la que se solicita la inmediata adhesi\u00f3n al R\u00e9gimen de Incentivos de Grandes Inversiones (RIGI).<\/li>\n<li>La C\u00e1mara de Prestadores Mineros de Iglesia (CAPRESMI), por la que se solicita la inmediata adhesi\u00f3n al R\u00e9gimen de Incentivos de Grandes Inversiones (RIGI).<\/li>\n<li>El Consejo Profesional de Ciencias Geol\u00f3gicas de San Juan (CPCGSJ), por la que solicita la inmediata adhesi\u00f3n al R\u00e9gimen de Incentivos de Grandes Inversiones (RIGI).<\/li>\n<li>El Consejo de Profesionales en Ciencias Biol\u00f3gicas de San Juan (CPCBSJ), por la que solicita la inmediata adhesi\u00f3n al R\u00e9gimen de Incentivos de Grandes Inversiones (RIGI).<\/li>\n<li>La C\u00e1mara de Empresas de Tecnolog\u00eda y Comunicaciones, (CASETIC), por la que solicita la inmediata adhesi\u00f3n al R\u00e9gimen de Incentivo de Grandes Inversiones (RIGI).<\/li>\n<li>La C\u00e1mara Minera de San Juan, por la que solicita la inmediata adhesi\u00f3n al R\u00e9gimen de Incentivo de Grandes Inversiones (RIGI).<\/li>\n<li>La C\u00e1mara Argentina de la Construcci\u00f3n- Delegaci\u00f3n San Juan, por la que solicita la inmediata adhesi\u00f3n al R\u00e9gimen de Incentivo de Grandes Inversiones (RIGI).<\/li>\n<li>La Uni\u00f3n Industrial de San Juan, por la que solicita la inmediata adhesi\u00f3n al R\u00e9gimen de Incentivo de Grandes Inversiones (RIGI).<\/li>\n<li>La C\u00e1mara de Comercio Exterior de San Juan, por la que manifiesta su adhesi\u00f3n al R\u00e9gimen de Incentivo a las Grandes Inversiones (RIGI).<\/li>\n<li>Los Dirigentes de la Central de Trabajadores Aut\u00f3noma (CTA) de la Argentina seccional San Juan y el Sindicato de Operadores de Maquinaria pesada de la Rep\u00fablica Argentina (SOMPRA), por la que solicita la inmediata adhesi\u00f3n al R\u00e9gimen de Incentivo de Grandes Inversiones (RIGI) y garantizar la contrataci\u00f3n de trabajadores sanjuaninos.<\/li>\n<li>La C\u00e1mara Empresarial de la Construcci\u00f3n de San Juan (CAEMCO), por la que solicita la inmediata adhesi\u00f3n al R\u00e9gimen de Incentivo de Grandes Inversiones (RIGI).<\/li>\n<li>ARMOAR S.R.L. (Arte, Moda, Turismo), por la que se solicita se declare de inter\u00e9s el Evento Senderos de la Moda 1\u00ba Edici\u00f3n San Juan- Primavera\/Verano 2024.<\/li>\n<li>La Universidad Nacional de San Juan, por la que se solicita se declare de inter\u00e9s, al \u00abTaller Anual del Sistema de Informaci\u00f3n Universitaria (SIU) 2024\u00bb.<\/li>\n<li>El presidente de la filial San Juan de la Sociedad Argentina de Escritores (SADE) y por el abogado encargado del espacio educativo para artistas @abogadosdelart, por la que solicitan aval para el proyecto Ciclo de Charlas \u00abDerecho de Autor para Autores\u00bb.<\/li>\n<li>El Partido del Trabajo y del Pueblo por el que presenta informe sobre el R\u00e9gimen de Incentivo de Grandes Inversiones (RIGI).<\/li>\n<li>La Magister Lylia Judith Raffo, presidentede la Asociaci\u00f3n Civil Ruta del Algarrobo: Sabores, Aromas, Colores (ARASAC), por la que solicita que las Estaciones Coll y Angaco Sud, ubicadas en el departamento San Mart\u00edn, sean declaradas Patrimonio Arquitect\u00f3nico Hist\u00f3rico Cultural.<\/li>\n<li>La C\u00e1mara Empresaria de Calingasta (CAEMCA), por la que solicita la inmediata adhesi\u00f3n al R\u00e9gimen de Incentivo de Grandes Inversiones (RIGI).<\/li>\n<li>Comunicaci\u00f3n particular remitida por la Facultad de Ingenier\u00eda de la<\/li>\n<li>Universidad Nacional de San Juan, por la que solicita acompa\u00f1ar el debate de<\/li>\n<li>adhesi\u00f3n al R\u00e9gimen de Incentivo de Grandes Inversiones (RIGI).<\/li>\n<li>La Sra. Claudia Rold\u00e1n y otros, por la que solicita participar en el tratamiento de adhesi\u00f3n de la Provincia al R\u00e9gimen de Incentivo a Grandes Inversiones (RIGI).<\/li>\n<li>El Colegio Profesional de Psicopedagogos de San Juan, por el que solicita declarar de inter\u00e9s la Jornada sobre Psicopedagog\u00eda en Salud.<\/li>\n<li>La Asociaci\u00f3n de Vi\u00f1ateros Independientes de San Juan, por la que presenta petitorio sobre la adhesi\u00f3n de la Provincia al R\u00e9gimen de Incentivo a Grandes Inversiones (RIGI).<\/li>\n<li>El Sindicato Jer\u00e1rquico Minero (ASEJIM), por la que solicita participar en el tratamiento de la adhesi\u00f3n de la Provincia al R\u00e9gimen de Incentivo a Grandes Inversiones (RIGI).<\/li>\n<li>La Uni\u00f3n Sindical de Metal y Miner\u00eda por la que solicita participar en la adhesi\u00f3n de la Provincia al R\u00e9gimen de Incentivo a Grandes Inversiones (RIGI).<\/li>\n<li>El Consejo Profesional de Ciencias Econ\u00f3micas, por la que presenta informe referido al R\u00e9gimen de Incentivo a Grandes Inversiones (RIGI).<\/li>\n<\/ul>\n<figure id=\"attachment_37951\" aria-describedby=\"caption-attachment-37951\" style=\"width: 800px\" class=\"wp-caption alignnone\"><img loading=\"lazy\" decoding=\"async\" class=\"size-full wp-image-37951\" src=\"https:\/\/vocesparalelas.com.ar\/sitio\/wp-content\/uploads\/2021\/05\/CAMARA-EDIFICIO.jpg\" alt=\"\" width=\"800\" height=\"515\" srcset=\"https:\/\/vocesparalelas.com.ar\/sitio\/wp-content\/uploads\/2021\/05\/CAMARA-EDIFICIO.jpg 800w, https:\/\/vocesparalelas.com.ar\/sitio\/wp-content\/uploads\/2021\/05\/CAMARA-EDIFICIO-300x193.jpg 300w, https:\/\/vocesparalelas.com.ar\/sitio\/wp-content\/uploads\/2021\/05\/CAMARA-EDIFICIO-768x494.jpg 768w\" sizes=\"auto, (max-width: 800px) 100vw, 800px\" \/><figcaption id=\"caption-attachment-37951\" class=\"wp-caption-text\">Legislatura Provincial de San Juan, Rep\u00fablica Argentina<\/figcaption><\/figure>\n","protected":false},"excerpt":{"rendered":"<p>El Jueves, 15 de Agosto, a las 9 horas, la C\u00e1mara de Diputados de San Juan debatir\u00e1 en el recinto<\/p>\n","protected":false},"author":3,"featured_media":8062,"comment_status":"closed","ping_status":"closed","sticky":false,"template":"","format":"standard","meta":{"_acf_changed":false,"_seopress_robots_primary_cat":"none","_seopress_titles_title":"","_seopress_titles_desc":"","_seopress_robots_index":"","colormag_page_container_layout":"default_layout","colormag_page_sidebar_layout":"default_layout","footnotes":""},"categories":[1],"tags":[],"class_list":["post-75786","post","type-post","status-publish","format-standard","has-post-thumbnail","hentry","category-destacadas"],"acf":[],"_links":{"self":[{"href":"https:\/\/vocesparalelas.com.ar\/sitio\/wp-json\/wp\/v2\/posts\/75786","targetHints":{"allow":["GET"]}}],"collection":[{"href":"https:\/\/vocesparalelas.com.ar\/sitio\/wp-json\/wp\/v2\/posts"}],"about":[{"href":"https:\/\/vocesparalelas.com.ar\/sitio\/wp-json\/wp\/v2\/types\/post"}],"author":[{"embeddable":true,"href":"https:\/\/vocesparalelas.com.ar\/sitio\/wp-json\/wp\/v2\/users\/3"}],"replies":[{"embeddable":true,"href":"https:\/\/vocesparalelas.com.ar\/sitio\/wp-json\/wp\/v2\/comments?post=75786"}],"version-history":[{"count":1,"href":"https:\/\/vocesparalelas.com.ar\/sitio\/wp-json\/wp\/v2\/posts\/75786\/revisions"}],"predecessor-version":[{"id":75789,"href":"https:\/\/vocesparalelas.com.ar\/sitio\/wp-json\/wp\/v2\/posts\/75786\/revisions\/75789"}],"wp:featuredmedia":[{"embeddable":true,"href":"https:\/\/vocesparalelas.com.ar\/sitio\/wp-json\/wp\/v2\/media\/8062"}],"wp:attachment":[{"href":"https:\/\/vocesparalelas.com.ar\/sitio\/wp-json\/wp\/v2\/media?parent=75786"}],"wp:term":[{"taxonomy":"category","embeddable":true,"href":"https:\/\/vocesparalelas.com.ar\/sitio\/wp-json\/wp\/v2\/categories?post=75786"},{"taxonomy":"post_tag","embeddable":true,"href":"https:\/\/vocesparalelas.com.ar\/sitio\/wp-json\/wp\/v2\/tags?post=75786"}],"curies":[{"name":"wp","href":"https:\/\/api.w.org\/{rel}","templated":true}]}}