{"id":75782,"date":"2024-08-14T13:40:15","date_gmt":"2024-08-14T16:40:15","guid":{"rendered":"https:\/\/vocesparalelas.com.ar\/sitio\/?p=75782"},"modified":"2024-08-15T01:11:00","modified_gmt":"2024-08-15T04:11:00","slug":"sumate-a-participar-del-dia-nacional-de-la-solidaridad-en-san-juan","status":"publish","type":"post","link":"https:\/\/vocesparalelas.com.ar\/sitio\/sumate-a-participar-del-dia-nacional-de-la-solidaridad-en-san-juan\/","title":{"rendered":"Sumate a participar del D\u00eda Nacional de la Solidaridad en San Juan"},"content":{"rendered":"<p>El Ministerio de Gobierno de San Juan invita a todas las organizaciones inscriptas en el Registro \u00danico de Culto y ONGs (R.U.C.O) a participar en la conmemoraci\u00f3n del D\u00eda Nacional de la Solidaridad, pensando un evento que agrupe con el mismo fin.<\/p>\n<p>En el marco del D\u00eda Nacional de la Solidaridad, que se celebra el 26 de agosto, el Ministerio de Gobierno extiende una invitaci\u00f3n especial a todas las organizaciones inscriptas en el Registro \u00danico de Culto y ONGs de la provincia a ser parte de esta significativa jornada, inspirada por el nacimiento de la Madre Teresa de Calcuta.<\/p>\n<p>Las organizaciones interesadas en participar deben confirmar su asistencia los d\u00edas mi\u00e9rcoles 14 y jueves 15 por la oficina de la Direcci\u00f3n de Cultos y ONG, ubicada en Centro C\u00edvico Provincial \u2013 3\u00b0 Piso N\u00facleo 8, en horario de 8 a 14.<\/p>\n<p><strong><span style=\"color: #ff6600;\">V\u00edas de contacto<\/span><\/strong><\/p>\n<ul>\n<li>V\u00eda telef\u00f3nica: 0264 4307200\/4307201\/4307202\/ 4307206 de 8:00hs. a 14:00hs<\/li>\n<li>Mail:\u00a0<span id=\"cloakd25c9f2f4f56a8af8d09100cbd318d10\"><a href=\"mailto:cultoyong@sanjuan.gov.ar\">cultoyong@sanjuan.gov.ar<\/a><\/span><\/li>\n<\/ul>\n<p><img loading=\"lazy\" decoding=\"async\" class=\"alignnone size-full wp-image-65642\" src=\"https:\/\/vocesparalelas.com.ar\/sitio\/wp-content\/uploads\/2023\/11\/GOBIERNO-SAN-JUAN.jpg\" alt=\"\" width=\"800\" height=\"600\" srcset=\"https:\/\/vocesparalelas.com.ar\/sitio\/wp-content\/uploads\/2023\/11\/GOBIERNO-SAN-JUAN.jpg 800w, https:\/\/vocesparalelas.com.ar\/sitio\/wp-content\/uploads\/2023\/11\/GOBIERNO-SAN-JUAN-300x225.jpg 300w, https:\/\/vocesparalelas.com.ar\/sitio\/wp-content\/uploads\/2023\/11\/GOBIERNO-SAN-JUAN-768x576.jpg 768w\" sizes=\"auto, (max-width: 800px) 100vw, 800px\" \/><\/p>\n","protected":false},"excerpt":{"rendered":"<p>El Ministerio de Gobierno de San Juan invita a todas las organizaciones inscriptas en el Registro \u00danico de Culto y<\/p>\n","protected":false},"author":3,"featured_media":55586,"comment_status":"closed","ping_status":"closed","sticky":false,"template":"","format":"standard","meta":{"_acf_changed":false,"_seopress_robots_primary_cat":"none","_seopress_titles_title":"","_seopress_titles_desc":"","_seopress_robots_index":"","colormag_page_container_layout":"default_layout","colormag_page_sidebar_layout":"default_layout","footnotes":""},"categories":[2],"tags":[],"class_list":["post-75782","post","type-post","status-publish","format-standard","has-post-thumbnail","hentry","category-convocatorias"],"acf":[],"_links":{"self":[{"href":"https:\/\/vocesparalelas.com.ar\/sitio\/wp-json\/wp\/v2\/posts\/75782","targetHints":{"allow":["GET"]}}],"collection":[{"href":"https:\/\/vocesparalelas.com.ar\/sitio\/wp-json\/wp\/v2\/posts"}],"about":[{"href":"https:\/\/vocesparalelas.com.ar\/sitio\/wp-json\/wp\/v2\/types\/post"}],"author":[{"embeddable":true,"href":"https:\/\/vocesparalelas.com.ar\/sitio\/wp-json\/wp\/v2\/users\/3"}],"replies":[{"embeddable":true,"href":"https:\/\/vocesparalelas.com.ar\/sitio\/wp-json\/wp\/v2\/comments?post=75782"}],"version-history":[{"count":1,"href":"https:\/\/vocesparalelas.com.ar\/sitio\/wp-json\/wp\/v2\/posts\/75782\/revisions"}],"predecessor-version":[{"id":75785,"href":"https:\/\/vocesparalelas.com.ar\/sitio\/wp-json\/wp\/v2\/posts\/75782\/revisions\/75785"}],"wp:featuredmedia":[{"embeddable":true,"href":"https:\/\/vocesparalelas.com.ar\/sitio\/wp-json\/wp\/v2\/media\/55586"}],"wp:attachment":[{"href":"https:\/\/vocesparalelas.com.ar\/sitio\/wp-json\/wp\/v2\/media?parent=75782"}],"wp:term":[{"taxonomy":"category","embeddable":true,"href":"https:\/\/vocesparalelas.com.ar\/sitio\/wp-json\/wp\/v2\/categories?post=75782"},{"taxonomy":"post_tag","embeddable":true,"href":"https:\/\/vocesparalelas.com.ar\/sitio\/wp-json\/wp\/v2\/tags?post=75782"}],"curies":[{"name":"wp","href":"https:\/\/api.w.org\/{rel}","templated":true}]}}