{"id":75771,"date":"2024-08-14T13:33:54","date_gmt":"2024-08-14T16:33:54","guid":{"rendered":"https:\/\/vocesparalelas.com.ar\/sitio\/?p=75771"},"modified":"2024-08-14T13:36:27","modified_gmt":"2024-08-14T16:36:27","slug":"firmaron-tres-actas-complementarias-de-colaboracion-mutua-entre-el-gobierno-y-la-corte-de-justicia-de-san-juan","status":"publish","type":"post","link":"https:\/\/vocesparalelas.com.ar\/sitio\/firmaron-tres-actas-complementarias-de-colaboracion-mutua-entre-el-gobierno-y-la-corte-de-justicia-de-san-juan\/","title":{"rendered":"Firmaron tres actas complementarias de colaboraci\u00f3n mutua entre el Gobierno y la Corte de Justicia de San Juan"},"content":{"rendered":"<p>El gobernador de San Juan, Dr. Marcelo Orrego recibi\u00f3 la c\u00fapula de la Corte de Justicia de San Juan. Estuvieron en la reuni\u00f3n el presidente Dr. Marcelo Lima y los ministros Dra. Adriana Garc\u00eda Nieto; Dr. Daniel Olivares Yapur y Dr. Guillermo de Sanctis.<\/p>\n<p>Esta fue la primera reuni\u00f3n protocolar que realiz\u00f3 el gobernador Dr. Marcelo Orrego con la Corte a pleno. Adem\u00e1s, se llev\u00f3 a cabo la firma de tres actas complementarias.<\/p>\n<figure id=\"attachment_75776\" aria-describedby=\"caption-attachment-75776\" style=\"width: 800px\" class=\"wp-caption alignnone\"><img loading=\"lazy\" decoding=\"async\" class=\"wp-image-75776 size-full\" src=\"https:\/\/vocesparalelas.com.ar\/sitio\/wp-content\/uploads\/2024\/08\/ORREGO-JUSTICIA-03.jpg\" alt=\"\" width=\"800\" height=\"425\" srcset=\"https:\/\/vocesparalelas.com.ar\/sitio\/wp-content\/uploads\/2024\/08\/ORREGO-JUSTICIA-03.jpg 800w, https:\/\/vocesparalelas.com.ar\/sitio\/wp-content\/uploads\/2024\/08\/ORREGO-JUSTICIA-03-300x159.jpg 300w, https:\/\/vocesparalelas.com.ar\/sitio\/wp-content\/uploads\/2024\/08\/ORREGO-JUSTICIA-03-768x408.jpg 768w\" sizes=\"auto, (max-width: 800px) 100vw, 800px\" \/><figcaption id=\"caption-attachment-75776\" class=\"wp-caption-text\">Secretario General de la Gobernaci\u00f3n de San Juan, Lic. Emilio Achem<\/figcaption><\/figure>\n<p>&nbsp;<\/p>\n<p><img loading=\"lazy\" decoding=\"async\" class=\"alignnone size-full wp-image-75775\" src=\"https:\/\/vocesparalelas.com.ar\/sitio\/wp-content\/uploads\/2024\/08\/ORREGO-JUSTICIA-02.jpg\" alt=\"\" width=\"800\" height=\"450\" srcset=\"https:\/\/vocesparalelas.com.ar\/sitio\/wp-content\/uploads\/2024\/08\/ORREGO-JUSTICIA-02.jpg 800w, https:\/\/vocesparalelas.com.ar\/sitio\/wp-content\/uploads\/2024\/08\/ORREGO-JUSTICIA-02-300x169.jpg 300w, https:\/\/vocesparalelas.com.ar\/sitio\/wp-content\/uploads\/2024\/08\/ORREGO-JUSTICIA-02-768x432.jpg 768w\" sizes=\"auto, (max-width: 800px) 100vw, 800px\" \/><\/p>\n<figure id=\"attachment_75774\" aria-describedby=\"caption-attachment-75774\" style=\"width: 800px\" class=\"wp-caption alignnone\"><img loading=\"lazy\" decoding=\"async\" class=\"wp-image-75774 size-full\" src=\"https:\/\/vocesparalelas.com.ar\/sitio\/wp-content\/uploads\/2024\/08\/ORREGO-JUSTICIA-01-1.jpg\" alt=\"\" width=\"800\" height=\"417\" srcset=\"https:\/\/vocesparalelas.com.ar\/sitio\/wp-content\/uploads\/2024\/08\/ORREGO-JUSTICIA-01-1.jpg 800w, https:\/\/vocesparalelas.com.ar\/sitio\/wp-content\/uploads\/2024\/08\/ORREGO-JUSTICIA-01-1-300x156.jpg 300w, https:\/\/vocesparalelas.com.ar\/sitio\/wp-content\/uploads\/2024\/08\/ORREGO-JUSTICIA-01-1-768x400.jpg 768w\" sizes=\"auto, (max-width: 800px) 100vw, 800px\" \/><figcaption id=\"caption-attachment-75774\" class=\"wp-caption-text\">Gobernador de San Juan, Dr. Marcelo Orrego<\/figcaption><\/figure>\n<p>Tras el encuentro, el el presidente de la Corte de Justicia de San Juan, Dr. Marcelo Lima explic\u00f3 que \u00abcomo presidente de la Corte, firm\u00e9 un convenio marco con el gobernador. A partir de ese convenio, ahora firmamos tres actas complementarias\u00bb.<\/p>\n<p>\u00abLa primera acta se refiere a la posibilidad de que el Poder Judicial de San Juan env\u00ede, de manera digital, la documentaci\u00f3n para ser publicada a trav\u00e9s del Bolet\u00edn Oficial. Este es un avance significativo para agilizar la comunicaci\u00f3n entre el Bolet\u00edn Oficial y el Poder Judicial\u201d.<\/p>\n<p>\u00abLa otra acta complementaria se relaciona con la digitalizaci\u00f3n de las comunicaciones entre el Fuero Laboral, es decir, el Ministerio de Trabajo, y el Fuero Laboral del Poder Judicial. Vamos a informatizar todo tipo de comunicaci\u00f3n. Por \u00faltimo, el Poder Judicial realizar\u00e1 una donaci\u00f3n de aproximadamente 90 computadoras, que, aunque est\u00e1n en uso, ya no nos son \u00fatiles debido a la modernizaci\u00f3n del sistema inform\u00e1tico con el proyecto Zonda. Estas computadoras ser\u00e1n donadas al Ministerio de Educaci\u00f3n para que la se\u00f1ora ministra y el personal inform\u00e1tico del Ministerio las adapten para su uso en el ministerio\u201d.<\/p>\n<p>Cabe destacar que fue el 30 de Julio de 2024, cuando se firm\u00f3 el convenio marco entre el Poder Ejecutivo de San Juan y el Poder Judicial, para desarrollar y ejecutar una forma m\u00e1s eficaz, diferentes tareas comunes, como tambi\u00e9n requerirse mutuamente asistencia y colaboraci\u00f3n con diferentes finalidades.<\/p>\n<p>Participaron de la reuni\u00f3n la ministra de Gobierno, Dra. Laura Palma; ministra de Educaci\u00f3n, Lic. Silvia Fuentes; el secretario general de la Gobernaci\u00f3n, Lic. Emilio Achem; el secretario de Transformaci\u00f3n Digital y Modernizaci\u00f3n del Estado, Dr. Fabricio Echegaray; asesor Letrado, Dr. Alejandro Ferrari.<\/p>\n<p><iframe loading=\"lazy\" title=\"Orrego recibi\u00f3 a las autoridades de la Corte de Justicia\" width=\"800\" height=\"450\" src=\"https:\/\/www.youtube.com\/embed\/BEBFB1PmSLU?feature=oembed\" frameborder=\"0\" allow=\"accelerometer; autoplay; clipboard-write; encrypted-media; gyroscope; picture-in-picture; web-share\" referrerpolicy=\"strict-origin-when-cross-origin\" allowfullscreen><\/iframe><\/p>\n<p><img loading=\"lazy\" decoding=\"async\" class=\"alignnone size-full wp-image-62371\" src=\"https:\/\/vocesparalelas.com.ar\/sitio\/wp-content\/uploads\/2023\/08\/CORTE-JUSTICIA-SAN-JUAN-01.jpg\" alt=\"\" width=\"800\" height=\"503\" srcset=\"https:\/\/vocesparalelas.com.ar\/sitio\/wp-content\/uploads\/2023\/08\/CORTE-JUSTICIA-SAN-JUAN-01.jpg 800w, https:\/\/vocesparalelas.com.ar\/sitio\/wp-content\/uploads\/2023\/08\/CORTE-JUSTICIA-SAN-JUAN-01-300x189.jpg 300w, https:\/\/vocesparalelas.com.ar\/sitio\/wp-content\/uploads\/2023\/08\/CORTE-JUSTICIA-SAN-JUAN-01-768x483.jpg 768w\" sizes=\"auto, (max-width: 800px) 100vw, 800px\" \/><\/p>\n<p>&nbsp;<\/p>\n<p>&nbsp;<\/p>\n","protected":false},"excerpt":{"rendered":"<p>El gobernador de San Juan, Dr. Marcelo Orrego recibi\u00f3 la c\u00fapula de la Corte de Justicia de San Juan. Estuvieron<\/p>\n","protected":false},"author":3,"featured_media":75778,"comment_status":"closed","ping_status":"closed","sticky":false,"template":"","format":"standard","meta":{"_acf_changed":false,"_seopress_robots_primary_cat":"none","_seopress_titles_title":"","_seopress_titles_desc":"","_seopress_robots_index":"","colormag_page_container_layout":"default_layout","colormag_page_sidebar_layout":"default_layout","footnotes":""},"categories":[1,7],"tags":[],"class_list":["post-75771","post","type-post","status-publish","format-standard","has-post-thumbnail","hentry","category-destacadas","category-videos"],"acf":[],"_links":{"self":[{"href":"https:\/\/vocesparalelas.com.ar\/sitio\/wp-json\/wp\/v2\/posts\/75771","targetHints":{"allow":["GET"]}}],"collection":[{"href":"https:\/\/vocesparalelas.com.ar\/sitio\/wp-json\/wp\/v2\/posts"}],"about":[{"href":"https:\/\/vocesparalelas.com.ar\/sitio\/wp-json\/wp\/v2\/types\/post"}],"author":[{"embeddable":true,"href":"https:\/\/vocesparalelas.com.ar\/sitio\/wp-json\/wp\/v2\/users\/3"}],"replies":[{"embeddable":true,"href":"https:\/\/vocesparalelas.com.ar\/sitio\/wp-json\/wp\/v2\/comments?post=75771"}],"version-history":[{"count":3,"href":"https:\/\/vocesparalelas.com.ar\/sitio\/wp-json\/wp\/v2\/posts\/75771\/revisions"}],"predecessor-version":[{"id":75781,"href":"https:\/\/vocesparalelas.com.ar\/sitio\/wp-json\/wp\/v2\/posts\/75771\/revisions\/75781"}],"wp:featuredmedia":[{"embeddable":true,"href":"https:\/\/vocesparalelas.com.ar\/sitio\/wp-json\/wp\/v2\/media\/75778"}],"wp:attachment":[{"href":"https:\/\/vocesparalelas.com.ar\/sitio\/wp-json\/wp\/v2\/media?parent=75771"}],"wp:term":[{"taxonomy":"category","embeddable":true,"href":"https:\/\/vocesparalelas.com.ar\/sitio\/wp-json\/wp\/v2\/categories?post=75771"},{"taxonomy":"post_tag","embeddable":true,"href":"https:\/\/vocesparalelas.com.ar\/sitio\/wp-json\/wp\/v2\/tags?post=75771"}],"curies":[{"name":"wp","href":"https:\/\/api.w.org\/{rel}","templated":true}]}}