{"id":75758,"date":"2024-08-14T11:38:59","date_gmt":"2024-08-14T14:38:59","guid":{"rendered":"https:\/\/vocesparalelas.com.ar\/sitio\/?p=75758"},"modified":"2024-08-15T22:58:36","modified_gmt":"2024-08-16T01:58:36","slug":"aumenta-la-cuota-de-los-colegios-de-gestion-privada-de-san-juan","status":"publish","type":"post","link":"https:\/\/vocesparalelas.com.ar\/sitio\/aumenta-la-cuota-de-los-colegios-de-gestion-privada-de-san-juan\/","title":{"rendered":"Aumenta la cuota de los Colegios de Gesti\u00f3n Privada de San Juan"},"content":{"rendered":"<p>El Ministerio de Educaci\u00f3n del Gobierno de San Juan informa que atento a varias consultas recibidas en la Direcci\u00f3n de Educaci\u00f3n Privada referidas a los aranceles de las Instituciones Educativas de Gesti\u00f3n Privada, es importante recordar la normativa actual de la provincia, referida a aranceles:<\/p>\n<p>1- En el Cap\u00edtulo II -efectos de la incorporaci\u00f3n, Pto. 5 del Dcto.0007\/2018, se autoriza a las instituciones educativas p\u00fablicas de gesti\u00f3n privada al cobro de una cuota mensual por alumno y por todo concepto, durante diez (10) meses,<br \/>\nm\u00e1s una cuota de matr\u00edcula anual que no podr\u00e1 superar el valor de dos (dos) cuotas mensuales y en el Cap\u00edtulo IV-Pto. 6 del Dcto.0007\/2018, establece que la entidad propietaria no podr\u00e1 aumentar el arancel sin la previa autorizaci\u00f3n de la Direcci\u00f3n de Educaci\u00f3n Privada;<\/p>\n<p>2- Que para tales efectos el Ministerio de Educaci\u00f3n de la Provincia de San Juan, por Resoluci\u00f3n Conjunta N\u00ba 140-MHF-2021 y 1219-ME-2021, estableci\u00f3 que los aumentos y\/o actualizaciones de los aranceles de las Instituciones<br \/>\nEducativas Publicas de Gesti\u00f3n Privada, ser\u00e1n sometidos a la aplicaci\u00f3n del \u00cdndice Provincial de Aranceles de Educaci\u00f3n Privada (IPADEP), el cual es calculado por Instituto de Investigaciones Econ\u00f3micas y Estad\u00edsticas,<br \/>\ndependiente del Ministerio de Hacienda y Finanzas de la Provincia de San Juan.<\/p>\n<p>3- El \u00edndice IPADEP se obtiene en forma peri\u00f3dica mediante informes que reflejan el comportamiento trimestral del \u00edndice y se publica el primer d\u00eda h\u00e1bil despu\u00e9s de 40 d\u00edas corridos de finalizado el trimestre. Esto favorece la<br \/>\nprevisibilidad presupuestaria tanto de las instituciones educativas como de las familias.<\/p>\n<p><strong><span style=\"color: #ff6600;\">Las variables que se tienen en cuenta para calcular el \u00edndice son tres:<\/span><\/strong><\/p>\n<p>1. Evoluci\u00f3n de salarios cargo testigo de Docente con Antig\u00fcedad<br \/>\n2. \u00cdndice de Precios al Consumidor Nacional (I.P.C.- Naci\u00f3n)<br \/>\n3. Coeficiente de Variaci\u00f3n Salarial Nacional (C.V.S.)<\/p>\n<p>En virtud de lo expresado, el d\u00eda 13 de agosto de 2024, el Ministerio de Educaci\u00f3n a trav\u00e9s de la Direcci\u00f3n de Educaci\u00f3n Privada autoriz\u00f3 por DISPOSICI\u00d3N N\u00ba 179-DEP- 2024, el incremento de aranceles en un 29.49%, correspondiente al \u00cdndice acumulado del Segundo Trimestre 2024, el cual se aplicar\u00e1 sobre el valor de la cuota<br \/>\ndel mes de mayo de 2024, a partir de la cuota del mes de agosto de 2024.<\/p>\n<p><img loading=\"lazy\" decoding=\"async\" class=\"alignnone size-full wp-image-28629\" src=\"https:\/\/vocesparalelas.com.ar\/sitio\/wp-content\/uploads\/2020\/05\/MINISTERIO-EDUCACION-SJ.jpg\" alt=\"\" width=\"800\" height=\"533\" srcset=\"https:\/\/vocesparalelas.com.ar\/sitio\/wp-content\/uploads\/2020\/05\/MINISTERIO-EDUCACION-SJ.jpg 800w, https:\/\/vocesparalelas.com.ar\/sitio\/wp-content\/uploads\/2020\/05\/MINISTERIO-EDUCACION-SJ-300x200.jpg 300w, https:\/\/vocesparalelas.com.ar\/sitio\/wp-content\/uploads\/2020\/05\/MINISTERIO-EDUCACION-SJ-768x512.jpg 768w\" sizes=\"auto, (max-width: 800px) 100vw, 800px\" \/><\/p>\n","protected":false},"excerpt":{"rendered":"<p>El Ministerio de Educaci\u00f3n del Gobierno de San Juan informa que atento a varias consultas recibidas en la Direcci\u00f3n de<\/p>\n","protected":false},"author":3,"featured_media":75761,"comment_status":"closed","ping_status":"closed","sticky":false,"template":"","format":"standard","meta":{"_acf_changed":false,"_seopress_robots_primary_cat":"none","_seopress_titles_title":"","_seopress_titles_desc":"","_seopress_robots_index":"","colormag_page_container_layout":"default_layout","colormag_page_sidebar_layout":"default_layout","footnotes":""},"categories":[5],"tags":[],"class_list":["post-75758","post","type-post","status-publish","format-standard","has-post-thumbnail","hentry","category-ofrecimientos"],"acf":[],"_links":{"self":[{"href":"https:\/\/vocesparalelas.com.ar\/sitio\/wp-json\/wp\/v2\/posts\/75758","targetHints":{"allow":["GET"]}}],"collection":[{"href":"https:\/\/vocesparalelas.com.ar\/sitio\/wp-json\/wp\/v2\/posts"}],"about":[{"href":"https:\/\/vocesparalelas.com.ar\/sitio\/wp-json\/wp\/v2\/types\/post"}],"author":[{"embeddable":true,"href":"https:\/\/vocesparalelas.com.ar\/sitio\/wp-json\/wp\/v2\/users\/3"}],"replies":[{"embeddable":true,"href":"https:\/\/vocesparalelas.com.ar\/sitio\/wp-json\/wp\/v2\/comments?post=75758"}],"version-history":[{"count":3,"href":"https:\/\/vocesparalelas.com.ar\/sitio\/wp-json\/wp\/v2\/posts\/75758\/revisions"}],"predecessor-version":[{"id":75764,"href":"https:\/\/vocesparalelas.com.ar\/sitio\/wp-json\/wp\/v2\/posts\/75758\/revisions\/75764"}],"wp:featuredmedia":[{"embeddable":true,"href":"https:\/\/vocesparalelas.com.ar\/sitio\/wp-json\/wp\/v2\/media\/75761"}],"wp:attachment":[{"href":"https:\/\/vocesparalelas.com.ar\/sitio\/wp-json\/wp\/v2\/media?parent=75758"}],"wp:term":[{"taxonomy":"category","embeddable":true,"href":"https:\/\/vocesparalelas.com.ar\/sitio\/wp-json\/wp\/v2\/categories?post=75758"},{"taxonomy":"post_tag","embeddable":true,"href":"https:\/\/vocesparalelas.com.ar\/sitio\/wp-json\/wp\/v2\/tags?post=75758"}],"curies":[{"name":"wp","href":"https:\/\/api.w.org\/{rel}","templated":true}]}}