{"id":75754,"date":"2024-08-14T11:11:01","date_gmt":"2024-08-14T14:11:01","guid":{"rendered":"https:\/\/vocesparalelas.com.ar\/sitio\/?p=75754"},"modified":"2024-08-15T15:11:51","modified_gmt":"2024-08-15T18:11:51","slug":"inscripciones-para-talleres-en-oficios-de-san-juan","status":"publish","type":"post","link":"https:\/\/vocesparalelas.com.ar\/sitio\/inscripciones-para-talleres-en-oficios-de-san-juan\/","title":{"rendered":"Inscripciones para Talleres en Oficios de San Juan"},"content":{"rendered":"<p>El Ministerio de Producci\u00f3n, Trabajo e Innovaci\u00f3n del Gobierno de San Juan, a trav\u00e9s de la Direcci\u00f3n de Empleo y Formaci\u00f3n dependiente de la Secretar\u00eda de Industria, Comercio y Servicios, lanza nueve capacitaciones para personas que no cuentan con un empleo genuino. Esta nueva herramienta, forma parte de los ejes que lleva adelante el gobernador Dr. Marcelo Orrego para impulsar a la matriz productiva de San Juan.<\/p>\n<p>Los interesados pueden inscribirse desde este mi\u00e9rcoles 14 de agosto, a los cursos que inician en las pr\u00f3ximas semanas.<\/p>\n<p>Adem\u00e1s, el programa que las enmarca, Aprender, Trabajar y Producir, es el fruto del dialogo entre con el sector privado que necesita incorporar personal especializado en oficios con alta demanda.<\/p>\n<p>La directora de Empleo y Formaci\u00f3n, Lic. Luciana Cuk, dijo que \u00abel programa nace de la necesidad que tienen las empresas a la hora de incorporar personas con oficio. A pedido del gobernador Marcelo Orrego brindamos estas capacitaciones para que los sanjuaninos que encuentren en estado de vulnerabilidad tengan herramientas que le permita mejorar su empleabilidad y pueda tener mejores oportunidades laborales\u201d.<\/p>\n<p><span style=\"color: #ff6600;\"><strong>Talleres<\/strong><\/span><\/p>\n<p><span style=\"color: #ff6600;\"><strong>1.Formaci\u00f3n profesional en Instalador domiciliario de Electricidad<\/strong><\/span><\/p>\n<p><strong><span style=\"color: #ff6600;\">Requisitos<\/span><\/strong><\/p>\n<p>Mayores de 18 a\u00f1os que cuenten con Primario Completo.<br \/>\nLa capacitaci\u00f3n se llevar\u00e1 a cabo en el Centro de Formaci\u00f3n Profesional N\u00ba1 Anexo Concepci\u00f3n ubicado en Tucum\u00e1n 1040 Norte, Concepci\u00f3n, de lunes a viernes de 20 a 21.50. Comienza el 19 agosto y culmina el 29 de noviembre.<\/p>\n<p><strong><span style=\"color: #ff6600;\">Inscripciones<\/span><\/strong><\/p>\n<p><a href=\"https:\/\/forms.gle\/JfJuoefGZLekmgP47\">https:\/\/forms.gle\/JfJuoefGZLekmgP47<\/a><\/p>\n<p><strong><span style=\"color: #ff6600;\">Importante<\/span><\/strong><\/p>\n<p>La Capacitaci\u00f3n tiene cupo limitado. Completar el formulario no asegura su participaci\u00f3n, la misma se confirmar\u00e1 s\u00f3lo por v\u00eda telef\u00f3nica.<\/p>\n<p><span style=\"color: #ff6600;\"><strong>2.Formaci\u00f3n profesional en mec\u00e1nica del automotor<\/strong><\/span><\/p>\n<p><strong><span style=\"color: #ff6600;\">Requisitos<\/span><\/strong><\/p>\n<p>Mayores de 18 a\u00f1os que cuenten con Primario Completo. La capacitaci\u00f3n se llevar\u00e1 a cabo en el Centro de Formaci\u00f3n Profesional N\u00ba1 Anexo Concepci\u00f3n ubicado en Tucum\u00e1n 1040 Norte, Concepci\u00f3n, de lunes a viernes en horario vespertino de 16.50 a 19.00, comienza el 19 agosto y culmina el 29 de noviembre de 2024.<\/p>\n<p><strong><span style=\"color: #ff6600;\">Inscripciones<\/span><\/strong><\/p>\n<p><a href=\"https:\/\/forms.gle\/JqBQ3ZsdzSSQb6x68\">https:\/\/forms.gle\/JqBQ3ZsdzSSQb6x68<\/a><\/p>\n<p><strong><span style=\"color: #ff6600;\">Importante<\/span><\/strong><\/p>\n<p>La Capacitaci\u00f3n tiene Cupo Limitado. Completar el formulario no asegura su participaci\u00f3n, la misma se confirmar\u00e1 s\u00f3lo por v\u00eda telef\u00f3nica.<\/p>\n<p><span style=\"color: #ff6600;\"><strong>3.Formaci\u00f3n profesional en operador de PC<\/strong><\/span><\/p>\n<p><strong><span style=\"color: #ff6600;\">Requisitos<\/span><\/strong><\/p>\n<p>Mayores de 18 a\u00f1os que cuenten con Primario Completo.<br \/>\nLa capacitaci\u00f3n se llevar\u00e1 a cabo en el Centro de Formaci\u00f3n Profesional N\u00ba1 de Rawson ubicado en Alvear N 3479 sur Barrio Belgrano Departamento Rawson, de lunes a viernes en horario vespertino de 20 a 22h.<\/p>\n<p><strong><span style=\"color: #ff6600;\">Inscripciones<\/span><\/strong><\/p>\n<p><a href=\"https:\/\/forms.gle\/k1As3yazvTtDLPAV9\">https:\/\/forms.gle\/k1As3yazvTtDLPAV9<\/a><\/p>\n<p><strong><span style=\"color: #ff6600;\">Importante<\/span><\/strong><\/p>\n<p>La Capacitaci\u00f3n tiene cupo limitado. Completar el formulario no asegura su participaci\u00f3n. La misma se confirmar\u00e1 s\u00f3lo por v\u00eda telef\u00f3nica.<\/p>\n<p><span style=\"color: #ff6600;\"><strong>4.Formaci\u00f3n profesional en carpinter\u00eda<\/strong><\/span><\/p>\n<p><strong><span style=\"color: #ff6600;\">Requisitos<\/span><\/strong><\/p>\n<p>Mayores de 18 a\u00f1os que cuenten con Primario Completo.<br \/>\nLa capacitaci\u00f3n se llevar\u00e1 a cabo en el Centro de Formaci\u00f3n Profesional N\u00ba1 de Rawson ubicado en Alvear N 3479 sur Barrio Belgrano Departamento Rawson de lunes a viernes en horario vespertino de 20 a 22 h., comenzando el 19 de agosto y culminando el 29 noviembre del corriente a\u00f1o.<\/p>\n<p><strong><span style=\"color: #ff6600;\">Inscripciones<\/span><\/strong><\/p>\n<p><a href=\"https:\/\/forms.gle\/W8x6ebMWPUULva6X8\">https:\/\/forms.gle\/W8x6ebMWPUULva6X8<\/a><\/p>\n<p><strong><span style=\"color: #ff6600;\">Importante<\/span><\/strong><\/p>\n<p>La Capacitaci\u00f3n tiene cupo limitado. Completar el formulario no asegura su participaci\u00f3n, la misma se confirmar\u00e1 s\u00f3lo por v\u00eda telef\u00f3nica.<\/p>\n<p><span style=\"color: #ff6600;\"><strong>5.Operador de m\u00e1quina industrial, modelista y confeccionista textil<\/strong><\/span><\/p>\n<p><strong><span style=\"color: #ff6600;\">Requisitos<\/span><\/strong><\/p>\n<p>Mayores de 18 a\u00f1os que cuenten con Primario Completo.<\/p>\n<p>La capacitaci\u00f3n se lleva cabo en el Centro de Formaci\u00f3n Profesional N\u00ba1 de Rawson, Alvear N 3479 sur Barrio Belgrano Departamento Rawson de lunes a viernes en horario vespertino de 16.50 a 19. Tendr\u00e1 una duraci\u00f3n de 4 meses, comienza el 19 de agosto y culmina el 29 de noviembre del 2024.<\/p>\n<p><strong><span style=\"color: #ff6600;\">Inscripciones<\/span><\/strong><\/p>\n<p><a href=\"https:\/\/forms.gle\/Nn3y7kiH7zfYGEyi6\">https:\/\/forms.gle\/Nn3y7kiH7zfYGEyi6<\/a><\/p>\n<p><strong><span style=\"color: #ff6600;\">Importante<\/span><\/strong><\/p>\n<p>La Capacitaci\u00f3n tiene cupo limitado. Completar el formulario no asegura su participaci\u00f3n, la misma se confirmar\u00e1 s\u00f3lo por v\u00eda telef\u00f3nica.<\/p>\n<p><span style=\"color: #ff6600;\"><strong>6. Formaci\u00f3n profesional: soldador b\u00e1sico<\/strong><\/span><\/p>\n<p><strong><span style=\"color: #ff6600;\">Requisitos<\/span><\/strong><\/p>\n<p>Mayores de 18 a\u00f1os que cuenten con Primario Completo.<\/p>\n<p>La capacitaci\u00f3n se llevar\u00e1 a cabo en el Centro de Formaci\u00f3n Profesional N\u00ba1 de Rawson ubicado en Alvear N 3479 Sur Barrio Belgrano Departamento Rawson, de lunes a viernes en horario vespertino de 20 a 22 h, comienza el 19 agosto y culmina el 29 noviembre del 2024.<\/p>\n<p><strong><span style=\"color: #ff6600;\">Inscripciones<\/span><\/strong><\/p>\n<p><a href=\"https:\/\/forms.gle\/FbMLBoLx1n2p5CS56\">https:\/\/forms.gle\/FbMLBoLx1n2p5CS56<\/a><\/p>\n<p><strong><span style=\"color: #ff6600;\">Importante<\/span><\/strong><\/p>\n<p>La Capacitaci\u00f3n tiene cupo limitado. Completar el formulario no asegura su participaci\u00f3n, la misma se confirmar\u00e1 s\u00f3lo por v\u00eda telef\u00f3nica.<\/p>\n<p><span style=\"color: #ff6600;\"><strong>7. Taller de fotograf\u00eda digital<\/strong><\/span><\/p>\n<p><strong><span style=\"color: #ff6600;\">Requisitos<\/span><\/strong><\/p>\n<p>Mayores de 18 a\u00f1os que cuenten con Primario Completo. Tendr\u00e1 una duraci\u00f3n de 6 encuentros te\u00f3ricos-pr\u00e1cticos que se dictar\u00e1n todos los d\u00edas lunes, desde el d\u00eda 19 de agosto de 17.30 a 19.30, y se llevar\u00e1 a cabo en la sede de: De la Colina Cine y TV, situada calle Mendoza Norte 262, Capital, San Juan.<\/p>\n<p><strong><span style=\"color: #ff6600;\">Inscripciones <\/span><\/strong><\/p>\n<p><a href=\"https:\/\/forms.gle\/QRQ1BfcGJoc9L61X7\">https:\/\/forms.gle\/QRQ1BfcGJoc9L61X7<\/a><\/p>\n<p><strong><span style=\"color: #ff6600;\">Importante<\/span><\/strong><\/p>\n<p>La Capacitaci\u00f3n tiene cupo limitado. Completar el formulario no asegura su participaci\u00f3n, la misma se confirmar\u00e1 s\u00f3lo por v\u00eda telef\u00f3nica.<\/p>\n<p><span style=\"color: #ff6600;\"><strong>8.Uso y manipulaci\u00f3n de ladrillos termoeficientes<\/strong><\/span><\/p>\n<p><strong><span style=\"color: #ff6600;\">Requisitos<\/span><\/strong><\/p>\n<p>Mayores de 18 a\u00f1os que cuenten con Primario Completo.<\/p>\n<p>La capacitaci\u00f3n se llevar\u00e1 a cabo en las instalaciones de la f\u00e1brica de Industrias Chirino S.A. ubicada en Ruta Nacional 40, 3157, Rawson, San Juan. Adem\u00e1s, tendr\u00e1 una duraci\u00f3n de 6 encuentros te\u00f3ricos pr\u00e1cticos que se dictar\u00e1n todos los martes, a partir del d\u00eda 20 de agosto de 16.00 a 19, por personal id\u00f3neo de la mencionada empresa.<\/p>\n<p><strong><span style=\"color: #ff6600;\">Inscripciones<\/span><\/strong><\/p>\n<p><a href=\"https:\/\/forms.gle\/c67wEjxV2T7oQcAaA\">https:\/\/forms.gle\/c67wEjxV2T7oQcAaA<\/a><\/p>\n<p><strong><span style=\"color: #ff6600;\">Importante<\/span><\/strong><\/p>\n<p>La Capacitaci\u00f3n tiene cupo limitado. Completar el formulario no asegura su participaci\u00f3n, la misma se confirmar\u00e1 s\u00f3lo por v\u00eda telef\u00f3nica.<\/p>\n<p><span style=\"color: #ff6600;\"><strong>9. T\u00e9cnicas de servicio para anfitri\u00f3n tur\u00edstico<\/strong><\/span><\/p>\n<p>La formaci\u00f3n tiene una duraci\u00f3n de 4 Jornadas te\u00f3ricas-pr\u00e1cticas, dos por semana, que se dictar\u00e1n los d\u00edas martes y mi\u00e9rcoles, desde el d\u00eda 20 de agosto, en horario de 13.30 a 16.30 h. y se llevar\u00e1 a cabo en \u00bb Entre Monta\u00f1as\u00bb Casa de T\u00e9-Caf\u00e9, situada en Av. Libertador Gral. San Mart\u00edn 3790 Rivadavia, San Juan.<\/p>\n<p><strong><span style=\"color: #ff6600;\">Inscripciones<\/span><\/strong><\/p>\n<p><a href=\"https:\/\/forms.gle\/YX65NHbaL4Heo62aA\">https:\/\/forms.gle\/YX65NHbaL4Heo62aA<\/a><\/p>\n<p><strong><span style=\"color: #ff6600;\">Importante<\/span><\/strong><\/p>\n<p>La Capacitaci\u00f3n tiene cupo limitado. Completar el formulario no asegura su participaci\u00f3n, la misma se confirmar\u00e1 s\u00f3lo por v\u00eda telef\u00f3nica.<\/p>\n","protected":false},"excerpt":{"rendered":"<p>El Ministerio de Producci\u00f3n, Trabajo e Innovaci\u00f3n del Gobierno de San Juan, a trav\u00e9s de la Direcci\u00f3n de Empleo y<\/p>\n","protected":false},"author":3,"featured_media":60833,"comment_status":"closed","ping_status":"closed","sticky":false,"template":"","format":"standard","meta":{"_acf_changed":false,"_seopress_robots_primary_cat":"none","_seopress_titles_title":"","_seopress_titles_desc":"","_seopress_robots_index":"","colormag_page_container_layout":"default_layout","colormag_page_sidebar_layout":"default_layout","footnotes":""},"categories":[9],"tags":[],"class_list":["post-75754","post","type-post","status-publish","format-standard","has-post-thumbnail","hentry","category-cursos"],"acf":[],"_links":{"self":[{"href":"https:\/\/vocesparalelas.com.ar\/sitio\/wp-json\/wp\/v2\/posts\/75754","targetHints":{"allow":["GET"]}}],"collection":[{"href":"https:\/\/vocesparalelas.com.ar\/sitio\/wp-json\/wp\/v2\/posts"}],"about":[{"href":"https:\/\/vocesparalelas.com.ar\/sitio\/wp-json\/wp\/v2\/types\/post"}],"author":[{"embeddable":true,"href":"https:\/\/vocesparalelas.com.ar\/sitio\/wp-json\/wp\/v2\/users\/3"}],"replies":[{"embeddable":true,"href":"https:\/\/vocesparalelas.com.ar\/sitio\/wp-json\/wp\/v2\/comments?post=75754"}],"version-history":[{"count":1,"href":"https:\/\/vocesparalelas.com.ar\/sitio\/wp-json\/wp\/v2\/posts\/75754\/revisions"}],"predecessor-version":[{"id":75757,"href":"https:\/\/vocesparalelas.com.ar\/sitio\/wp-json\/wp\/v2\/posts\/75754\/revisions\/75757"}],"wp:featuredmedia":[{"embeddable":true,"href":"https:\/\/vocesparalelas.com.ar\/sitio\/wp-json\/wp\/v2\/media\/60833"}],"wp:attachment":[{"href":"https:\/\/vocesparalelas.com.ar\/sitio\/wp-json\/wp\/v2\/media?parent=75754"}],"wp:term":[{"taxonomy":"category","embeddable":true,"href":"https:\/\/vocesparalelas.com.ar\/sitio\/wp-json\/wp\/v2\/categories?post=75754"},{"taxonomy":"post_tag","embeddable":true,"href":"https:\/\/vocesparalelas.com.ar\/sitio\/wp-json\/wp\/v2\/tags?post=75754"}],"curies":[{"name":"wp","href":"https:\/\/api.w.org\/{rel}","templated":true}]}}