{"id":75749,"date":"2024-08-13T22:24:20","date_gmt":"2024-08-14T01:24:20","guid":{"rendered":"https:\/\/vocesparalelas.com.ar\/sitio\/?p=75749"},"modified":"2024-08-14T20:14:39","modified_gmt":"2024-08-14T23:14:39","slug":"los-avances-y-fortalecimiento-de-la-infancia-en-san-juan","status":"publish","type":"post","link":"https:\/\/vocesparalelas.com.ar\/sitio\/los-avances-y-fortalecimiento-de-la-infancia-en-san-juan\/","title":{"rendered":"Los avances y fortalecimiento de la infancia en San Juan"},"content":{"rendered":"<p>Despu\u00e9s de la firma de convenio el representante del Fondo de las Naciones Unidas para la Infancia \u2013 UNICEF -, Rafael Ram\u00edrez Mesec y el ministro de Familia y Desarrollo Humano del Gobierno de San Juan, Prof. Carlos Platero,\u00a0 brindaron declaraciones sobre lo significa el rol que cada uno tiene frente a la infancia en San Juan y Argentina.<\/p>\n<p>Por ello, el representante del Fondo de las Naciones Unidas para la Infancia \u2013 UNICEF -, Rafael Ram\u00edrez Mesec describi\u00f3 la funci\u00f3n que cumple y el sentido del Programa Municipio Unido por la Ni\u00f1ez y la Adolescencia \u2013 MUNA &#8211; en San Juan.<\/p>\n<p>&nbsp;<\/p>\n<p><iframe loading=\"lazy\" title=\"SAN JUAN UNICEF\" width=\"800\" height=\"450\" src=\"https:\/\/www.youtube.com\/embed\/GHjTMQ_nU9k?feature=oembed\" frameborder=\"0\" allow=\"accelerometer; autoplay; clipboard-write; encrypted-media; gyroscope; picture-in-picture; web-share\" referrerpolicy=\"strict-origin-when-cross-origin\" allowfullscreen><\/iframe><\/p>\n<p>&nbsp;<\/p>\n<p>Luego, el ministro de Familia y Desarrollo Humano del Gobierno de San Juan, Prof. Carlos Platero destac\u00f3 el trabajo que viene desarrollando San Juan con el Operativos Integral en cada uno de los Departamentos de San Juan.<\/p>\n<p><iframe loading=\"lazy\" title=\"SAN JUAN UNICEF PROF CARLOS PLATERO\" width=\"800\" height=\"450\" src=\"https:\/\/www.youtube.com\/embed\/jFiqfqkq2G0?feature=oembed\" frameborder=\"0\" allow=\"accelerometer; autoplay; clipboard-write; encrypted-media; gyroscope; picture-in-picture; web-share\" referrerpolicy=\"strict-origin-when-cross-origin\" allowfullscreen><\/iframe><\/p>\n<p>&nbsp;<\/p>\n<p><img loading=\"lazy\" decoding=\"async\" class=\"alignnone size-full wp-image-75716\" src=\"https:\/\/vocesparalelas.com.ar\/sitio\/wp-content\/uploads\/2024\/08\/UNICEF-ARGENTINA-BANDERA.jpg\" alt=\"\" width=\"800\" height=\"533\" srcset=\"https:\/\/vocesparalelas.com.ar\/sitio\/wp-content\/uploads\/2024\/08\/UNICEF-ARGENTINA-BANDERA.jpg 800w, https:\/\/vocesparalelas.com.ar\/sitio\/wp-content\/uploads\/2024\/08\/UNICEF-ARGENTINA-BANDERA-300x200.jpg 300w, https:\/\/vocesparalelas.com.ar\/sitio\/wp-content\/uploads\/2024\/08\/UNICEF-ARGENTINA-BANDERA-768x512.jpg 768w\" sizes=\"auto, (max-width: 800px) 100vw, 800px\" \/><\/p>\n<p>&nbsp;<\/p>\n<blockquote class=\"wp-embedded-content\" data-secret=\"eHtDKw95DJ\"><p><a href=\"https:\/\/vocesparalelas.com.ar\/sitio\/se-firmo-un-convenio-marco-entre-el-gobierno-de-san-juan-y-unicef-argentina\/\">Se firm\u00f3 un convenio marco entre el Gobierno de San Juan y UNICEF Argentina<\/a><\/p><\/blockquote>\n<p><iframe loading=\"lazy\" class=\"wp-embedded-content\" sandbox=\"allow-scripts\" security=\"restricted\" style=\"position: absolute; visibility: hidden;\" title=\"\u00abSe firm\u00f3 un convenio marco entre el Gobierno de San Juan y UNICEF Argentina\u00bb \u2014 Voces Paralelas\" src=\"https:\/\/vocesparalelas.com.ar\/sitio\/se-firmo-un-convenio-marco-entre-el-gobierno-de-san-juan-y-unicef-argentina\/embed\/#?secret=8W9pI5XeY8#?secret=eHtDKw95DJ\" data-secret=\"eHtDKw95DJ\" width=\"600\" height=\"338\" frameborder=\"0\" marginwidth=\"0\" marginheight=\"0\" scrolling=\"no\"><\/iframe><\/p>\n","protected":false},"excerpt":{"rendered":"<p>Despu\u00e9s de la firma de convenio el representante del Fondo de las Naciones Unidas para la Infancia \u2013 UNICEF -,<\/p>\n","protected":false},"author":3,"featured_media":75714,"comment_status":"closed","ping_status":"closed","sticky":false,"template":"","format":"standard","meta":{"_acf_changed":false,"_seopress_robots_primary_cat":"none","_seopress_titles_title":"","_seopress_titles_desc":"","_seopress_robots_index":"","colormag_page_container_layout":"default_layout","colormag_page_sidebar_layout":"default_layout","footnotes":""},"categories":[10,7],"tags":[],"class_list":["post-75749","post","type-post","status-publish","format-standard","has-post-thumbnail","hentry","category-opiniones","category-videos"],"acf":[],"_links":{"self":[{"href":"https:\/\/vocesparalelas.com.ar\/sitio\/wp-json\/wp\/v2\/posts\/75749","targetHints":{"allow":["GET"]}}],"collection":[{"href":"https:\/\/vocesparalelas.com.ar\/sitio\/wp-json\/wp\/v2\/posts"}],"about":[{"href":"https:\/\/vocesparalelas.com.ar\/sitio\/wp-json\/wp\/v2\/types\/post"}],"author":[{"embeddable":true,"href":"https:\/\/vocesparalelas.com.ar\/sitio\/wp-json\/wp\/v2\/users\/3"}],"replies":[{"embeddable":true,"href":"https:\/\/vocesparalelas.com.ar\/sitio\/wp-json\/wp\/v2\/comments?post=75749"}],"version-history":[{"count":2,"href":"https:\/\/vocesparalelas.com.ar\/sitio\/wp-json\/wp\/v2\/posts\/75749\/revisions"}],"predecessor-version":[{"id":75753,"href":"https:\/\/vocesparalelas.com.ar\/sitio\/wp-json\/wp\/v2\/posts\/75749\/revisions\/75753"}],"wp:featuredmedia":[{"embeddable":true,"href":"https:\/\/vocesparalelas.com.ar\/sitio\/wp-json\/wp\/v2\/media\/75714"}],"wp:attachment":[{"href":"https:\/\/vocesparalelas.com.ar\/sitio\/wp-json\/wp\/v2\/media?parent=75749"}],"wp:term":[{"taxonomy":"category","embeddable":true,"href":"https:\/\/vocesparalelas.com.ar\/sitio\/wp-json\/wp\/v2\/categories?post=75749"},{"taxonomy":"post_tag","embeddable":true,"href":"https:\/\/vocesparalelas.com.ar\/sitio\/wp-json\/wp\/v2\/tags?post=75749"}],"curies":[{"name":"wp","href":"https:\/\/api.w.org\/{rel}","templated":true}]}}