{"id":75744,"date":"2024-08-13T19:49:26","date_gmt":"2024-08-13T22:49:26","guid":{"rendered":"https:\/\/vocesparalelas.com.ar\/sitio\/?p=75744"},"modified":"2024-08-13T23:49:39","modified_gmt":"2024-08-14T02:49:39","slug":"se-definieron-los-temas-a-tratar-en-la-7-sesion-en-labor-parlamentaria-de-san-juan","status":"publish","type":"post","link":"https:\/\/vocesparalelas.com.ar\/sitio\/se-definieron-los-temas-a-tratar-en-la-7-sesion-en-labor-parlamentaria-de-san-juan\/","title":{"rendered":"Se definieron los temas a tratar en la 7\u00b0 Sesi\u00f3n en Labor Parlamentaria de San Juan"},"content":{"rendered":"<p>Los diputados de San Juan, titulares de los bloques que conforman la Legislatura Provincial llevaron a cabo la reuni\u00f3n de Labor Parlamentaria presidida por el vicegobernador Dr. Fabi\u00e1n Mart\u00edn. En la ocasi\u00f3n, definieron los temas del orden del d\u00eda de la S\u00e9ptima Sesi\u00f3n a realizarse el Jueves, 15 de Agosto, a las 9 horas.<\/p>\n<p>Estuvo presente el secretario Legislativo, Dr. Gustavo Velert; el vicepresidente primero, Enzo Cornejo; la vicepresidente segunda, Marisa L\u00f3pez; y el vicepresidente alterno, Gustavo Deguer. Tambi\u00e9n participaron los presidentes de los bloques, Producci\u00f3n y Trabajo, Juan de la Cruz C\u00f3rdoba; Justicialista, Juan Carlos Quiroga Moyano; Bloquista, legislador Luis Rueda; integrante del bloque San Juan Vuelve \u2013 P.T.P., Graciela Seva; los titulares de los bloques UCR, Alejandra Leonardo; bloque Crecer, Marta Gramajo; Frente Grande, diputado Horacio Quiroga; bloque Mejor Nosotros, legislador Leopoldo Soler; Frente Renovador San Juan, diputado Franco Aranda; Actuar, legislador Gustavo Us\u00edn, bloque del Este, Marcelo Mallea y La Libertad Avanza \u2013 ADN, Fernando Patinella.<\/p>\n<p><strong><span style=\"color: #800080;\">Los asuntos a tratar en el recinto son:<\/span><\/strong><\/p>\n<ul>\n<li>Despacho de las comisiones de Legislaci\u00f3n y de Obras y Servicios P\u00fablicos, en el Proyecto de Ley presentado por el interbloque Cambia San Juan, por el que se transfiere a favor de la Universidad Nacional de San Juan un inmueble de propiedad de la Provincia.<\/li>\n<li>Despacho de las comisiones de Legislaci\u00f3n y de Obras y Servicios P\u00fablicos, en el Proyecto de Ley presentado por el interbloque Cambia San Juan, por el que se modifica el art\u00edculo 2\u00ba de la Ley N\u00b0 148-H.<\/li>\n<li>Despacho de Mayor\u00eda de las comisiones de La Comisiones de Legislaci\u00f3n y Asuntos Constitucionales, Hacienda y Presupuesto, Miner\u00eda y Energ\u00eda, Obras y Servicios P\u00fablicos, Sistema Municipal, Econom\u00eda y Defensa de Consumidores y Derechos Humanos y Garant\u00edas en el Proyecto de Ley presentado por el bloque La Libertad Avanza- ADN, por el que la Provincia se adhiere a las Leyes Nacionales N\u00b0 27.742 de Bases y Puntos de Partida para la Libertad de los Argentinos y N\u00b0 27.743 de Medidas Fiscales Paliativas y Relevantes y junto con el Proyecto de Ley presentado por el Poder Ejecutivo, mediante mensaje N\u00b0 26, por el que la Provincia adhiere en todos sus t\u00e9rminos al T\u00edtulo VII R\u00e9gimen de Incentivo para grandes inversiones (RIGI), regulado por la Ley Nacional N\u00b0 27.742<\/li>\n<\/ul>\n<p>Despacho de Minor\u00eda de las Comisiones de Legislaci\u00f3n y Asuntos Constitucionales, Hacienda y Presupuesto, Miner\u00eda y Energ\u00eda, Obras y Servicios P\u00fablicos, Sistema Municipal, Econom\u00eda y Defensa de Consumidores y Derechos Humanos y Garant\u00edas en el Proyecto de Ley presentado por el bloque La Libertad Avanza- ADN, por el que la Provincia se adhiere a las Leyes Nacionales N\u00b0 27.742 de Bases y Puntos de Partida para la Libertad de los Argentinos y N\u00b0 27.743 de Medidas Fiscales Paliativas y Relevantes y junto con el Proyecto de Ley presentado por el Poder Ejecutivo, mediante mensaje N\u00b0 26, por el que la Provincia adhiere en todos sus t\u00e9rminos al T\u00edtulo VII R\u00e9gimen de Incentivo para grandes inversiones (RIGI), regulado por la Ley Nacional N\u00ba 27.742.<\/p>\n<p>Despacho de Minor\u00eda de la Comisi\u00f3n de Legislaci\u00f3n y Asuntos Constitucionales en el expediente N\u00b0 1950-2024, en el Proyecto de Ley presentado por el Poder Ejecutivo, mediante mensaje N\u00b0 26, por el que la Provincia adhiere en todos sus t\u00e9rminos al T\u00edtulo VII R\u00e9gimen de Incentivo para grandes inversiones (RIGI), regulado por la Ley Nacional N\u00ba 27.742<\/p>\n<ul>\n<li>Despacho de la comisi\u00f3n de Educaci\u00f3n, Ciencia, T\u00e9cnica y Cultura, en el Proyecto de Resoluci\u00f3n presentado por el bloque San Juan Te Quiero, por el que se declaran de inter\u00e9s las actividades a realizarse en el marco del \u00abConcurso Fotogr\u00e1fico Chimbas Te Cuida. Prevengamos Los Siniestros Viales\u00bb.<\/li>\n<li>Despacho de las comisiones de Educaci\u00f3n, Ciencia, T\u00e9cnica y Cultura y Relaciones Interlegislativa e Internacionales, en el proyecto de Resoluci\u00f3n presentado por el bloque Justicialista por el declara de inter\u00e9s el Encuentro Binacional anual entre el Club Defensores del Este del departamento Caucete.<\/li>\n<li>\u00a0Despacho de las comisiones de Educaci\u00f3n, Ciencia, T\u00e9cnica y Cultura, en el Proyecto de Resoluci\u00f3n presentado por el Interbloque Cambia San Juan por el que se declaran de inter\u00e9s las actividades de las Jornadas Regionales de estudios hist\u00f3ricos de la Diversidad Religiosa.<\/li>\n<li>\u00a0Despacho de la comisi\u00f3n de Deporte y Turismo presentado por el Proyecto de Resoluci\u00f3n presentado por el Interbloque Cambia San Juan por el que se declara de inter\u00e9s el Centenario del Club Sportivo Rivadavia-La Bebida<\/li>\n<li>Despacho de comisi\u00f3n de Deporte y Turismo, en el proyecto de Resoluci\u00f3n presentado por el Interbloque Cambia San Juan, por el que declara de inter\u00e9s la 7\u00ba Copa Argentina de Master Voley.<\/li>\n<li>Despacho de las Comisi\u00f3n de Educaci\u00f3n, Ciencia, T\u00e9cnica y Cultura, en el proyecto de Resoluci\u00f3n presentado por el Interbloque Cambia San Juan, por el que declara de inter\u00e9s el 1\u00ba Congreso Nacional de Tendencias educativas actuales, Gesti\u00f3n y organizaci\u00f3n institucional del aula hacia la sociedad\u00bb.<\/li>\n<\/ul>\n<p><strong><span style=\"color: #800080;\">Sobre Tablas<\/span><\/strong><\/p>\n<p>Adem\u00e1s, la C\u00e1mara abordar\u00e1 sobre tablas un proyecto de Ley remitido por el Poder Ejecutivo que propone aprobar un convenio marco \u201cPrograma Provincial de Pavimentos Urbanos 2024\u201d suscripto entre la provincia de San Juan y los diecinueve municipios de la provincia.<\/p>\n<p>Por otro lado, el cuerpo Legislativo someter\u00e1 a tratamiento sobre tablas los siguientes proyectos de Resoluci\u00f3n que proponen declara de inter\u00e9s:<\/p>\n<ul>\n<li>La temporada oficial de Ciclismo de pista a\u00f1o 2024. (Bloque Justicialista)<\/li>\n<li>Las actividades a realizarse por la Semana de la Nutrici\u00f3n. (Interbloque Cambia San Juan)<\/li>\n<li>Las actividades que se realizar\u00e1n el d\u00eda 22 de agosto de 2024 con motivo de la presentaci\u00f3n del libro \u00abLa Hermana oculta de Sarmiento: Procesa\u00bb de la Magister Lic. Liz Clavel en el Museo Casa Natal de Sarmiento. (Interbloque Cambia San Juan)<\/li>\n<li>La participaci\u00f3n de los deportistas sanjuaninos integrantes de la Delegaci\u00f3n Argentina, en los Juegos Ol\u00edmpicos Paris 2024. (Bloque Justicialista)<\/li>\n<li>El Simposio de actualizaci\u00f3n sobre Archiv\u00edstica. (Interbloque Cambia San Juan)<\/li>\n<li>El Programa Nutrici\u00f3n en Vivo, el Programa Cosechando Buenos H\u00e1bitos y la Campa\u00f1a Alimentando Voluntades y la actividad Eleg\u00ed ser Saludable. (Interbloque Cambia San Juan)<\/li>\n<li>Las jornadas en conmemoraci\u00f3n a los 200 a\u00f1os del exilio del General Jos\u00e9 de San Mart\u00edn. (Bloque Justicialista)<\/li>\n<li>Las actividades a realizarse en conmemoraci\u00f3n del D\u00eda de San Roque Patrono del distrito de Tudcum, departamento Iglesia. (Bloque Bloquista)<\/li>\n<li>Las actividades que se llevan a cabo con motivo de conmemorarse el 116\u00ba aniversario del departamento Rivadavia. (Interbloque Cambia San Juan)<\/li>\n<\/ul>\n<figure id=\"attachment_37951\" aria-describedby=\"caption-attachment-37951\" style=\"width: 800px\" class=\"wp-caption alignnone\"><img loading=\"lazy\" decoding=\"async\" class=\"size-full wp-image-37951\" src=\"https:\/\/vocesparalelas.com.ar\/sitio\/wp-content\/uploads\/2021\/05\/CAMARA-EDIFICIO.jpg\" alt=\"\" width=\"800\" height=\"515\" srcset=\"https:\/\/vocesparalelas.com.ar\/sitio\/wp-content\/uploads\/2021\/05\/CAMARA-EDIFICIO.jpg 800w, https:\/\/vocesparalelas.com.ar\/sitio\/wp-content\/uploads\/2021\/05\/CAMARA-EDIFICIO-300x193.jpg 300w, https:\/\/vocesparalelas.com.ar\/sitio\/wp-content\/uploads\/2021\/05\/CAMARA-EDIFICIO-768x494.jpg 768w\" sizes=\"auto, (max-width: 800px) 100vw, 800px\" \/><figcaption id=\"caption-attachment-37951\" class=\"wp-caption-text\">Legislatura Provincial de San Juan, Rep\u00fablica Argentina<\/figcaption><\/figure>\n","protected":false},"excerpt":{"rendered":"<p>Los diputados de San Juan, titulares de los bloques que conforman la Legislatura Provincial llevaron a cabo la reuni\u00f3n de<\/p>\n","protected":false},"author":3,"featured_media":75747,"comment_status":"closed","ping_status":"closed","sticky":false,"template":"","format":"standard","meta":{"_acf_changed":false,"_seopress_robots_primary_cat":"none","_seopress_titles_title":"","_seopress_titles_desc":"","_seopress_robots_index":"","colormag_page_container_layout":"default_layout","colormag_page_sidebar_layout":"default_layout","footnotes":""},"categories":[1],"tags":[],"class_list":["post-75744","post","type-post","status-publish","format-standard","has-post-thumbnail","hentry","category-destacadas"],"acf":[],"_links":{"self":[{"href":"https:\/\/vocesparalelas.com.ar\/sitio\/wp-json\/wp\/v2\/posts\/75744","targetHints":{"allow":["GET"]}}],"collection":[{"href":"https:\/\/vocesparalelas.com.ar\/sitio\/wp-json\/wp\/v2\/posts"}],"about":[{"href":"https:\/\/vocesparalelas.com.ar\/sitio\/wp-json\/wp\/v2\/types\/post"}],"author":[{"embeddable":true,"href":"https:\/\/vocesparalelas.com.ar\/sitio\/wp-json\/wp\/v2\/users\/3"}],"replies":[{"embeddable":true,"href":"https:\/\/vocesparalelas.com.ar\/sitio\/wp-json\/wp\/v2\/comments?post=75744"}],"version-history":[{"count":1,"href":"https:\/\/vocesparalelas.com.ar\/sitio\/wp-json\/wp\/v2\/posts\/75744\/revisions"}],"predecessor-version":[{"id":75748,"href":"https:\/\/vocesparalelas.com.ar\/sitio\/wp-json\/wp\/v2\/posts\/75744\/revisions\/75748"}],"wp:featuredmedia":[{"embeddable":true,"href":"https:\/\/vocesparalelas.com.ar\/sitio\/wp-json\/wp\/v2\/media\/75747"}],"wp:attachment":[{"href":"https:\/\/vocesparalelas.com.ar\/sitio\/wp-json\/wp\/v2\/media?parent=75744"}],"wp:term":[{"taxonomy":"category","embeddable":true,"href":"https:\/\/vocesparalelas.com.ar\/sitio\/wp-json\/wp\/v2\/categories?post=75744"},{"taxonomy":"post_tag","embeddable":true,"href":"https:\/\/vocesparalelas.com.ar\/sitio\/wp-json\/wp\/v2\/tags?post=75744"}],"curies":[{"name":"wp","href":"https:\/\/api.w.org\/{rel}","templated":true}]}}