{"id":75740,"date":"2024-08-13T19:38:53","date_gmt":"2024-08-13T22:38:53","guid":{"rendered":"https:\/\/vocesparalelas.com.ar\/sitio\/?p=75740"},"modified":"2024-08-14T20:13:03","modified_gmt":"2024-08-14T23:13:03","slug":"por-mail-llega-el-aviso-de-la-acreditacion-del-beneficio-del-boleto-estudiantil-y-docente-de-san-juan","status":"publish","type":"post","link":"https:\/\/vocesparalelas.com.ar\/sitio\/por-mail-llega-el-aviso-de-la-acreditacion-del-beneficio-del-boleto-estudiantil-y-docente-de-san-juan\/","title":{"rendered":"Por mail llega el aviso de la acreditaci\u00f3n del beneficio del boleto estudiantil y docente de San Juan"},"content":{"rendered":"<p>El Ministerio de Gobierno, a trav\u00e9s de la Secretar\u00eda de Tr\u00e1nsito y Transporte informa que, a partir de este martes 13 de agosto, comenzar\u00e1 el proceso de activaci\u00f3n del beneficio del Boleto Escolar y Docente en la Tarjeta Sube.<\/p>\n<p>Lo primero que hay que saber es que, tras recibir el mail de confirmaci\u00f3n con la aprobaci\u00f3n del beneficio, el usuario debe esperar 48 a 72 horas h\u00e1biles para que se acredite efectivamente el beneficio en su tarjeta.<\/p>\n<p>Para que esto ocurra correctamente, cumplido el plazo mencionado, el usuario debe acercarse a un TAS cercana y pasar la tarjeta, o bien activar este beneficio a trav\u00e9s de un celular con NFC. Esta primera activaci\u00f3n es fundamental para que el beneficio impacte de manera directa en la tarjeta registrada a nombre del beneficiario (estudiante o docente).<\/p>\n<p>Es importante tener en consideraci\u00f3n que el beneficio es individual e intransferible. Esto quiere decir que, s\u00f3lo los estudiantes de los niveles inicial, primerio, secundario, terciario y universitario, y los docentes en actividad que hayan sido acreditados como tales (es decir, que hayan aparecido en las n\u00f3minas de la educaci\u00f3n privada y p\u00fablica) podr\u00e1n gozar del beneficio.<\/p>\n<p>El mail que llega a las casillas de correo que fueron declaradas por las personas que se inscribieron al beneficio es el siguiente:<\/p>\n<p>\u00a1Excelente noticia para la comunidad educativa!<\/p>\n<p>Desde el Ministerio de Gobierno nos complace informar que, a partir de ahora, el boleto escolar y docente estar\u00e1 disponible en tu tarjeta SUBE. Esto significa que tu solicitud HA SIDO APROBADA.<\/p>\n<p>Te pedimos que AGUARDES entre 48 y 72 horas h\u00e1biles para que se te habilite por primera vez el boleto escolar y docente en tu tarjeta.<\/p>\n<p>Cumplido este plazo, deber\u00e1s pasar tu tarjeta SUBE por una TAS habilitada, o bien por tu celular con NFC, para que impacte el beneficio.<\/p>\n<p>Esta medida beneficiar\u00e1 a miles de estudiantes y docentes de San Juan, quienes podr\u00e1n disfrutar de un transporte p\u00fablico diferenciado de una manera eficaz.<\/p>\n<p>Con la tarjeta SUBE registrada a tu nombre, podr\u00e1s:<\/p>\n<ul>\n<li>Obtener el boleto escolar y docente de inmediato sin necesidad de pedirle el beneficio al chofer.<\/li>\n<li>Acceder a un sistema de transporte p\u00fablico m\u00e1s eficiente y seguro.<\/li>\n<li>Podr\u00e1s dar de baja la tarjeta por p\u00e9rdida, robo o rotura desde el sitio web de Sube o el n\u00famero 0800 (0800-777-7823) sin necesidad de acudir presencialmente al Centro de Atenci\u00f3n Sube en el Centro C\u00edvico.<\/li>\n<li>Recuperar el saldo en caso de p\u00e9rdida, robo o rotura de la tarjeta. -Acceder a beneficios en descuentos nacionales o locales (jubilaci\u00f3n, becas escolares, beneficios a ex-combatientes de Malvinas, programas de Anses, etc.)<\/li>\n<\/ul>\n<p>En caso de que, en el lapso de una semana, el usuario no reciba el mail de aprobaci\u00f3n y no vea acreditado el beneficio en la tarjeta (luego de haber pasado por una TAS o de haber activado la tarjeta en un celular con NFC) podr\u00e1s enviar un mail a\u00a0<span id=\"cloak0902ccf81f7ad92a4d00747e1ef186f1\"><a href=\"mailto:info.sube@sanjuan.gov.ar\">info.sube@sanjuan.gov.ar<\/a><\/span>\u00a0para informar tu situaci\u00f3n particular.<\/p>\n<p>Advertencia: para no caer en estafas, es importante que el usuario tenga conocimiento que el Ministerio de Gobierno NO solicitar\u00e1 dinero extra.<\/p>\n<p>&nbsp;<\/p>\n<p><img loading=\"lazy\" decoding=\"async\" class=\"alignnone size-large wp-image-26759\" src=\"https:\/\/vocesparalelas.com.ar\/sitio\/wp-content\/uploads\/2020\/03\/SUBE-MAQUINA-800x456.jpg\" alt=\"\" width=\"800\" height=\"456\" srcset=\"https:\/\/vocesparalelas.com.ar\/sitio\/wp-content\/uploads\/2020\/03\/SUBE-MAQUINA.jpg 800w, https:\/\/vocesparalelas.com.ar\/sitio\/wp-content\/uploads\/2020\/03\/SUBE-MAQUINA-300x171.jpg 300w, https:\/\/vocesparalelas.com.ar\/sitio\/wp-content\/uploads\/2020\/03\/SUBE-MAQUINA-768x438.jpg 768w\" sizes=\"auto, (max-width: 800px) 100vw, 800px\" \/><\/p>\n","protected":false},"excerpt":{"rendered":"<p>El Ministerio de Gobierno, a trav\u00e9s de la Secretar\u00eda de Tr\u00e1nsito y Transporte informa que, a partir de este martes<\/p>\n","protected":false},"author":3,"featured_media":56958,"comment_status":"closed","ping_status":"closed","sticky":false,"template":"","format":"standard","meta":{"_acf_changed":false,"_seopress_robots_primary_cat":"none","_seopress_titles_title":"","_seopress_titles_desc":"","_seopress_robots_index":"","colormag_page_container_layout":"default_layout","colormag_page_sidebar_layout":"default_layout","footnotes":""},"categories":[5],"tags":[],"class_list":["post-75740","post","type-post","status-publish","format-standard","has-post-thumbnail","hentry","category-ofrecimientos"],"acf":[],"_links":{"self":[{"href":"https:\/\/vocesparalelas.com.ar\/sitio\/wp-json\/wp\/v2\/posts\/75740","targetHints":{"allow":["GET"]}}],"collection":[{"href":"https:\/\/vocesparalelas.com.ar\/sitio\/wp-json\/wp\/v2\/posts"}],"about":[{"href":"https:\/\/vocesparalelas.com.ar\/sitio\/wp-json\/wp\/v2\/types\/post"}],"author":[{"embeddable":true,"href":"https:\/\/vocesparalelas.com.ar\/sitio\/wp-json\/wp\/v2\/users\/3"}],"replies":[{"embeddable":true,"href":"https:\/\/vocesparalelas.com.ar\/sitio\/wp-json\/wp\/v2\/comments?post=75740"}],"version-history":[{"count":1,"href":"https:\/\/vocesparalelas.com.ar\/sitio\/wp-json\/wp\/v2\/posts\/75740\/revisions"}],"predecessor-version":[{"id":75743,"href":"https:\/\/vocesparalelas.com.ar\/sitio\/wp-json\/wp\/v2\/posts\/75740\/revisions\/75743"}],"wp:featuredmedia":[{"embeddable":true,"href":"https:\/\/vocesparalelas.com.ar\/sitio\/wp-json\/wp\/v2\/media\/56958"}],"wp:attachment":[{"href":"https:\/\/vocesparalelas.com.ar\/sitio\/wp-json\/wp\/v2\/media?parent=75740"}],"wp:term":[{"taxonomy":"category","embeddable":true,"href":"https:\/\/vocesparalelas.com.ar\/sitio\/wp-json\/wp\/v2\/categories?post=75740"},{"taxonomy":"post_tag","embeddable":true,"href":"https:\/\/vocesparalelas.com.ar\/sitio\/wp-json\/wp\/v2\/tags?post=75740"}],"curies":[{"name":"wp","href":"https:\/\/api.w.org\/{rel}","templated":true}]}}