{"id":75730,"date":"2024-08-13T23:14:11","date_gmt":"2024-08-14T02:14:11","guid":{"rendered":"https:\/\/vocesparalelas.com.ar\/sitio\/?p=75730"},"modified":"2024-08-13T23:14:11","modified_gmt":"2024-08-14T02:14:11","slug":"gonzalo-chalo-molina-en-san-juan-despues-de-los-juegos-olimpicos-paris-2024","status":"publish","type":"post","link":"https:\/\/vocesparalelas.com.ar\/sitio\/gonzalo-chalo-molina-en-san-juan-despues-de-los-juegos-olimpicos-paris-2024\/","title":{"rendered":"Gonzalo \u201cChalo\u201d Molina en San Juan despu\u00e9s de los Juegos Ol\u00edmpicos \u00abParis 2024\u00bb"},"content":{"rendered":"<p>El gobernador de San Juan, Dr. Marcelo Orrego recibi\u00f3 al piloto de BMX, Gonzalo \u201cChalo\u201d Molina, tras su reciente participaci\u00f3n en los Juegos Ol\u00edmpicos \u00abParis 2024\u00bb, que se realizaron en la Rep\u00fablica de Francia.<\/p>\n<p>El encuentro fue en Casa de Gobierno, y estuvieron acompa\u00f1ados por el Ministro de Turismo, Cultura y Deporte, Dr. Guido Romero, el secretario de Deporte, Dr. Pablo Tabachnik, el subsecretario de Alto Rendimiento, Eduardo Cerimedo.<\/p>\n<p><iframe loading=\"lazy\" title=\"Orrego recibi\u00f3 al deportista ol\u00edmpico Gonzalo Molina\" width=\"800\" height=\"450\" src=\"https:\/\/www.youtube.com\/embed\/4aMQBk6juS8?feature=oembed\" frameborder=\"0\" allow=\"accelerometer; autoplay; clipboard-write; encrypted-media; gyroscope; picture-in-picture; web-share\" referrerpolicy=\"strict-origin-when-cross-origin\" allowfullscreen><\/iframe><\/p>\n<p>Tras la visita, el deportista coment\u00f3 que \u201cfue una charla distendida en la cual pudimos hablar de los Juegos Ol\u00edmpicos, se pusieron a disposici\u00f3n en todo lo que necesite\u201d.<\/p>\n<p>Respecto a su experiencia en Par\u00eds, Chalo cont\u00f3 que \u201cfue totalmente distinto Paris que R\u00edo de Janeiro. Lo tom\u00e9 con otra tranquilidad, los resultados no acompa\u00f1aron, pero pude disfrutar mucho m\u00e1s que la vez anterior\u201d.<\/p>\n<p>Para finalizar, se refiri\u00f3 al futuro de su carrera y asegur\u00f3 que \u201cmi objetivo es el Mundial del a\u00f1o que viene y despu\u00e9s veremos c\u00f3mo sigo. Analizar si afrontamos un ciclo ol\u00edmpico m\u00e1s o no, pero depende mucho de c\u00f3mo est\u00e9 mi f\u00edsico, mi motivaci\u00f3n y mi cabeza. Por el momento mi objetivo es el mundial del a\u00f1o pr\u00f3ximo\u201d.<\/p>\n<p>&nbsp;<\/p>\n<p><img loading=\"lazy\" decoding=\"async\" class=\"alignnone size-full wp-image-75734\" src=\"https:\/\/vocesparalelas.com.ar\/sitio\/wp-content\/uploads\/2024\/08\/CHALO-MOLINA.jpg\" alt=\"\" width=\"800\" height=\"457\" srcset=\"https:\/\/vocesparalelas.com.ar\/sitio\/wp-content\/uploads\/2024\/08\/CHALO-MOLINA.jpg 800w, https:\/\/vocesparalelas.com.ar\/sitio\/wp-content\/uploads\/2024\/08\/CHALO-MOLINA-300x171.jpg 300w, https:\/\/vocesparalelas.com.ar\/sitio\/wp-content\/uploads\/2024\/08\/CHALO-MOLINA-768x439.jpg 768w\" sizes=\"auto, (max-width: 800px) 100vw, 800px\" \/><\/p>\n<p>&nbsp;<\/p>\n","protected":false},"excerpt":{"rendered":"<p>El gobernador de San Juan, Dr. Marcelo Orrego recibi\u00f3 al piloto de BMX, Gonzalo \u201cChalo\u201d Molina, tras su reciente participaci\u00f3n<\/p>\n","protected":false},"author":3,"featured_media":75733,"comment_status":"closed","ping_status":"closed","sticky":false,"template":"","format":"standard","meta":{"_acf_changed":false,"_seopress_robots_primary_cat":"none","_seopress_titles_title":"","_seopress_titles_desc":"","_seopress_robots_index":"","colormag_page_container_layout":"default_layout","colormag_page_sidebar_layout":"default_layout","footnotes":""},"categories":[1,7],"tags":[],"class_list":["post-75730","post","type-post","status-publish","format-standard","has-post-thumbnail","hentry","category-destacadas","category-videos"],"acf":[],"_links":{"self":[{"href":"https:\/\/vocesparalelas.com.ar\/sitio\/wp-json\/wp\/v2\/posts\/75730","targetHints":{"allow":["GET"]}}],"collection":[{"href":"https:\/\/vocesparalelas.com.ar\/sitio\/wp-json\/wp\/v2\/posts"}],"about":[{"href":"https:\/\/vocesparalelas.com.ar\/sitio\/wp-json\/wp\/v2\/types\/post"}],"author":[{"embeddable":true,"href":"https:\/\/vocesparalelas.com.ar\/sitio\/wp-json\/wp\/v2\/users\/3"}],"replies":[{"embeddable":true,"href":"https:\/\/vocesparalelas.com.ar\/sitio\/wp-json\/wp\/v2\/comments?post=75730"}],"version-history":[{"count":1,"href":"https:\/\/vocesparalelas.com.ar\/sitio\/wp-json\/wp\/v2\/posts\/75730\/revisions"}],"predecessor-version":[{"id":75735,"href":"https:\/\/vocesparalelas.com.ar\/sitio\/wp-json\/wp\/v2\/posts\/75730\/revisions\/75735"}],"wp:featuredmedia":[{"embeddable":true,"href":"https:\/\/vocesparalelas.com.ar\/sitio\/wp-json\/wp\/v2\/media\/75733"}],"wp:attachment":[{"href":"https:\/\/vocesparalelas.com.ar\/sitio\/wp-json\/wp\/v2\/media?parent=75730"}],"wp:term":[{"taxonomy":"category","embeddable":true,"href":"https:\/\/vocesparalelas.com.ar\/sitio\/wp-json\/wp\/v2\/categories?post=75730"},{"taxonomy":"post_tag","embeddable":true,"href":"https:\/\/vocesparalelas.com.ar\/sitio\/wp-json\/wp\/v2\/tags?post=75730"}],"curies":[{"name":"wp","href":"https:\/\/api.w.org\/{rel}","templated":true}]}}