{"id":75723,"date":"2024-08-13T14:10:17","date_gmt":"2024-08-13T17:10:17","guid":{"rendered":"https:\/\/vocesparalelas.com.ar\/sitio\/?p=75723"},"modified":"2024-08-14T22:10:26","modified_gmt":"2024-08-15T01:10:26","slug":"concierto-de-marchas-militares-en-el-auditorio-ing-juan-victoria-en-san-juan","status":"publish","type":"post","link":"https:\/\/vocesparalelas.com.ar\/sitio\/concierto-de-marchas-militares-en-el-auditorio-ing-juan-victoria-en-san-juan\/","title":{"rendered":"Concierto de Marchas Militares en el Auditorio Ing. Juan Victoria en San Juan"},"content":{"rendered":"<p>El S\u00e1bado, 17 de Agosto, a las 21 hs.; en el Auditorio Ing. Juan Victoria se desarrolla el Concierto de Marchas Militares en Homenaje al Padre de la Patria Gral. Jos\u00e9 de San Mart\u00edn.<\/p>\n<p><strong><span style=\"color: #0000ff;\">Programa<\/span><\/strong><\/p>\n<ul>\n<li>Divisi\u00f3n Banda de M\u00fasica de la Polic\u00eda de San Juan bajo la Direcci\u00f3n del Jefe de la Banda, Oficial Principal Ricardo Iv\u00e1n Quiroga<\/li>\n<li>Banda Militar El Tambolar del RIM 22 bajo la Direcci\u00f3n del Capit\u00e1n Maestro de Bandas Marcelo Guillermo Z\u00e1rate presentan el<\/li>\n<li>Instituto Nacional Sanmartiniano<\/li>\n<li>Asociaci\u00f3n Cultural Sanmartiniana de San Juan<\/li>\n<\/ul>\n<p><strong><span style=\"color: #0000ff;\">\u00abLa Gesta Sanmartiniana\u00bb Intervenci\u00f3n Art\u00edstica<\/span><\/strong><\/p>\n<ul>\n<li>Act\u00faan: Guillermo Kuchen y Juan Claudio Becerra<\/li>\n<li>Dirige: Flavia Dom\u00ednguez<\/li>\n<\/ul>\n<p><strong><span style=\"color: #0000ff;\">Entrada<\/span><\/strong><\/p>\n<p>Bono Contribuci\u00f3n a beneficio de CUVHONI $3000, en boleter\u00eda del Auditorio<\/p>\n<p><strong><span style=\"color: #0000ff;\">CUVHONI <\/span><\/strong><\/p>\n<p>Es importante recordar que CUVHONI es una ONG cuyos integrantes forman parte del cuerpo de voluntarias del Hospital de Ni\u00f1os.<\/p>\n<p><iframe loading=\"lazy\" title=\"CONCIERTO MUSICA MILITAR  EN SAN JUAN\" width=\"800\" height=\"450\" src=\"https:\/\/www.youtube.com\/embed\/i3OthBzKWc4?feature=oembed\" frameborder=\"0\" allow=\"accelerometer; autoplay; clipboard-write; encrypted-media; gyroscope; picture-in-picture; web-share\" referrerpolicy=\"strict-origin-when-cross-origin\" allowfullscreen><\/iframe><\/p>\n<p>&nbsp;<\/p>\n<p><img loading=\"lazy\" decoding=\"async\" class=\"alignnone size-full wp-image-61468\" src=\"https:\/\/vocesparalelas.com.ar\/sitio\/wp-content\/uploads\/2023\/07\/AUDITORIO-EDIFICIO.jpg\" alt=\"\" width=\"800\" height=\"533\" srcset=\"https:\/\/vocesparalelas.com.ar\/sitio\/wp-content\/uploads\/2023\/07\/AUDITORIO-EDIFICIO.jpg 800w, https:\/\/vocesparalelas.com.ar\/sitio\/wp-content\/uploads\/2023\/07\/AUDITORIO-EDIFICIO-300x200.jpg 300w, https:\/\/vocesparalelas.com.ar\/sitio\/wp-content\/uploads\/2023\/07\/AUDITORIO-EDIFICIO-768x512.jpg 768w\" sizes=\"auto, (max-width: 800px) 100vw, 800px\" \/><\/p>\n","protected":false},"excerpt":{"rendered":"<p>El S\u00e1bado, 17 de Agosto, a las 21 hs.; en el Auditorio Ing. Juan Victoria se desarrolla el Concierto de<\/p>\n","protected":false},"author":3,"featured_media":51729,"comment_status":"closed","ping_status":"closed","sticky":false,"template":"","format":"standard","meta":{"_acf_changed":false,"_seopress_robots_primary_cat":"none","_seopress_titles_title":"","_seopress_titles_desc":"","_seopress_robots_index":"","colormag_page_container_layout":"default_layout","colormag_page_sidebar_layout":"default_layout","footnotes":""},"categories":[20,7],"tags":[],"class_list":["post-75723","post","type-post","status-publish","format-standard","has-post-thumbnail","hentry","category-cartelera","category-videos"],"acf":[],"_links":{"self":[{"href":"https:\/\/vocesparalelas.com.ar\/sitio\/wp-json\/wp\/v2\/posts\/75723","targetHints":{"allow":["GET"]}}],"collection":[{"href":"https:\/\/vocesparalelas.com.ar\/sitio\/wp-json\/wp\/v2\/posts"}],"about":[{"href":"https:\/\/vocesparalelas.com.ar\/sitio\/wp-json\/wp\/v2\/types\/post"}],"author":[{"embeddable":true,"href":"https:\/\/vocesparalelas.com.ar\/sitio\/wp-json\/wp\/v2\/users\/3"}],"replies":[{"embeddable":true,"href":"https:\/\/vocesparalelas.com.ar\/sitio\/wp-json\/wp\/v2\/comments?post=75723"}],"version-history":[{"count":3,"href":"https:\/\/vocesparalelas.com.ar\/sitio\/wp-json\/wp\/v2\/posts\/75723\/revisions"}],"predecessor-version":[{"id":75804,"href":"https:\/\/vocesparalelas.com.ar\/sitio\/wp-json\/wp\/v2\/posts\/75723\/revisions\/75804"}],"wp:featuredmedia":[{"embeddable":true,"href":"https:\/\/vocesparalelas.com.ar\/sitio\/wp-json\/wp\/v2\/media\/51729"}],"wp:attachment":[{"href":"https:\/\/vocesparalelas.com.ar\/sitio\/wp-json\/wp\/v2\/media?parent=75723"}],"wp:term":[{"taxonomy":"category","embeddable":true,"href":"https:\/\/vocesparalelas.com.ar\/sitio\/wp-json\/wp\/v2\/categories?post=75723"},{"taxonomy":"post_tag","embeddable":true,"href":"https:\/\/vocesparalelas.com.ar\/sitio\/wp-json\/wp\/v2\/tags?post=75723"}],"curies":[{"name":"wp","href":"https:\/\/api.w.org\/{rel}","templated":true}]}}