{"id":75719,"date":"2024-08-13T13:44:03","date_gmt":"2024-08-13T16:44:03","guid":{"rendered":"https:\/\/vocesparalelas.com.ar\/sitio\/?p=75719"},"modified":"2024-08-14T20:11:32","modified_gmt":"2024-08-14T23:11:32","slug":"catedra-libre-de-musicologia-2024-de-la-ffha-de-la-unsj","status":"publish","type":"post","link":"https:\/\/vocesparalelas.com.ar\/sitio\/catedra-libre-de-musicologia-2024-de-la-ffha-de-la-unsj\/","title":{"rendered":"C\u00e1tedra Libre de Musicolog\u00eda 2024 de la FFHA de la UNSJ"},"content":{"rendered":"<p>La C\u00e1tedra Libre de Musicolog\u00eda 2024 dictada por el Instituto de Estudios Musicales de la Facultad de Filosof\u00eda, Humanidades y Artes de la UNSJ comienza el Mi\u00e9rcoles, 21 de Agosto. Esta propuesta se da bajo la modalidad virtual, por lo que contempla clases sincr\u00f3nicas los mi\u00e9rcoles entre 18.30 y 20.30 hs. Res. 115\/24-CD-FFHA.<\/p>\n<p><strong><span style=\"color: #ff6600;\">Contacto<\/span><\/strong><\/p>\n<p><a href=\"mailto:iem@ffha.unsj.edu.ar\">iem@ffha.unsj.edu.ar<\/a><\/p>\n<p><strong><span style=\"color: #ff6600;\">Programa<\/span><\/strong><\/p>\n<p><strong><span style=\"color: #ff6600;\">M\u00f3dulo 1: Iniciaci\u00f3n a la Musicolog\u00eda<\/span><\/strong><\/p>\n<ul>\n<li>Clase 1: \u00abDefiniciones de Musicolog\u00eda, orientaciones. Generalidades de la metodolog\u00eda y pr\u00e1cticas de investigaci\u00f3n de la m\u00fasica\u00bb a cargo de todos los docentes.<\/li>\n<li>Clase 2: \u00abT\u00e9cnicas de relevamiento y an\u00e1lisis de informaci\u00f3n hemerogr\u00e1fica. T\u00e9cnicas de archivos\u00bb, a cargo de la Prof. Yanet Hebe Geric\u00f3.<\/li>\n<li>Clase 3: \u00abLas m\u00fasicas en las diferentes culturas como objeto de estudio\u00bb a cargo de la Prof. Ana Cristina Pontoriero Palmero.<\/li>\n<li>Clase 4: \u00abAn\u00e1lisis musical y performance, \u00faltimas tendencias\u00bb, a cargo de la Prof. Ana Mar\u00eda Portillo.<\/li>\n<li>Clase 5: \u00abConstrucci\u00f3n de un proyecto de investigaci\u00f3n art\u00edstica en m\u00fasica\u00bb a cargo del Prof. Luis Gonzalo Meliccchio.<\/li>\n<li>Clase 6: \u00abMusicolog\u00eda Hist\u00f3rica: cruces con otras disciplinas human\u00edsticas, etapas y t\u00e9cnicas b\u00e1sicas de investigaci\u00f3n\u00bb.<\/li>\n<li>Clase 7: Evaluaci\u00f3n del trabajo final de los alumnos del m\u00f3dulo 1.<\/li>\n<\/ul>\n<p><span style=\"color: #ff6600;\"><strong>Inscripci\u00f3n<\/strong><\/span><\/p>\n<p><a href=\"https:\/\/docs.google.com\/forms\/d\/e\/1FAIpQLSd6a44PVh-g_slUeZt0jr2kGAlCtZ5dnKfIRXFq0DeccuS8gg\/viewform\">https:\/\/docs.google.com\/forms\/d\/e\/1FAIpQLSd6a44PVh-g_slUeZt0jr2kGAlCtZ5dnKfIRXFq0DeccuS8gg\/viewform<\/a><\/p>\n<p>&nbsp;<\/p>\n<p><img loading=\"lazy\" decoding=\"async\" class=\"alignnone size-large wp-image-43889\" src=\"https:\/\/vocesparalelas.com.ar\/sitio\/wp-content\/uploads\/2021\/11\/FFHA-FRENTE-1-800x600.jpg\" alt=\"\" width=\"800\" height=\"600\" srcset=\"https:\/\/vocesparalelas.com.ar\/sitio\/wp-content\/uploads\/2021\/11\/FFHA-FRENTE-1-800x600.jpg 800w, https:\/\/vocesparalelas.com.ar\/sitio\/wp-content\/uploads\/2021\/11\/FFHA-FRENTE-1-300x225.jpg 300w, https:\/\/vocesparalelas.com.ar\/sitio\/wp-content\/uploads\/2021\/11\/FFHA-FRENTE-1-768x576.jpg 768w, https:\/\/vocesparalelas.com.ar\/sitio\/wp-content\/uploads\/2021\/11\/FFHA-FRENTE-1.jpg 1024w\" sizes=\"auto, (max-width: 800px) 100vw, 800px\" \/><\/p>\n<p>&nbsp;<\/p>\n","protected":false},"excerpt":{"rendered":"<p>La C\u00e1tedra Libre de Musicolog\u00eda 2024 dictada por el Instituto de Estudios Musicales de la Facultad de Filosof\u00eda, Humanidades y<\/p>\n","protected":false},"author":3,"featured_media":30878,"comment_status":"closed","ping_status":"closed","sticky":false,"template":"","format":"standard","meta":{"_acf_changed":false,"_seopress_robots_primary_cat":"none","_seopress_titles_title":"","_seopress_titles_desc":"","_seopress_robots_index":"","colormag_page_container_layout":"default_layout","colormag_page_sidebar_layout":"default_layout","footnotes":""},"categories":[9],"tags":[],"class_list":["post-75719","post","type-post","status-publish","format-standard","has-post-thumbnail","hentry","category-cursos"],"acf":[],"_links":{"self":[{"href":"https:\/\/vocesparalelas.com.ar\/sitio\/wp-json\/wp\/v2\/posts\/75719","targetHints":{"allow":["GET"]}}],"collection":[{"href":"https:\/\/vocesparalelas.com.ar\/sitio\/wp-json\/wp\/v2\/posts"}],"about":[{"href":"https:\/\/vocesparalelas.com.ar\/sitio\/wp-json\/wp\/v2\/types\/post"}],"author":[{"embeddable":true,"href":"https:\/\/vocesparalelas.com.ar\/sitio\/wp-json\/wp\/v2\/users\/3"}],"replies":[{"embeddable":true,"href":"https:\/\/vocesparalelas.com.ar\/sitio\/wp-json\/wp\/v2\/comments?post=75719"}],"version-history":[{"count":1,"href":"https:\/\/vocesparalelas.com.ar\/sitio\/wp-json\/wp\/v2\/posts\/75719\/revisions"}],"predecessor-version":[{"id":75722,"href":"https:\/\/vocesparalelas.com.ar\/sitio\/wp-json\/wp\/v2\/posts\/75719\/revisions\/75722"}],"wp:featuredmedia":[{"embeddable":true,"href":"https:\/\/vocesparalelas.com.ar\/sitio\/wp-json\/wp\/v2\/media\/30878"}],"wp:attachment":[{"href":"https:\/\/vocesparalelas.com.ar\/sitio\/wp-json\/wp\/v2\/media?parent=75719"}],"wp:term":[{"taxonomy":"category","embeddable":true,"href":"https:\/\/vocesparalelas.com.ar\/sitio\/wp-json\/wp\/v2\/categories?post=75719"},{"taxonomy":"post_tag","embeddable":true,"href":"https:\/\/vocesparalelas.com.ar\/sitio\/wp-json\/wp\/v2\/tags?post=75719"}],"curies":[{"name":"wp","href":"https:\/\/api.w.org\/{rel}","templated":true}]}}