{"id":75680,"date":"2024-08-12T20:14:12","date_gmt":"2024-08-12T23:14:12","guid":{"rendered":"https:\/\/vocesparalelas.com.ar\/sitio\/?p=75680"},"modified":"2024-08-13T23:50:07","modified_gmt":"2024-08-14T02:50:07","slug":"el-duo-de-guitarra-y-flauta-traversa-en-el-concierto-de-musica-de-camara-en-el-auditorio-ing-juan-victoria","status":"publish","type":"post","link":"https:\/\/vocesparalelas.com.ar\/sitio\/el-duo-de-guitarra-y-flauta-traversa-en-el-concierto-de-musica-de-camara-en-el-auditorio-ing-juan-victoria\/","title":{"rendered":"El D\u00fao de Guitarra\u00a0y Flauta Traversa en el concierto de M\u00fasica de C\u00e1mara en el Auditorio Ing. Juan Victoria"},"content":{"rendered":"<p>El Mi\u00e9rcoles, 14 de Agosto, a las 21 hs.; en el Auditorio Ing. Juan Victoria, con entrada libre y gratuita, se presenta el D\u00fao de Guitarra\u00a0 y Flauta Traversa, interpretada por el Prof. Juan Almada y el Prof. Max Uzal, respectivamente. Los m\u00fasicos son Profesores de la Universidad Nacional de La Plata y poseen una gran trayectoria profesional.<\/p>\n<p><strong><span style=\"color: #ff6600;\">Es importante destacar que, la Comisi\u00f3n de M\u00fasica de C\u00e1mara est\u00e1 integrada <\/span><\/strong><\/p>\n<ul>\n<li>Prof. Maite Benavidez<\/li>\n<li>Prof. Luis Querales<\/li>\n<li>Prof. Ariadna Cibeira<\/li>\n<\/ul>\n<p>Por ello, Voces Paralelas desarroll\u00f3 una entrevista period\u00edstica al integrante de la Comisi\u00f3n de M\u00fasica de C\u00e1mara del Centro de Creaci\u00f3n Art\u00edstica Orquestal de Facultad de Filosof\u00eda, Humanidades y Artes de la Universidad Nacional de San Juan, Prof. Luis Querales, quien explic\u00f3 lo que significa la convocatoria no s\u00f3lo para el p\u00fablico sino para profesores y alumnos.<\/p>\n<p><iframe loading=\"lazy\" title=\"FFHA UNSJ\" width=\"800\" height=\"450\" src=\"https:\/\/www.youtube.com\/embed\/shWTHQijb80?feature=oembed\" frameborder=\"0\" allow=\"accelerometer; autoplay; clipboard-write; encrypted-media; gyroscope; picture-in-picture; web-share\" referrerpolicy=\"strict-origin-when-cross-origin\" allowfullscreen><\/iframe><\/p>\n<p>&nbsp;<\/p>\n<p>Luego,\u00a0 el Prof. Max Uzal describi\u00f3 la propuesta musical donde se conjuga la guitarra con la Flauta Traversa donde se produce una interpretaci\u00f3n poco com\u00fan y produce la atracci\u00f3n del p\u00fablico.<\/p>\n<p><iframe loading=\"lazy\" title=\"FFHA UNSJ\" width=\"800\" height=\"450\" src=\"https:\/\/www.youtube.com\/embed\/Ohgb8fVhsDw?feature=oembed\" frameborder=\"0\" allow=\"accelerometer; autoplay; clipboard-write; encrypted-media; gyroscope; picture-in-picture; web-share\" referrerpolicy=\"strict-origin-when-cross-origin\" allowfullscreen><\/iframe><\/p>\n<p>Luego el d\u00fao regal\u00f3 al p\u00fablico de las Voces Paralelas sonidos exquisitos y muy novedoso como la propuesta musical para disfrutar. Gracias por el gran regalo musical.<\/p>\n<p>&nbsp;<\/p>\n<p><iframe loading=\"lazy\" title=\"FFHA UNSJ\" width=\"800\" height=\"450\" src=\"https:\/\/www.youtube.com\/embed\/J5CrQ6eys-E?feature=oembed\" frameborder=\"0\" allow=\"accelerometer; autoplay; clipboard-write; encrypted-media; gyroscope; picture-in-picture; web-share\" referrerpolicy=\"strict-origin-when-cross-origin\" allowfullscreen><\/iframe><\/p>\n<p>&nbsp;<\/p>\n<p>Interpretan un repertorio variado integrado por obras musicales tanto francesas, italianas, espa\u00f1olas y latina<\/p>\n<p><strong><span style=\"color: #ff6600;\">Programa<\/span><\/strong><\/p>\n<p>Interpretan un repertorio variado integrado por obras musicales tanto francesas, italianas, espa\u00f1olas y latina<\/p>\n<p>Frederic HAND (1947)<\/p>\n<ul>\n<li>Four Excursions<\/li>\n<\/ul>\n<p>Federico BEILINSON (1980)<\/p>\n<ul>\n<li>Tres miradas para un encuentro<\/li>\n<\/ul>\n<p>Sergio ASSAD (1952)<\/p>\n<ul>\n<li>Menino<\/li>\n<li>C\u00edrculo M\u00e1gico<\/li>\n<\/ul>\n<p>Federico BEILINSON<\/p>\n<ul>\n<li>Claroscuro (dedicada al D\u00fao Juan Almada &#8211; Max Uzal)<\/li>\n<\/ul>\n<p>Astor PIAZZOLLA<\/p>\n<ul>\n<li>Estaciones Porte\u00f1as (Arr. S. Assad)<\/li>\n<\/ul>\n<p>&nbsp;<\/p>\n<p><img loading=\"lazy\" decoding=\"async\" class=\"alignnone size-full wp-image-61468\" src=\"https:\/\/vocesparalelas.com.ar\/sitio\/wp-content\/uploads\/2023\/07\/AUDITORIO-EDIFICIO.jpg\" alt=\"\" width=\"800\" height=\"533\" srcset=\"https:\/\/vocesparalelas.com.ar\/sitio\/wp-content\/uploads\/2023\/07\/AUDITORIO-EDIFICIO.jpg 800w, https:\/\/vocesparalelas.com.ar\/sitio\/wp-content\/uploads\/2023\/07\/AUDITORIO-EDIFICIO-300x200.jpg 300w, https:\/\/vocesparalelas.com.ar\/sitio\/wp-content\/uploads\/2023\/07\/AUDITORIO-EDIFICIO-768x512.jpg 768w\" sizes=\"auto, (max-width: 800px) 100vw, 800px\" \/><\/p>\n","protected":false},"excerpt":{"rendered":"<p>El Mi\u00e9rcoles, 14 de Agosto, a las 21 hs.; en el Auditorio Ing. Juan Victoria, con entrada libre y gratuita,<\/p>\n","protected":false},"author":3,"featured_media":75683,"comment_status":"closed","ping_status":"closed","sticky":false,"template":"","format":"standard","meta":{"_acf_changed":false,"_seopress_robots_primary_cat":"none","_seopress_titles_title":"","_seopress_titles_desc":"","_seopress_robots_index":"","colormag_page_container_layout":"default_layout","colormag_page_sidebar_layout":"default_layout","footnotes":""},"categories":[20,7],"tags":[],"class_list":["post-75680","post","type-post","status-publish","format-standard","has-post-thumbnail","hentry","category-cartelera","category-videos"],"acf":[],"_links":{"self":[{"href":"https:\/\/vocesparalelas.com.ar\/sitio\/wp-json\/wp\/v2\/posts\/75680","targetHints":{"allow":["GET"]}}],"collection":[{"href":"https:\/\/vocesparalelas.com.ar\/sitio\/wp-json\/wp\/v2\/posts"}],"about":[{"href":"https:\/\/vocesparalelas.com.ar\/sitio\/wp-json\/wp\/v2\/types\/post"}],"author":[{"embeddable":true,"href":"https:\/\/vocesparalelas.com.ar\/sitio\/wp-json\/wp\/v2\/users\/3"}],"replies":[{"embeddable":true,"href":"https:\/\/vocesparalelas.com.ar\/sitio\/wp-json\/wp\/v2\/comments?post=75680"}],"version-history":[{"count":1,"href":"https:\/\/vocesparalelas.com.ar\/sitio\/wp-json\/wp\/v2\/posts\/75680\/revisions"}],"predecessor-version":[{"id":75685,"href":"https:\/\/vocesparalelas.com.ar\/sitio\/wp-json\/wp\/v2\/posts\/75680\/revisions\/75685"}],"wp:featuredmedia":[{"embeddable":true,"href":"https:\/\/vocesparalelas.com.ar\/sitio\/wp-json\/wp\/v2\/media\/75683"}],"wp:attachment":[{"href":"https:\/\/vocesparalelas.com.ar\/sitio\/wp-json\/wp\/v2\/media?parent=75680"}],"wp:term":[{"taxonomy":"category","embeddable":true,"href":"https:\/\/vocesparalelas.com.ar\/sitio\/wp-json\/wp\/v2\/categories?post=75680"},{"taxonomy":"post_tag","embeddable":true,"href":"https:\/\/vocesparalelas.com.ar\/sitio\/wp-json\/wp\/v2\/tags?post=75680"}],"curies":[{"name":"wp","href":"https:\/\/api.w.org\/{rel}","templated":true}]}}