{"id":75645,"date":"2024-08-10T19:43:35","date_gmt":"2024-08-10T22:43:35","guid":{"rendered":"https:\/\/vocesparalelas.com.ar\/sitio\/?p=75645"},"modified":"2024-08-13T23:40:07","modified_gmt":"2024-08-14T02:40:07","slug":"el-libertador-del-sur-el-mas-ilustre-de-los-argentinos","status":"publish","type":"post","link":"https:\/\/vocesparalelas.com.ar\/sitio\/el-libertador-del-sur-el-mas-ilustre-de-los-argentinos\/","title":{"rendered":"\u201cEl Libertador del Sur, el m\u00e1s ilustre de los argentinos\u201d"},"content":{"rendered":"<p>El pr\u00f3cer Jos\u00e9 de San Mart\u00edn. Fue una figura clave para la concreci\u00f3n y la consolidaci\u00f3n de la independencia pol\u00edtica Argentina y contribuy\u00f3 de manera decisiva en los procesos independentistas de Chile y del Per\u00fa.<\/p>\n<p>Por el\u00a0Lic. Prof. Fernando A. Ocampo Bravo<\/p>\n<p>Este 17 de Agosto se conmemoran 174 a\u00f1os de la muerte del gran Argentino entre los Argentinos. El general Jos\u00e9 Francisco de San Mart\u00edn y Matorras, naci\u00f3 el 25 de febrero de 1778. Es una de las personalidades de la historia argentina que logr\u00f3 el reconocimiento indiscutido de todos los argentinos y del mundo, especialmente en Sudam\u00e9rica.<\/p>\n<p>Cada 17 de agosto se conmemora su paso a la inmortalidad. San Martin se\u00f1alar\u00e1: \u201cEn el \u00faltimo rinc\u00f3n de la Tierra en que me halle estar\u00e9 pronto a luchar por la libertad\u201d.<\/p>\n<p><span style=\"color: #0000ff;\">\u00bf<strong>Con qu\u00e9 t\u00edtulos se le conoce al General San Martin<\/strong>?<\/span><\/p>\n<p>Obtuvo la Medalla de Oro de los H\u00e9roes de Bail\u00e9n,\u200b premio militar espa\u00f1ol otorgado a San Mart\u00edn por decreto de la Junta Suprema de Sevilla del 11 de agosto de 1808, en m\u00e9rito a su acci\u00f3n en esta batalla ganada a los franceses, por la cual tambi\u00e9n fue ascendido al grado de teniente coronel. En 1814, San Mart\u00edn es nombrado Gobernador Intendente de Cuyo.<\/p>\n<p>En Argentina se le reconoce como el \u201cPadre de la Patria\u201d. En Per\u00fa, se lo recuerda Libertador de aquel pa\u00eds, con los t\u00edtulos de \u201cFundador de la Libertad del Per\u00fa\u201d, \u201cProtector del Per\u00fa\u201d, \u201cFundador de la Rep\u00fablica\u201d y \u201cGeneral\u00edsimo de las Armas\u201d. En Chile su ej\u00e9rcito lo ha destacado con el grado de Capit\u00e1n General, adem\u00e1s, solo tuvieron este grado en Chile el General O\u2019Higgins y el General Pinochet.<\/p>\n<p><span style=\"color: #0000ff;\"><strong>Seis momentos significativos en la vida de Jos\u00e9 de San Mart\u00edn<\/strong><\/span><\/p>\n<ul>\n<li>De Yapey\u00fa a Espa\u00f1a y de Europa a la revoluci\u00f3n.<\/li>\n<li>De la revoluci\u00f3n a la declaraci\u00f3n de la independencia.<\/li>\n<li>El Cruce de los Andes.<\/li>\n<li>De Lima a Guayaquil.<\/li>\n<li>De Guayaquil a la Argentina.<\/li>\n<li>De la Argentina a Francia.<\/li>\n<\/ul>\n<p><span style=\"color: #0000ff;\"><strong>An\u00e9cdotas del Padre de la Patria Argentino<\/strong>.<\/span><\/p>\n<ul>\n<li>Jos\u00e9 de San Mart\u00edn fue el menor de cinco hermanos: Mar\u00eda Elena (18 de agosto de 1771), Manuel Tadeo (28 de octubre de 1772), Juan Ferm\u00edn (5 de febrero de 1774), y Justo Rufino (1776).<\/li>\n<li>San Mart\u00edn y su carrera militar. A los 13 a\u00f1os ya se hab\u00eda incorporado al ej\u00e9rcito espa\u00f1ol y particip\u00f3 como voluntario en riesgosas misiones en el Norte de \u00c1frica. A los 15 fue ascendido a oficial. Una an\u00e9cdota indica que en el mot\u00edn de C\u00e1diz de 1808, cuando como edec\u00e1n del linchado general Solano, busc\u00f3 asilo en una ermita de la Virgen y que enfurecida, la turba le perdon\u00f3 la vida al estar bajo el amparo de \u201cla Madre de Jes\u00fas\u201d. San Mart\u00edn era devoto de la Virgen.<\/li>\n<li>Conoc\u00eda varios idiomas. Era un gran lector en franc\u00e9s, lat\u00edn e ingl\u00e9s, y a todas partes trasladaba su biblioteca personal. Una leyenda indoica que en el cruce de Los Andes, como pasatiempo, les le\u00eda fragmentos de obras cl\u00e1sicas a soldados analfabetos.<\/li>\n<li>El sable corvo de San Martin, fue adquirido en 1811 por \u00e9l, en Londres en una tienda de anticuario unas semanas antes de embarcarse hacia el R\u00edo de la Plata. Es un sable de origen \u00e1rabe, y en esa \u00e9poca era una de las armas blancas orientales de moda entre los militares ingleses y europeos.<\/li>\n<li>Sus achaques no le imped\u00edan estar al frente del ej\u00e9rcito. San Mart\u00edn padec\u00eda problemas pulmonares, producto de una herida en una batalla, reuma y \u00falcera estomacal. A pesar de sus problemas de salud siempre estaba dispuesto para la lucha. Ense\u00f1aba con el ejemplo. San Mart\u00edn falleci\u00f3 con un crucifijo en el pecho, no recibi\u00f3 los \u00faltimos sacramentos por su muerte repentina.<\/li>\n<li>Le gustaba mucho jugar al ajedrez. Seg\u00fan cuentas los historiadores, San Mart\u00edn era un excelente jugador y costaba ganarle.<\/li>\n<li>Su f\u00e9retro y la leyenda urbana. Una leyenda urbana sostiene que la Iglesia cat\u00f3lica se habr\u00eda opuesto a que se depositaran sus restos en la Catedral de Buenos Aires dada su \u201ccondici\u00f3n de mas\u00f3n\u201d que acarreaba. Seg\u00fan esta leyenda, solo tras largas negociaciones se habr\u00eda alcanzado un acuerdo, en virtud del cual el f\u00e9retro descansar\u00eda en una de las naves laterales de la catedral, e inclinado con su cabeza hacia abajo. Esta leyenda fue refutada por investigadores como Enrique Mario Mayochi, del Instituto Nacional Sanmartiniano, quien coment\u00f3: \u201cFue la Municipalidad de Buenos Aires la que gestion\u00f3 la cesi\u00f3n de parte del recinto catedralicio y (\u2026) la autorizaci\u00f3n debida fue dada por la autoridad eclesi\u00e1stica por entender, como antes se dijo, que ser\u00eda una gloria tener y custodiar los restos del Libertador. Cuanta otra cosa se diga no pasa de especulaci\u00f3n infundada o a\u00f1agaza malintencionada\u201d. En el mausoleo se encuentra escrito: \u201cTriunf\u00f3 en San Lorenzo, afirm\u00f3 la Independencia Argentina, pas\u00f3 los Andes, llev\u00f3 su bandera emancipadora a Chile, al Per\u00fa y al Ecuador\u201d.<\/li>\n<li>En cierta ocasi\u00f3n y de noche, se present\u00f3 en la ciudad de C\u00f3rdoba el general San Mart\u00edn, sin escolta, a excepci\u00f3n de uno de sus ayudantes que le serv\u00eda de acompa\u00f1ante. Nadie esperaba su visita y caus\u00f3 sorpresa a los oficiales de la guarnici\u00f3n.<\/li>\n<\/ul>\n<p>Reuni\u00f3 a los jefes y anunci\u00f3 que, al d\u00eda siguiente, pensaba revisar las tropas que se encontraban en la plaza. Luego de algunas horas, mientras se encontraba pensativo al lado de la chimenea, calent\u00e1ndose y secando sus ropas al mismo tiempo, le pasaron una tarjeta en la cual se le ped\u00eda una audiencia urgente \u201cpara un asunto de vida o muerte\u201d. Sin embargo, lo que m\u00e1s impresion\u00f3 a San Mart\u00edn fue un p\u00e1rrafo que dec\u00eda: \u201cDeseo hablar con el caballero don Jos\u00e9 de San Mart\u00edn, NO con el general\u201d. Teniendo curiosidad por conocer al autor, el general accedi\u00f3 a la entrevista. El visitante entr\u00f3 y dijo: \u00abSe\u00f1or don Jos\u00e9 de San Mart\u00edn, soy coronel pagador de los sueldos de las tropas que revistar\u00e1 ma\u00f1ana el general San Mart\u00edn. Teniendo el vicio del juego, anoche perd\u00ed a las cartas los fondos destinados a la corporaci\u00f3n. La visita del general me sorprende, cuando a\u00fan no vuelve el correo que envi\u00e9 a toda a toda prisa a vender todo cuanto poseo: conforme el reglamento, tendr\u00eda que ser degradado en p\u00fablico y fusilado a continuaci\u00f3n. No me aterrar\u00eda el castigo, que merezco, si no supiera que la misma descarga que acabe conmigo terminar\u00e1 tambi\u00e9n con una anciana que tiene fe en m\u00ed, por que soy lo \u00fanico que le queda en la vida. \u00bfQuiere usted, prestarme el dinero para salvarme, seguro de que no solo repondr\u00e9 lo perdido y nunca volver\u00e9 a cometer un acto como este, si no seguro tambi\u00e9n de que dos seres rezar\u00e1n eternamente por usted?\u00bb San Mart\u00edn le entreg\u00f3 el dinero faltante y dijo: \u00abTome la cantidad, pero que no lo sepa nunca el general San Mart\u00edn. Es un hombre capaz de fusilarnos a usted y a m\u00ed, si lo supiera\u00bb.<\/p>\n<ul>\n<li>En 1946 en pleno gobierno del General Juan Domingo Per\u00f3n en Argentina, el entonces embajador argentino Oscar Ivanissevich obsequi\u00f3 al presidente Harry Truman un retrato del General San Mart\u00edn, que permaneci\u00f3 en la Casa Blanca durante a\u00f1os. Al parecer Truman ten\u00eda una especie de afici\u00f3n o gesto c\u00edvico que consist\u00eda en exhibir, a trav\u00e9s de retratos, a h\u00e9roes de origen extranjero en el famoso Sal\u00f3n Oval de la Casa Blanca. Oficina que representa el principal lugar de trabajo del presidente de los Estados Unidos, donde realiza muchas de sus funciones oficiales, se re\u00fane con asesores y recibe a l\u00edderes de otras latitudes del mundo . Esta situaci\u00f3n convirti\u00f3 a Jos\u00e9 de San Mart\u00edn, el libertador de Argentina, en el \u00fanico pr\u00f3cer argentino cuya imagen estuvo presente por m\u00e1s de una d\u00e9cada en ese \u00e1mbito tan trascendente para la historia de la humanidad. Tambi\u00e9n ten\u00eda en su oficina Truman, los cuadros de Washington y Bol\u00edvar. Otro, General Chileno y pr\u00f3cer de la \u00e9poca el General Jos\u00e9 Miguel Carrera. Hizo una gesta de ir a Estados Unidos y hablar con el presidente de esta naci\u00f3n incipiente. Poinsett amigo de Carrera, lo introdujo al entonces secretario de Estado, James Monroe,\u200b a trav\u00e9s de quien logr\u00f3 entrevistarse con el presidente del momento, James Madison, quien se excus\u00f3 de no poder hacer nada por la liberaci\u00f3n de Am\u00e9rica del Sur, ya que en ese tiempo Estados Unidos se encontraba en negociaciones para comprar Florida a Espa\u00f1a. El General Carrera, logr\u00f3 reunir cinco embarcaciones: la corbeta Clifton, la fragata General Scott, la goleta Davey y los bergantines (Buque de dos palos y vela cuadrada o redonda) Savage y Regente, adem\u00e1s de armamento y soldados para la liberaci\u00f3n de Chile. Estas naves ayudaron a la emancipaci\u00f3n libertadora.<\/li>\n<\/ul>\n<p><span style=\"color: #0000ff;\"><strong>Diez frases posiblemente atribuidas al general San Martin<\/strong><\/span><\/p>\n<ol>\n<li>\u00abMi sable nunca saldr\u00e1 de la vaina por opiniones pol\u00edticas\u00bb.<\/li>\n<li>\u00abUna derrota peleada vale m\u00e1s que una victoria casual\u00bb.<\/li>\n<li>\u00abLa conciencia es el mejor juez que tiene un hombre de bien\u00bb.<\/li>\n<li>\u00abCuando la Patria est\u00e1 en peligro todo est\u00e1 permitido, excepto no defenderla\u00bb.<\/li>\n<li>\u00abSi somos libres, todo nos sobra\u00bb.<\/li>\n<li>\u00abMi nombre es lo bastante c\u00e9lebre para que yo lo manche con una infracci\u00f3n a mis promesas\u00bb.<\/li>\n<li>\u00abHace m\u00e1s ruido un hombre gritando que cien mil que est\u00e1n callados\u00bb.<\/li>\n<li>\u00abLa soberbia es una discapacidad que suele afectar a pobres infelices mortales que se encuentran de golpe con una miserable cuota de poder\u00bb.<\/li>\n<li>\u00abMi mejor amigo es el que enmienda mis errores o reprueba mis desaciertos\u00bb.<\/li>\n<li>\u00abMi juventud fue sacrificada al servicio de los espa\u00f1oles; mi edad mediana al de la Patria; creo que me he ganado mi vejez\u00bb.<\/li>\n<\/ol>\n<p><span style=\"color: #0000ff;\"><strong>Su lugar en la construcci\u00f3n de la identidad nacional argentina<\/strong><\/span><\/p>\n<p>La figura de San Mart\u00edn ocupa un lugar central en la versi\u00f3n de la historia que ha circulado en las escuelas argentinas, a trav\u00e9s de las cuales se ha conformado la identidad de muchos de los ciudadanos de este estado hispanoamericano. A San Mart\u00edn se lo ha considerado el \u201cPadre de la Patria\u201d, fundamentalmente a partir de la obra de Bartolom\u00e9 Mitre, Historia de San Mart\u00edn y de la emancipaci\u00f3n americana, y de la de Ricardo Rojas, El santo de la espada.<\/p>\n<p>Historiadores como Rodolfo Terragno o Luis Alberto Romero sostienen que ten\u00eda a lo sumo un ideal americanista y no una identidad argentina, ya que no pod\u00eda ser parte de algo que a\u00fan no exist\u00eda.<\/p>\n<p>Una de las principales l\u00edneas f\u00e9rreas de la Argentina lleva su nombre. El Ferrocarril General San Mart\u00edn recorre el pa\u00eds desde la ciudad de Buenos Aires hasta las provincias de Mendoza y San Juan, en la zona de Cuyo, de la que fue gobernador.<\/p>\n<p><span style=\"color: #0000ff;\"><strong>\u00abM\u00e1ximas para mi hija\u00bb, por Jos\u00e9 de San Mart\u00edn<\/strong><\/span><\/p>\n<p>En 1825 desde Bruselas, Jos\u00e9 de San Mart\u00edn escribi\u00f3 \u201cM\u00e1ximas para mi hija\u201d, una lista de consejos dirigidos a Merceditas que deb\u00eda tener en cuenta en su vida y en los que dej\u00f3 en claro sus valores e ideales: sobre todo promueve su visi\u00f3n sobre la educaci\u00f3n. Las m\u00e1ximas de San Mart\u00edn se convirtieron en un legado que casi dos siglos despu\u00e9s, no pierde vigencia. Si uno como ciudadano a pie, quiere saber c\u00f3mo pensaba el Libertador del Sur, lea estas m\u00e1ximas a su hija Mercedes:<\/p>\n<ol>\n<li>Humanizar el car\u00e1cter y hacerlo sensible a\u00fan con los insectos que nos perjudican. Stern ha dicho a una mosca abri\u00e9ndole la ventana para que saliese: \u201cAnda, pobre animal, el mundo es demasiado grande para nosotros dos\u201d.<\/li>\n<li>Inspirarla amor a la verdad y odio a la mentira.<\/li>\n<li>Inspirarla gran confianza y amistad pero uniendo el respeto.<\/li>\n<li>Estimular en Mercedes la caridad con los pobres.<\/li>\n<li>Respeto sobre la propiedad ajena.<\/li>\n<li>Acostumbrarla a guardar un secreto.<\/li>\n<li>Inspirarla sentimientos de indulgencia hacia todas las religiones.<\/li>\n<li>Dulzura con los criados, pobres y viejos.<\/li>\n<li>Que hable poco y lo preciso.<\/li>\n<li>Acostumbrarla a estar formal en la mesa.<\/li>\n<li>Amor al aseo y desprecio al lujo.<\/li>\n<li>Inspirarla amor por la Patria y por la Libertad.<\/li>\n<\/ol>\n<p>El 17 de agosto de 1850 muri\u00f3 Jos\u00e9 de San Mart\u00edn: un militar y pol\u00edtico argentino que, gracias a su labor, se convirti\u00f3 en uno de los m\u00e1ximos referentes por la lucha de la independencia del territorio nacional, y as\u00ed es como se gan\u00f3 el t\u00edtulo del \u201cPadre de la Patria y el m\u00e1s ilustre de los Argentinos\u201d.<\/p>\n<p><iframe loading=\"lazy\" title=\"MINUTO DE SILENCIO AL GRAL JOS\u00c9 DE SAN MART\u00cdN\" width=\"800\" height=\"450\" src=\"https:\/\/www.youtube.com\/embed\/thS6VR6cqm8?feature=oembed\" frameborder=\"0\" allow=\"accelerometer; autoplay; clipboard-write; encrypted-media; gyroscope; picture-in-picture; web-share\" referrerpolicy=\"strict-origin-when-cross-origin\" allowfullscreen><\/iframe><\/p>\n<p>&nbsp;<\/p>\n","protected":false},"excerpt":{"rendered":"<p>El pr\u00f3cer Jos\u00e9 de San Mart\u00edn. Fue una figura clave para la concreci\u00f3n y la consolidaci\u00f3n de la independencia pol\u00edtica<\/p>\n","protected":false},"author":3,"featured_media":62441,"comment_status":"closed","ping_status":"closed","sticky":false,"template":"","format":"standard","meta":{"_acf_changed":false,"_seopress_robots_primary_cat":"none","_seopress_titles_title":"","_seopress_titles_desc":"","_seopress_robots_index":"","colormag_page_container_layout":"default_layout","colormag_page_sidebar_layout":"default_layout","footnotes":""},"categories":[10,7],"tags":[],"class_list":["post-75645","post","type-post","status-publish","format-standard","has-post-thumbnail","hentry","category-opiniones","category-videos"],"acf":[],"_links":{"self":[{"href":"https:\/\/vocesparalelas.com.ar\/sitio\/wp-json\/wp\/v2\/posts\/75645","targetHints":{"allow":["GET"]}}],"collection":[{"href":"https:\/\/vocesparalelas.com.ar\/sitio\/wp-json\/wp\/v2\/posts"}],"about":[{"href":"https:\/\/vocesparalelas.com.ar\/sitio\/wp-json\/wp\/v2\/types\/post"}],"author":[{"embeddable":true,"href":"https:\/\/vocesparalelas.com.ar\/sitio\/wp-json\/wp\/v2\/users\/3"}],"replies":[{"embeddable":true,"href":"https:\/\/vocesparalelas.com.ar\/sitio\/wp-json\/wp\/v2\/comments?post=75645"}],"version-history":[{"count":3,"href":"https:\/\/vocesparalelas.com.ar\/sitio\/wp-json\/wp\/v2\/posts\/75645\/revisions"}],"predecessor-version":[{"id":75650,"href":"https:\/\/vocesparalelas.com.ar\/sitio\/wp-json\/wp\/v2\/posts\/75645\/revisions\/75650"}],"wp:featuredmedia":[{"embeddable":true,"href":"https:\/\/vocesparalelas.com.ar\/sitio\/wp-json\/wp\/v2\/media\/62441"}],"wp:attachment":[{"href":"https:\/\/vocesparalelas.com.ar\/sitio\/wp-json\/wp\/v2\/media?parent=75645"}],"wp:term":[{"taxonomy":"category","embeddable":true,"href":"https:\/\/vocesparalelas.com.ar\/sitio\/wp-json\/wp\/v2\/categories?post=75645"},{"taxonomy":"post_tag","embeddable":true,"href":"https:\/\/vocesparalelas.com.ar\/sitio\/wp-json\/wp\/v2\/tags?post=75645"}],"curies":[{"name":"wp","href":"https:\/\/api.w.org\/{rel}","templated":true}]}}