{"id":75622,"date":"2024-08-09T22:41:20","date_gmt":"2024-08-10T01:41:20","guid":{"rendered":"https:\/\/vocesparalelas.com.ar\/sitio\/?p=75622"},"modified":"2024-08-09T23:41:31","modified_gmt":"2024-08-10T02:41:31","slug":"entrevistas-para-concursar-el-cargo-de-asesor-oficial-del-poder-judicial-de-san-juan","status":"publish","type":"post","link":"https:\/\/vocesparalelas.com.ar\/sitio\/entrevistas-para-concursar-el-cargo-de-asesor-oficial-del-poder-judicial-de-san-juan\/","title":{"rendered":"Entrevistas para concursar el cargo de Asesor Oficial del Poder Judicial de San Juan"},"content":{"rendered":"<p>La comisi\u00f3n de Justicia y Seguridad de la C\u00e1mara de Diputados de San Juan llev\u00f3 a cabo las entrevistas a las postulantes para concursar el cargo de Asesor Oficial del Poder Judicial.<\/p>\n<p>La terna est\u00e1 integrada por las abogadas Ana Martina Dai Pra; Mar\u00eda Gabriela Lanzone Frazeto y Fabiana Beatriz Anzorena.<\/p>\n<p>La actividad estuvo presidida por la titular de la comisi\u00f3n, diputada Marcela Quiroga. Participaron los legisladores Enzo Cornejo, Horacio Quiroga, Gabriel S\u00e1nchez, Juan de la Cruz C\u00f3rdoba, Luis Rueda, Mario Herrero y las diputadas Alejandra Leonardo y Sonia Ferreyra.<\/p>\n<figure id=\"attachment_37951\" aria-describedby=\"caption-attachment-37951\" style=\"width: 800px\" class=\"wp-caption alignnone\"><img loading=\"lazy\" decoding=\"async\" class=\"size-full wp-image-37951\" src=\"https:\/\/vocesparalelas.com.ar\/sitio\/wp-content\/uploads\/2021\/05\/CAMARA-EDIFICIO.jpg\" alt=\"\" width=\"800\" height=\"515\" srcset=\"https:\/\/vocesparalelas.com.ar\/sitio\/wp-content\/uploads\/2021\/05\/CAMARA-EDIFICIO.jpg 800w, https:\/\/vocesparalelas.com.ar\/sitio\/wp-content\/uploads\/2021\/05\/CAMARA-EDIFICIO-300x193.jpg 300w, https:\/\/vocesparalelas.com.ar\/sitio\/wp-content\/uploads\/2021\/05\/CAMARA-EDIFICIO-768x494.jpg 768w\" sizes=\"auto, (max-width: 800px) 100vw, 800px\" \/><figcaption id=\"caption-attachment-37951\" class=\"wp-caption-text\">Legislatura Provincial de San Juan, Rep\u00fablica Argentina<\/figcaption><\/figure>\n<p>&nbsp;<\/p>\n<p>&nbsp;<\/p>\n<p>&nbsp;<\/p>\n","protected":false},"excerpt":{"rendered":"<p>La comisi\u00f3n de Justicia y Seguridad de la C\u00e1mara de Diputados de San Juan llev\u00f3 a cabo las entrevistas a<\/p>\n","protected":false},"author":3,"featured_media":75625,"comment_status":"closed","ping_status":"closed","sticky":false,"template":"","format":"standard","meta":{"_acf_changed":false,"_seopress_robots_primary_cat":"none","_seopress_titles_title":"","_seopress_titles_desc":"","_seopress_robots_index":"","colormag_page_container_layout":"default_layout","colormag_page_sidebar_layout":"default_layout","footnotes":""},"categories":[1],"tags":[],"class_list":["post-75622","post","type-post","status-publish","format-standard","has-post-thumbnail","hentry","category-destacadas"],"acf":[],"_links":{"self":[{"href":"https:\/\/vocesparalelas.com.ar\/sitio\/wp-json\/wp\/v2\/posts\/75622","targetHints":{"allow":["GET"]}}],"collection":[{"href":"https:\/\/vocesparalelas.com.ar\/sitio\/wp-json\/wp\/v2\/posts"}],"about":[{"href":"https:\/\/vocesparalelas.com.ar\/sitio\/wp-json\/wp\/v2\/types\/post"}],"author":[{"embeddable":true,"href":"https:\/\/vocesparalelas.com.ar\/sitio\/wp-json\/wp\/v2\/users\/3"}],"replies":[{"embeddable":true,"href":"https:\/\/vocesparalelas.com.ar\/sitio\/wp-json\/wp\/v2\/comments?post=75622"}],"version-history":[{"count":1,"href":"https:\/\/vocesparalelas.com.ar\/sitio\/wp-json\/wp\/v2\/posts\/75622\/revisions"}],"predecessor-version":[{"id":75626,"href":"https:\/\/vocesparalelas.com.ar\/sitio\/wp-json\/wp\/v2\/posts\/75622\/revisions\/75626"}],"wp:featuredmedia":[{"embeddable":true,"href":"https:\/\/vocesparalelas.com.ar\/sitio\/wp-json\/wp\/v2\/media\/75625"}],"wp:attachment":[{"href":"https:\/\/vocesparalelas.com.ar\/sitio\/wp-json\/wp\/v2\/media?parent=75622"}],"wp:term":[{"taxonomy":"category","embeddable":true,"href":"https:\/\/vocesparalelas.com.ar\/sitio\/wp-json\/wp\/v2\/categories?post=75622"},{"taxonomy":"post_tag","embeddable":true,"href":"https:\/\/vocesparalelas.com.ar\/sitio\/wp-json\/wp\/v2\/tags?post=75622"}],"curies":[{"name":"wp","href":"https:\/\/api.w.org\/{rel}","templated":true}]}}