{"id":75608,"date":"2024-08-09T21:35:08","date_gmt":"2024-08-10T00:35:08","guid":{"rendered":"https:\/\/vocesparalelas.com.ar\/sitio\/?p=75608"},"modified":"2024-08-09T23:14:26","modified_gmt":"2024-08-10T02:14:26","slug":"inauguracion-de-la-sala-cultural-carlos-montbrun-ocampo-en-el-departamento-albardon-en-san-juan","status":"publish","type":"post","link":"https:\/\/vocesparalelas.com.ar\/sitio\/inauguracion-de-la-sala-cultural-carlos-montbrun-ocampo-en-el-departamento-albardon-en-san-juan\/","title":{"rendered":"Inauguraci\u00f3n de la Sala Cultural \u00abCarlos Montbr\u00fan Ocampo\u00bb en el Departamento Albard\u00f3n en San Juan"},"content":{"rendered":"<p>El Secretario de Cultura de la Naci\u00f3n, Leonardo Cifelli, lleg\u00f3 el Jueves, 8 de Agostos a San Juan, acompa\u00f1ado por el director nacional de Inauguraci\u00f3n Federal y Cooperaci\u00f3n Internacional, Gast\u00f3n Pulero y por el coordinador de la red de Casas del Bicentenario, Jonatan Villalva.<\/p>\n<p>En el marco de la visita, el Secretario de Cultura de la Naci\u00f3n, Leonardo Cifelli recorri\u00f3 la Biblioteca Franklin, primera biblioteca popular de Sudam\u00e9rica, fundada por el entonces presidente de la Naci\u00f3n, Domingo F. Sarmiento. La comitiva fue recibida por el presidente de la instituci\u00f3n, Ing. Francisco C\u00f3nsulo, el equipo directivo de la biblioteca, el secretario de Cultura de la provincia, Eduardo Varela y la subsecretaria General de Coordinaci\u00f3n, Marcela Zegaib.<\/p>\n<p><img loading=\"lazy\" decoding=\"async\" class=\"alignnone size-full wp-image-75611\" src=\"https:\/\/vocesparalelas.com.ar\/sitio\/wp-content\/uploads\/2024\/08\/NACION-CULTURAL-01.jpg\" alt=\"\" width=\"800\" height=\"533\" srcset=\"https:\/\/vocesparalelas.com.ar\/sitio\/wp-content\/uploads\/2024\/08\/NACION-CULTURAL-01.jpg 800w, https:\/\/vocesparalelas.com.ar\/sitio\/wp-content\/uploads\/2024\/08\/NACION-CULTURAL-01-300x200.jpg 300w, https:\/\/vocesparalelas.com.ar\/sitio\/wp-content\/uploads\/2024\/08\/NACION-CULTURAL-01-768x512.jpg 768w\" sizes=\"auto, (max-width: 800px) 100vw, 800px\" \/><\/p>\n<p>Luego, se trasladaron hacia el departamento Albard\u00f3n, para la inauguraci\u00f3n de la nueva Sala Cultural Carlos Montbr\u00fan Ocampo, en honor al m\u00fasico y compositor de folclore argentino. Fue recibido por la ministra de Gobierno, Dra. Laura Palma, el intendente de la Municipalidad de Albard\u00f3n, Juan Carlos Abarca, concejales y funcionarios del departamento.<\/p>\n<p>El funcionario nacional se refiri\u00f3 a la inauguraci\u00f3n del polo cultural y coment\u00f3 que \u00abun nuevo espacio de cultura que se inaugura es la construcci\u00f3n de nuestra identidad. Hoy tenemos m\u00e1s de 130 casas culturales y estoy seguro que en esta sala todos van a poder encontrar inspiraci\u00f3n y expresar su creatividad\u00bb, para luego realizar un recorrido para ver las obras y esculturas ofrecidas en el nuevo espacio cultural.<\/p>\n<p>La visita continu\u00f3 por la nueva bodega \u201cLas Cambachas\u201d. Emilio Lorenzo, en\u00f3logo y propietario del lugar, present\u00f3 sus vinos de autor a los asistentes.<\/p>\n<p>&nbsp;<\/p>\n<p>&nbsp;<\/p>\n","protected":false},"excerpt":{"rendered":"<p>El Secretario de Cultura de la Naci\u00f3n, Leonardo Cifelli, lleg\u00f3 el Jueves, 8 de Agostos a San Juan, acompa\u00f1ado por<\/p>\n","protected":false},"author":3,"featured_media":75612,"comment_status":"closed","ping_status":"closed","sticky":false,"template":"","format":"standard","meta":{"_acf_changed":false,"_seopress_robots_primary_cat":"none","_seopress_titles_title":"","_seopress_titles_desc":"","_seopress_robots_index":"","colormag_page_container_layout":"default_layout","colormag_page_sidebar_layout":"default_layout","footnotes":""},"categories":[1],"tags":[],"class_list":["post-75608","post","type-post","status-publish","format-standard","has-post-thumbnail","hentry","category-destacadas"],"acf":[],"_links":{"self":[{"href":"https:\/\/vocesparalelas.com.ar\/sitio\/wp-json\/wp\/v2\/posts\/75608","targetHints":{"allow":["GET"]}}],"collection":[{"href":"https:\/\/vocesparalelas.com.ar\/sitio\/wp-json\/wp\/v2\/posts"}],"about":[{"href":"https:\/\/vocesparalelas.com.ar\/sitio\/wp-json\/wp\/v2\/types\/post"}],"author":[{"embeddable":true,"href":"https:\/\/vocesparalelas.com.ar\/sitio\/wp-json\/wp\/v2\/users\/3"}],"replies":[{"embeddable":true,"href":"https:\/\/vocesparalelas.com.ar\/sitio\/wp-json\/wp\/v2\/comments?post=75608"}],"version-history":[{"count":2,"href":"https:\/\/vocesparalelas.com.ar\/sitio\/wp-json\/wp\/v2\/posts\/75608\/revisions"}],"predecessor-version":[{"id":75614,"href":"https:\/\/vocesparalelas.com.ar\/sitio\/wp-json\/wp\/v2\/posts\/75608\/revisions\/75614"}],"wp:featuredmedia":[{"embeddable":true,"href":"https:\/\/vocesparalelas.com.ar\/sitio\/wp-json\/wp\/v2\/media\/75612"}],"wp:attachment":[{"href":"https:\/\/vocesparalelas.com.ar\/sitio\/wp-json\/wp\/v2\/media?parent=75608"}],"wp:term":[{"taxonomy":"category","embeddable":true,"href":"https:\/\/vocesparalelas.com.ar\/sitio\/wp-json\/wp\/v2\/categories?post=75608"},{"taxonomy":"post_tag","embeddable":true,"href":"https:\/\/vocesparalelas.com.ar\/sitio\/wp-json\/wp\/v2\/tags?post=75608"}],"curies":[{"name":"wp","href":"https:\/\/api.w.org\/{rel}","templated":true}]}}