{"id":75589,"date":"2024-08-08T19:20:46","date_gmt":"2024-08-08T22:20:46","guid":{"rendered":"https:\/\/vocesparalelas.com.ar\/sitio\/?p=75589"},"modified":"2024-08-09T00:21:11","modified_gmt":"2024-08-09T03:21:11","slug":"xxxv-congreso-argentino-de-derecho-internacional-en-san-juan","status":"publish","type":"post","link":"https:\/\/vocesparalelas.com.ar\/sitio\/xxxv-congreso-argentino-de-derecho-internacional-en-san-juan\/","title":{"rendered":"XXXV Congreso Argentino de Derecho Internacional en San Juan"},"content":{"rendered":"<p>El vicegobernador de San Juan, Dr. Fabi\u00e1n Mart\u00edn inaugur\u00f3 el XXXV Congreso Argentino de Derecho Internacional en la Facultad de Derecho y Ciencias Sociales de la Universidad Cat\u00f3lica de Cuyo. Acompa\u00f1\u00f3 en la ocasi\u00f3n el diputado Dr. Juan de la Cruz C\u00f3rdoba, que comenz\u00f3 el Jueves, 08 y se extiende hasta el S\u00e1bado, 10 de Agosto.<\/p>\n<p>El congreso re\u00fane a destacados especialistas nacionales e internacionales para examinar los \u00faltimos avances en derecho internacional p\u00fablico y privado. Entre los temas a tratar se encuentran la responsabilidad internacional del Estado, la cooperaci\u00f3n judicial internacional, el MERCOSUR y el acceso a la informaci\u00f3n.<\/p>\n<p>En su discurso inaugural, el Vicegobernador Dr. Fabi\u00e1n Mart\u00edn dio una c\u00e1lida bienvenida a todos los asistentes, destacando que \u00aba los que vienen de otros lugares, les damos la bienvenida a la tierra de Sarmiento, a la tierra del buen sol, el buen vino y la gente amable. Los sanjuaninos hemos trabajado arduamente para recibir eventos como este y para recibirlos a ustedes. Nos alegra que nos visiten, que descubran nuestras bondades, nuestros paisajes y nuestra gente. Como mencionaron anteriormente, no podemos pasar por alto el legado de un gran l\u00edder y pr\u00f3cer argentino, que sentimos profundamente los sanjuaninos. Su trabajo fue fundamental para establecer una educaci\u00f3n p\u00fablica en Argentina, que ha sido crucial para muchos de nosotros. Como alguien que proviene de una familia humilde, puedo testimoniar que la educaci\u00f3n p\u00fablica y el apoyo de mis padres nos han permitido avanzar y lograr nuestros objetivos. La educaci\u00f3n es el mejor nivelador que tenemos, una herramienta que nos brinda la oportunidad de progresar, obtener un buen empleo y construir una sociedad m\u00e1s justa y equitativa\u201d.<\/p>\n<p>\u201cEstoy convencido de que Argentina tiene un enorme potencial en el \u00e1mbito internacional. Sin embargo, debemos realizar cambios significativos para ofrecer al mundo lo que realmente requiere de nuestro pa\u00eds. Es doloroso ver que m\u00e1s de la mitad de los argentinos viven en la pobreza, y es imperativo que trabajemos todos, cada uno desde su lugar, para construir una Argentina diferente. Necesitamos generar empleo genuino y recuperar mercados internacionales que hemos perdido en las \u00faltimas d\u00e9cadas\u201d.<\/p>\n<p>\u00abRecord\u00f3 un mensaje de la Madre Teresa de Calcuta, quien hace cuarenta a\u00f1os, en un congreso con l\u00edderes internacionales expres\u00f3 \u201cYo no s\u00e9 nada de liderazgo ni de cambios. Solo s\u00e9 que, si ustedes aman a su gente, su gente creer\u00e1 en ustedes, y si creen en ustedes, la gente se animar\u00e1 a tomar riesgos, y si toman riesgos, se producir\u00e1n los cambios\u201d. La Madre Teresa siempre pon\u00eda a la gente como la prioridad y promov\u00eda una visi\u00f3n solidaria del trabajo de cada uno. Estoy convencido de que todos los presentes aqu\u00ed somos personas de bien. Trabajemos juntos para construir una mejor Argentina para el beneficio de todos nuestros compatriotas\u201d &#8211; reflexion\u00f3 el Vicegobernador Dr. Fabi\u00e1n Mart\u00edn.<\/p>\n","protected":false},"excerpt":{"rendered":"<p>El vicegobernador de San Juan, Dr. Fabi\u00e1n Mart\u00edn inaugur\u00f3 el XXXV Congreso Argentino de Derecho Internacional en la Facultad de<\/p>\n","protected":false},"author":3,"featured_media":75592,"comment_status":"closed","ping_status":"closed","sticky":false,"template":"","format":"standard","meta":{"_acf_changed":false,"_seopress_robots_primary_cat":"none","_seopress_titles_title":"","_seopress_titles_desc":"","_seopress_robots_index":"","colormag_page_container_layout":"default_layout","colormag_page_sidebar_layout":"default_layout","footnotes":""},"categories":[1],"tags":[],"class_list":["post-75589","post","type-post","status-publish","format-standard","has-post-thumbnail","hentry","category-destacadas"],"acf":[],"_links":{"self":[{"href":"https:\/\/vocesparalelas.com.ar\/sitio\/wp-json\/wp\/v2\/posts\/75589","targetHints":{"allow":["GET"]}}],"collection":[{"href":"https:\/\/vocesparalelas.com.ar\/sitio\/wp-json\/wp\/v2\/posts"}],"about":[{"href":"https:\/\/vocesparalelas.com.ar\/sitio\/wp-json\/wp\/v2\/types\/post"}],"author":[{"embeddable":true,"href":"https:\/\/vocesparalelas.com.ar\/sitio\/wp-json\/wp\/v2\/users\/3"}],"replies":[{"embeddable":true,"href":"https:\/\/vocesparalelas.com.ar\/sitio\/wp-json\/wp\/v2\/comments?post=75589"}],"version-history":[{"count":1,"href":"https:\/\/vocesparalelas.com.ar\/sitio\/wp-json\/wp\/v2\/posts\/75589\/revisions"}],"predecessor-version":[{"id":75593,"href":"https:\/\/vocesparalelas.com.ar\/sitio\/wp-json\/wp\/v2\/posts\/75589\/revisions\/75593"}],"wp:featuredmedia":[{"embeddable":true,"href":"https:\/\/vocesparalelas.com.ar\/sitio\/wp-json\/wp\/v2\/media\/75592"}],"wp:attachment":[{"href":"https:\/\/vocesparalelas.com.ar\/sitio\/wp-json\/wp\/v2\/media?parent=75589"}],"wp:term":[{"taxonomy":"category","embeddable":true,"href":"https:\/\/vocesparalelas.com.ar\/sitio\/wp-json\/wp\/v2\/categories?post=75589"},{"taxonomy":"post_tag","embeddable":true,"href":"https:\/\/vocesparalelas.com.ar\/sitio\/wp-json\/wp\/v2\/tags?post=75589"}],"curies":[{"name":"wp","href":"https:\/\/api.w.org\/{rel}","templated":true}]}}