{"id":75584,"date":"2024-08-08T19:11:00","date_gmt":"2024-08-08T22:11:00","guid":{"rendered":"https:\/\/vocesparalelas.com.ar\/sitio\/?p=75584"},"modified":"2024-08-09T00:21:37","modified_gmt":"2024-08-09T03:21:37","slug":"encuentro-con-el-secretario-de-economia-del-conocimiento-de-la-nacion-lic-marcos-ayerra","status":"publish","type":"post","link":"https:\/\/vocesparalelas.com.ar\/sitio\/encuentro-con-el-secretario-de-economia-del-conocimiento-de-la-nacion-lic-marcos-ayerra\/","title":{"rendered":"Encuentro con el secretario de Econom\u00eda del Conocimiento de la Naci\u00f3n, Lic. Marcos Ayerra"},"content":{"rendered":"<p>En una reuni\u00f3n celebrada en Buenos Aires, el gobernador de San Juan, Dr. Marcelo Orrego, se encontr\u00f3 con el secretario de Econom\u00eda del Conocimiento del Ministerio de Econom\u00eda de la Naci\u00f3n, Lic. Marcos Ayerra.<\/p>\n<p>El encuentro se centr\u00f3 en dialogar sobre el programa nacional de financiamiento destinado a fomentar la generaci\u00f3n de empleo en actividades relacionadas con la econom\u00eda del conocimiento llamado Insertar.<\/p>\n<p>Finalizada la reuni\u00f3n, el gobernador de San Juan, Dr. Marcelo Orrego manifest\u00f3 que \u00abla importancia de este tipo de iniciativas para la provincia se basa en que tenemos un fuerte compromiso en seguir potenciando la Econom\u00eda del Conocimiento. Es lo que genera valor y trabajo a partir del saber y las ideas. En San Juan hay mucho talento y por esto estamos abocados en conseguir herramientas que nos permitan asistir con cursos y generaci\u00f3n de empleo, sobre todo en el sector de las Pymes. El eje de nuestra gesti\u00f3n est\u00e1 puesto en aprender, trabajar y producir. Este es el camino al que hemos decidido apostar y estamos trabajando junto al Gobierno Nacional para generar m\u00e1s posibilidades en este sentido\u201d.<\/p>\n<p>El programa nacional de financiamiento, conocido como Insertar, tiene como objetivo promover el empleo y la creaci\u00f3n de nuevos puestos de trabajo en peque\u00f1as y medianas empresas vinculadas con actividades de la econom\u00eda del conocimiento en distintas provincias del pa\u00eds.<\/p>\n<p>&nbsp;<\/p>\n<p>&nbsp;<\/p>\n","protected":false},"excerpt":{"rendered":"<p>En una reuni\u00f3n celebrada en Buenos Aires, el gobernador de San Juan, Dr. Marcelo Orrego, se encontr\u00f3 con el secretario<\/p>\n","protected":false},"author":3,"featured_media":75587,"comment_status":"closed","ping_status":"closed","sticky":false,"template":"","format":"standard","meta":{"_acf_changed":false,"_seopress_robots_primary_cat":"none","_seopress_titles_title":"","_seopress_titles_desc":"","_seopress_robots_index":"","colormag_page_container_layout":"default_layout","colormag_page_sidebar_layout":"default_layout","footnotes":""},"categories":[1],"tags":[],"class_list":["post-75584","post","type-post","status-publish","format-standard","has-post-thumbnail","hentry","category-destacadas"],"acf":[],"_links":{"self":[{"href":"https:\/\/vocesparalelas.com.ar\/sitio\/wp-json\/wp\/v2\/posts\/75584","targetHints":{"allow":["GET"]}}],"collection":[{"href":"https:\/\/vocesparalelas.com.ar\/sitio\/wp-json\/wp\/v2\/posts"}],"about":[{"href":"https:\/\/vocesparalelas.com.ar\/sitio\/wp-json\/wp\/v2\/types\/post"}],"author":[{"embeddable":true,"href":"https:\/\/vocesparalelas.com.ar\/sitio\/wp-json\/wp\/v2\/users\/3"}],"replies":[{"embeddable":true,"href":"https:\/\/vocesparalelas.com.ar\/sitio\/wp-json\/wp\/v2\/comments?post=75584"}],"version-history":[{"count":1,"href":"https:\/\/vocesparalelas.com.ar\/sitio\/wp-json\/wp\/v2\/posts\/75584\/revisions"}],"predecessor-version":[{"id":75588,"href":"https:\/\/vocesparalelas.com.ar\/sitio\/wp-json\/wp\/v2\/posts\/75584\/revisions\/75588"}],"wp:featuredmedia":[{"embeddable":true,"href":"https:\/\/vocesparalelas.com.ar\/sitio\/wp-json\/wp\/v2\/media\/75587"}],"wp:attachment":[{"href":"https:\/\/vocesparalelas.com.ar\/sitio\/wp-json\/wp\/v2\/media?parent=75584"}],"wp:term":[{"taxonomy":"category","embeddable":true,"href":"https:\/\/vocesparalelas.com.ar\/sitio\/wp-json\/wp\/v2\/categories?post=75584"},{"taxonomy":"post_tag","embeddable":true,"href":"https:\/\/vocesparalelas.com.ar\/sitio\/wp-json\/wp\/v2\/tags?post=75584"}],"curies":[{"name":"wp","href":"https:\/\/api.w.org\/{rel}","templated":true}]}}