{"id":75580,"date":"2024-08-08T21:55:34","date_gmt":"2024-08-09T00:55:34","guid":{"rendered":"https:\/\/vocesparalelas.com.ar\/sitio\/?p=75580"},"modified":"2024-08-08T23:55:49","modified_gmt":"2024-08-09T02:55:49","slug":"falsa-convocatoria-de-la-supuesta-prueba-de-jugadores-de-futbol-en-san-juan","status":"publish","type":"post","link":"https:\/\/vocesparalelas.com.ar\/sitio\/falsa-convocatoria-de-la-supuesta-prueba-de-jugadores-de-futbol-en-san-juan\/","title":{"rendered":"Falsa convocatoria de la supuesta prueba de jugadores de f\u00fatbol en San Juan"},"content":{"rendered":"<p>La Secretar\u00eda de Deporte, dependiente del Ministerio de Turismo, Cultura y Deporte del Gobierno de San Juan informa a la comunidad que es absolutamente falsa la informaci\u00f3n trascendida que da cuenta de una supuesta prueba de jugadores de f\u00fatbol que realizar\u00eda el Club Atl\u00e9tico River Plate en el Estadio San Juan del Bicentenario desde el Jueves, 08 al Lunes. 12 de agosto.<\/p>\n<p>Tampoco la instituci\u00f3n solicit\u00f3 el uso del predio ubicado en el Departamento Pocito.<\/p>\n<p>Nos vemos en la necesidad de hacer la aclaraci\u00f3n tras habernos puesto en contacto con la entidad deportiva, quienes negaron de plano cualquier actividad en la provincia en la fecha antes mencionada.<\/p>\n<p>Es importante destacar que cualquier informaci\u00f3n relacionada con el tema se hace conocer a trav\u00e9s de los canales oficiales del gobierno de la provincia de San Juan.<\/p>\n<p><img loading=\"lazy\" decoding=\"async\" class=\"alignnone size-full wp-image-43769\" src=\"https:\/\/vocesparalelas.com.ar\/sitio\/wp-content\/uploads\/2021\/11\/ESTADIO-BICENTENARIO.jpg\" alt=\"\" width=\"782\" height=\"440\" srcset=\"https:\/\/vocesparalelas.com.ar\/sitio\/wp-content\/uploads\/2021\/11\/ESTADIO-BICENTENARIO.jpg 782w, https:\/\/vocesparalelas.com.ar\/sitio\/wp-content\/uploads\/2021\/11\/ESTADIO-BICENTENARIO-300x169.jpg 300w, https:\/\/vocesparalelas.com.ar\/sitio\/wp-content\/uploads\/2021\/11\/ESTADIO-BICENTENARIO-768x432.jpg 768w\" sizes=\"auto, (max-width: 782px) 100vw, 782px\" \/><\/p>\n","protected":false},"excerpt":{"rendered":"<p>La Secretar\u00eda de Deporte, dependiente del Ministerio de Turismo, Cultura y Deporte del Gobierno de San Juan informa a la<\/p>\n","protected":false},"author":3,"featured_media":65642,"comment_status":"closed","ping_status":"closed","sticky":false,"template":"","format":"standard","meta":{"_acf_changed":false,"_seopress_robots_primary_cat":"none","_seopress_titles_title":"","_seopress_titles_desc":"","_seopress_robots_index":"","colormag_page_container_layout":"default_layout","colormag_page_sidebar_layout":"default_layout","footnotes":""},"categories":[1],"tags":[],"class_list":["post-75580","post","type-post","status-publish","format-standard","has-post-thumbnail","hentry","category-destacadas"],"acf":[],"_links":{"self":[{"href":"https:\/\/vocesparalelas.com.ar\/sitio\/wp-json\/wp\/v2\/posts\/75580","targetHints":{"allow":["GET"]}}],"collection":[{"href":"https:\/\/vocesparalelas.com.ar\/sitio\/wp-json\/wp\/v2\/posts"}],"about":[{"href":"https:\/\/vocesparalelas.com.ar\/sitio\/wp-json\/wp\/v2\/types\/post"}],"author":[{"embeddable":true,"href":"https:\/\/vocesparalelas.com.ar\/sitio\/wp-json\/wp\/v2\/users\/3"}],"replies":[{"embeddable":true,"href":"https:\/\/vocesparalelas.com.ar\/sitio\/wp-json\/wp\/v2\/comments?post=75580"}],"version-history":[{"count":1,"href":"https:\/\/vocesparalelas.com.ar\/sitio\/wp-json\/wp\/v2\/posts\/75580\/revisions"}],"predecessor-version":[{"id":75583,"href":"https:\/\/vocesparalelas.com.ar\/sitio\/wp-json\/wp\/v2\/posts\/75580\/revisions\/75583"}],"wp:featuredmedia":[{"embeddable":true,"href":"https:\/\/vocesparalelas.com.ar\/sitio\/wp-json\/wp\/v2\/media\/65642"}],"wp:attachment":[{"href":"https:\/\/vocesparalelas.com.ar\/sitio\/wp-json\/wp\/v2\/media?parent=75580"}],"wp:term":[{"taxonomy":"category","embeddable":true,"href":"https:\/\/vocesparalelas.com.ar\/sitio\/wp-json\/wp\/v2\/categories?post=75580"},{"taxonomy":"post_tag","embeddable":true,"href":"https:\/\/vocesparalelas.com.ar\/sitio\/wp-json\/wp\/v2\/tags?post=75580"}],"curies":[{"name":"wp","href":"https:\/\/api.w.org\/{rel}","templated":true}]}}