{"id":75568,"date":"2024-08-08T21:44:28","date_gmt":"2024-08-09T00:44:28","guid":{"rendered":"https:\/\/vocesparalelas.com.ar\/sitio\/?p=75568"},"modified":"2024-08-08T23:56:38","modified_gmt":"2024-08-09T02:56:38","slug":"reunion-de-comisiones-de-la-camara-de-diputados-de-san-juan-para-tratar-el-proyecto-de-adhesion-al-rigi","status":"publish","type":"post","link":"https:\/\/vocesparalelas.com.ar\/sitio\/reunion-de-comisiones-de-la-camara-de-diputados-de-san-juan-para-tratar-el-proyecto-de-adhesion-al-rigi\/","title":{"rendered":"Reuni\u00f3n de Comisiones de la C\u00e1mara de Diputados de San Juan para tratar el proyecto de adhesi\u00f3n al RIGI"},"content":{"rendered":"<p>Los Diputados de San Juan, integrantes de las comisiones de Hacienda y Presupuesto; Miner\u00eda y Energ\u00eda; Obras y Servicios P\u00fablicos; Derechos Humanos y Garant\u00edas; Econom\u00eda y Defensa de Consumidores; Sistema Municipal; y Legislaci\u00f3n y Asuntos Constitucionales (LAC) se reunieron para analizar los proyectos de Ley sobre la adhesi\u00f3n al R\u00e9gimen de Incentivo para Grandes Inversiones (RIGI) presentados por el Poder Ejecutivo y por el bloque La Libertad Avanza se reunieron para tratar el proyecto de adhesi\u00f3n al RIGI.<\/p>\n<p>En primera instancia se llev\u00f3 a cabo la reuni\u00f3n conjunta de las comisiones de Miner\u00eda y Energ\u00eda; Obra y Servicios P\u00fablicos; Hacienda y Presupuesto; y Derechos Humanos y Garant\u00edas.<\/p>\n<p>El encuentro estuvo presidido por el diputado Eduardo Castro, titular de la comisi\u00f3n de Miner\u00eda. Participaron los legisladores Enzo Cornejo, Carlos Jaime Quiroga, Mar\u00eda Lascano, Juan de la Cruz C\u00f3rdoba, Marcela Quiroga, Marisa L\u00f3pez, Franco Aranda, Mario Herrero, Gustavo N\u00fa\u00f1ez, Omar Ortiz, Miguel Vega, Jorge Ripoll, Fernando Patinella, M\u00f3nica Gonz\u00e1lez, Rosana Luque, Emilio Escudero, Jorge Casta\u00f1eda, Juan Carlos Quiroga Moyano, Sonia Ferreyra, Fernanda Paredes y Stella Caparros.<\/p>\n<p>En segunda instancia, tuvo lugar la reuni\u00f3n conjunta de las comisiones de Legislaci\u00f3n y Asuntos Constitucionales, Sistema Municipal; y Econom\u00eda y Defensa de Consumidores.<\/p>\n<p>En esta ocasi\u00f3n, el debate estuvo dirigido por el diputado titular de LAC, Juan de la Cruz C\u00f3rdoba. Estuvieron presentes los diputados Eduardo Castro, M\u00f3nica Gonz\u00e1lez, Leopoldo Soler, Franco Aranda, Fernando Patinella, Miguel Vega, Juan Carlos Quiroga, Fernanda Paredes, Stella Caparr\u00f3s, Sonia Ferreyra, Emilio Escudero, Graciela Seva, Marisa L\u00f3pez, Gustavo N\u00fa\u00f1ez, Marcela Quiroga, Pedro Albagli, Rosana Luque, Gustavo Usin, Luis Rueda, Miguel Atampiz, y Gustavo Deguer.<\/p>\n<p>En ambas ocasiones, definieron tratar el expediente N\u00ba 1950 del Poder Ejecutivo y de forma parcial el expediente N\u00ba 1813 en lo que respecta al T\u00edtulo VII denominado R\u00e9gimen de Incentivo para Grandes Inversores (RIGI), regulado por los art\u00edculos 164 a 228 de la ley 27.742.<\/p>\n<p>Por otro lado, en ambas reuniones se acord\u00f3 por mayor\u00eda la adhesi\u00f3n total a lo que establece la normativa nacional sobre el RIGI. Mientras que legisladores de los bloques Justicialista, San Juan Vuelve; y Mejor Nosotros decidieron la elaboraci\u00f3n de un despacho de minor\u00eda para tratar art\u00edculo por art\u00edculo.<\/p>\n<figure id=\"attachment_37951\" aria-describedby=\"caption-attachment-37951\" style=\"width: 800px\" class=\"wp-caption alignnone\"><img loading=\"lazy\" decoding=\"async\" class=\"size-full wp-image-37951\" src=\"https:\/\/vocesparalelas.com.ar\/sitio\/wp-content\/uploads\/2021\/05\/CAMARA-EDIFICIO.jpg\" alt=\"\" width=\"800\" height=\"515\" srcset=\"https:\/\/vocesparalelas.com.ar\/sitio\/wp-content\/uploads\/2021\/05\/CAMARA-EDIFICIO.jpg 800w, https:\/\/vocesparalelas.com.ar\/sitio\/wp-content\/uploads\/2021\/05\/CAMARA-EDIFICIO-300x193.jpg 300w, https:\/\/vocesparalelas.com.ar\/sitio\/wp-content\/uploads\/2021\/05\/CAMARA-EDIFICIO-768x494.jpg 768w\" sizes=\"auto, (max-width: 800px) 100vw, 800px\" \/><figcaption id=\"caption-attachment-37951\" class=\"wp-caption-text\">Legislatura Provincial de San Juan, Rep\u00fablica Argentina<\/figcaption><\/figure>\n","protected":false},"excerpt":{"rendered":"<p>Los Diputados de San Juan, integrantes de las comisiones de Hacienda y Presupuesto; Miner\u00eda y Energ\u00eda; Obras y Servicios P\u00fablicos;<\/p>\n","protected":false},"author":3,"featured_media":75571,"comment_status":"closed","ping_status":"closed","sticky":false,"template":"","format":"standard","meta":{"_acf_changed":false,"_seopress_robots_primary_cat":"none","_seopress_titles_title":"","_seopress_titles_desc":"","_seopress_robots_index":"","colormag_page_container_layout":"default_layout","colormag_page_sidebar_layout":"default_layout","footnotes":""},"categories":[1],"tags":[],"class_list":["post-75568","post","type-post","status-publish","format-standard","has-post-thumbnail","hentry","category-destacadas"],"acf":[],"_links":{"self":[{"href":"https:\/\/vocesparalelas.com.ar\/sitio\/wp-json\/wp\/v2\/posts\/75568","targetHints":{"allow":["GET"]}}],"collection":[{"href":"https:\/\/vocesparalelas.com.ar\/sitio\/wp-json\/wp\/v2\/posts"}],"about":[{"href":"https:\/\/vocesparalelas.com.ar\/sitio\/wp-json\/wp\/v2\/types\/post"}],"author":[{"embeddable":true,"href":"https:\/\/vocesparalelas.com.ar\/sitio\/wp-json\/wp\/v2\/users\/3"}],"replies":[{"embeddable":true,"href":"https:\/\/vocesparalelas.com.ar\/sitio\/wp-json\/wp\/v2\/comments?post=75568"}],"version-history":[{"count":1,"href":"https:\/\/vocesparalelas.com.ar\/sitio\/wp-json\/wp\/v2\/posts\/75568\/revisions"}],"predecessor-version":[{"id":75572,"href":"https:\/\/vocesparalelas.com.ar\/sitio\/wp-json\/wp\/v2\/posts\/75568\/revisions\/75572"}],"wp:featuredmedia":[{"embeddable":true,"href":"https:\/\/vocesparalelas.com.ar\/sitio\/wp-json\/wp\/v2\/media\/75571"}],"wp:attachment":[{"href":"https:\/\/vocesparalelas.com.ar\/sitio\/wp-json\/wp\/v2\/media?parent=75568"}],"wp:term":[{"taxonomy":"category","embeddable":true,"href":"https:\/\/vocesparalelas.com.ar\/sitio\/wp-json\/wp\/v2\/categories?post=75568"},{"taxonomy":"post_tag","embeddable":true,"href":"https:\/\/vocesparalelas.com.ar\/sitio\/wp-json\/wp\/v2\/tags?post=75568"}],"curies":[{"name":"wp","href":"https:\/\/api.w.org\/{rel}","templated":true}]}}