{"id":75558,"date":"2024-08-08T22:48:19","date_gmt":"2024-08-09T01:48:19","guid":{"rendered":"https:\/\/vocesparalelas.com.ar\/sitio\/?p=75558"},"modified":"2024-08-09T23:52:15","modified_gmt":"2024-08-10T02:52:15","slug":"audicion-de-bailarines-para-el-mesias-en-san-juan","status":"publish","type":"post","link":"https:\/\/vocesparalelas.com.ar\/sitio\/audicion-de-bailarines-para-el-mesias-en-san-juan\/","title":{"rendered":"Audici\u00f3n de bailarines para \u201cEl mes\u00edas\u201d en San Juan"},"content":{"rendered":"<p>El Ministerio de Turismo, Cultura y Deporte del Gobierno de San Juan, a trav\u00e9s del Teatro del Bicentenario, invita a bailarines del la Rep\u00fablica Argentina a participar de la audici\u00f3n abierta para ser parte del ballet \u201cEl Mes\u00edas\u201d del gran compositor alem\u00e1n G. F. H\u00e4ndel, con la puesta coreogr\u00e1fica y direcci\u00f3n del maestro Mauricio Wainrot. Las funciones se llevar\u00e1n a cabo entre el 27 y el 30 de noviembre.<\/p>\n<p>El oratorio \u201cEl Mes\u00edas\u201d, est\u00e1 bajo la direcci\u00f3n coreogr\u00e1fica de Mauricio Wainrot, prestigioso core\u00f3grafo argentino de trascendencia internacional, direcci\u00f3n musical el maestro Ezequiel Silberstein y reposici\u00f3n coreogr\u00e1fica Victoria Balanza y Alexis Mirenda.<\/p>\n<p>La puesta en escena cuenta con la participaci\u00f3n de la Orquesta Sinf\u00f3nica y Coro Universitario de la UNSJ, cantantes solistas y un elenco concertado de bailarines, que elevan al m\u00e1ximo esplendor la conmovedora obra de H\u00e4ndel, y emocionan a la audiencia en esta gran producci\u00f3n integral del Teatro del Bicentenario de San Juan.<\/p>\n<p>Pueden postularse bailarines con s\u00f3lida t\u00e9cnica en danza cl\u00e1sica y contempor\u00e1nea, a trav\u00e9s del formulario disponible en la p\u00e1gina web del Teatro del Bicentenario.<\/p>\n<p>El proceso de selecci\u00f3n<\/p>\n<ul>\n<li>1\u00b0 instancia, preselecci\u00f3n- audici\u00f3n por video: a trav\u00e9s de material audiovisual siguiendo las\u00a0bases y condiciones disponibles en la p\u00e1gina web del teatro, donde se especifican las caracter\u00edsticas del video.<\/li>\n<li>2\u00b0 instancia, selecci\u00f3n &#8211; audici\u00f3n presencial: los bailarines preseleccionados, deben presentarse en la provincia de San Juan, para la audici\u00f3n presencial, en el Teatro del Bicentenario, en fecha y horario a confirmar.<\/li>\n<\/ul>\n<p>El cierre de la inscripci\u00f3n es el Lunes, 2 de Septiembre, a las 12:00 hs y el anuncio de bailarines preseleccionados para la audici\u00f3n presencial en San Juan, se realiza el Martes, 10 de Septiembre v\u00eda e-mail.<\/p>\n<p><span style=\"color: #ff6600;\"><strong>Requisitos\u00a0<\/strong><\/span><\/p>\n<ul>\n<li>Ser mayor de 16 a\u00f1os al 31\/12\/2024.<\/li>\n<li>Contar con s\u00f3lida t\u00e9cnica en danza cl\u00e1sica y contempor\u00e1nea comprobable.<\/li>\n<li>Contar con experiencia esc\u00e9nica comprobable.<\/li>\n<li>Disponibilidad horaria en la ciudad de San Juan a partir del d\u00eda 21 de octubre, hasta el 30 de noviembre inclusive, para cumplir el plan de ensayos.<\/li>\n<li>Completar el formulario de inscripci\u00f3n con los puntos solicitados, incluyendo el video cuerpo completo del fragmento de la obra \u201cEl Mes\u00edas\u201d de Wainrot, publicado en las bases y condiciones de la presente convocatoria.<\/li>\n<li>Leer y aceptar bases y condiciones.<\/li>\n<\/ul>\n<p><strong><span style=\"color: #ff6600;\">Para m\u00e1s informaci\u00f3n<\/span><\/strong><\/p>\n<p>Pueden comunicarse por mail<\/p>\n<p><span id=\"cloakca3ad6c703cc3cf9d10a682a34f9cce7\"><a href=\"mailto:audiciones.teatrobicentenariosanjuan@gmail.com\">audiciones.teatrobicentenariosanjuan@gmail.com<\/a><\/span><\/p>\n<p>&nbsp;<\/p>\n<p><img loading=\"lazy\" decoding=\"async\" class=\"alignnone size-large wp-image-24321\" src=\"https:\/\/vocesparalelas.com.ar\/sitio\/wp-content\/uploads\/2019\/10\/TEATRO-DEL-BICENTENARIO-100-800x503.jpg\" alt=\"\" width=\"800\" height=\"503\" srcset=\"https:\/\/vocesparalelas.com.ar\/sitio\/wp-content\/uploads\/2019\/10\/TEATRO-DEL-BICENTENARIO-100.jpg 800w, https:\/\/vocesparalelas.com.ar\/sitio\/wp-content\/uploads\/2019\/10\/TEATRO-DEL-BICENTENARIO-100-300x189.jpg 300w, https:\/\/vocesparalelas.com.ar\/sitio\/wp-content\/uploads\/2019\/10\/TEATRO-DEL-BICENTENARIO-100-768x483.jpg 768w\" sizes=\"auto, (max-width: 800px) 100vw, 800px\" \/><\/p>\n","protected":false},"excerpt":{"rendered":"<p>El Ministerio de Turismo, Cultura y Deporte del Gobierno de San Juan, a trav\u00e9s del Teatro del Bicentenario, invita a<\/p>\n","protected":false},"author":3,"featured_media":15606,"comment_status":"closed","ping_status":"closed","sticky":false,"template":"","format":"standard","meta":{"_acf_changed":false,"_seopress_robots_primary_cat":"none","_seopress_titles_title":"","_seopress_titles_desc":"","_seopress_robots_index":"","colormag_page_container_layout":"default_layout","colormag_page_sidebar_layout":"default_layout","footnotes":""},"categories":[8],"tags":[],"class_list":["post-75558","post","type-post","status-publish","format-standard","has-post-thumbnail","hentry","category-concursos"],"acf":[],"_links":{"self":[{"href":"https:\/\/vocesparalelas.com.ar\/sitio\/wp-json\/wp\/v2\/posts\/75558","targetHints":{"allow":["GET"]}}],"collection":[{"href":"https:\/\/vocesparalelas.com.ar\/sitio\/wp-json\/wp\/v2\/posts"}],"about":[{"href":"https:\/\/vocesparalelas.com.ar\/sitio\/wp-json\/wp\/v2\/types\/post"}],"author":[{"embeddable":true,"href":"https:\/\/vocesparalelas.com.ar\/sitio\/wp-json\/wp\/v2\/users\/3"}],"replies":[{"embeddable":true,"href":"https:\/\/vocesparalelas.com.ar\/sitio\/wp-json\/wp\/v2\/comments?post=75558"}],"version-history":[{"count":1,"href":"https:\/\/vocesparalelas.com.ar\/sitio\/wp-json\/wp\/v2\/posts\/75558\/revisions"}],"predecessor-version":[{"id":75561,"href":"https:\/\/vocesparalelas.com.ar\/sitio\/wp-json\/wp\/v2\/posts\/75558\/revisions\/75561"}],"wp:featuredmedia":[{"embeddable":true,"href":"https:\/\/vocesparalelas.com.ar\/sitio\/wp-json\/wp\/v2\/media\/15606"}],"wp:attachment":[{"href":"https:\/\/vocesparalelas.com.ar\/sitio\/wp-json\/wp\/v2\/media?parent=75558"}],"wp:term":[{"taxonomy":"category","embeddable":true,"href":"https:\/\/vocesparalelas.com.ar\/sitio\/wp-json\/wp\/v2\/categories?post=75558"},{"taxonomy":"post_tag","embeddable":true,"href":"https:\/\/vocesparalelas.com.ar\/sitio\/wp-json\/wp\/v2\/tags?post=75558"}],"curies":[{"name":"wp","href":"https:\/\/api.w.org\/{rel}","templated":true}]}}