{"id":75551,"date":"2024-08-08T20:56:00","date_gmt":"2024-08-08T23:56:00","guid":{"rendered":"https:\/\/vocesparalelas.com.ar\/sitio\/?p=75551"},"modified":"2024-08-08T23:19:48","modified_gmt":"2024-08-09T02:19:48","slug":"reunion-con-el-secretario-de-cultura-de-nacion-leonardo-cifelli-en-san-juan","status":"publish","type":"post","link":"https:\/\/vocesparalelas.com.ar\/sitio\/reunion-con-el-secretario-de-cultura-de-nacion-leonardo-cifelli-en-san-juan\/","title":{"rendered":"Reuni\u00f3n con el Secretario de Cultura de Naci\u00f3n Leonardo Cifelli en San Juan"},"content":{"rendered":"<p>El Jueves, 8 de Agosto de 2024, el Secretario de Cultura de Naci\u00f3n, Leonardo Cifelli lleg\u00f3 a San Juan y el gobernador Dr. Marcelo Orrego lo recibi\u00f3 en Casa de Gobierno.<\/p>\n<p>Acompa\u00f1aron en la reuni\u00f3n, el ministro de Turismo, Cultura y Deporte, Dr. Guido Romero, el secretario de Cultura de la provincia, Eduardo Varela y la subsecretaria General de Coordinaci\u00f3n Cultural, Marcela Zegaib.<\/p>\n<p><iframe loading=\"lazy\" title=\"Orrego se reuni\u00f3 con el secretario de Cultura de Naci\u00f3n\" width=\"800\" height=\"450\" src=\"https:\/\/www.youtube.com\/embed\/D38_FcElVT8?feature=oembed\" frameborder=\"0\" allow=\"accelerometer; autoplay; clipboard-write; encrypted-media; gyroscope; picture-in-picture; web-share\" referrerpolicy=\"strict-origin-when-cross-origin\" allowfullscreen><\/iframe><\/p>\n<p>Luego de la reuni\u00f3n, el Secretario de Cultura de Naci\u00f3n, Leonardo Cifelli puntualiz\u00f3 que \u00abvine a seguir estableciendo los v\u00ednculos culturales con la provincia. Estoy con el secretario de Cultura, as\u00ed que estamos trabajando en eso\u201d.<\/p>\n<p>\u00abEn San Juan, la gente asiste al teatro, conciertos y a galer\u00edas de arte. Es una sociedad muy interesada en la cultura. Esto lo he vivido en carne propia durante todos estos a\u00f1os que he venido como productor de teatro y m\u00fasica. La gente muestra un gran inter\u00e9s en el \u00e1mbito cultural. As\u00ed que, bueno, estamos trabajando juntos para seguir apostando por la provincia. Hay que seguir estableciendo los v\u00ednculos nacionales y provinciales para ofrecer m\u00e1s cultura a la gente\u00bb sintetiz\u00f3 Leonardo Cifelli.<\/p>\n","protected":false},"excerpt":{"rendered":"<p>El Jueves, 8 de Agosto de 2024, el Secretario de Cultura de Naci\u00f3n, Leonardo Cifelli lleg\u00f3 a San Juan y<\/p>\n","protected":false},"author":3,"featured_media":75566,"comment_status":"closed","ping_status":"closed","sticky":false,"template":"","format":"standard","meta":{"_acf_changed":false,"_seopress_robots_primary_cat":"none","_seopress_titles_title":"","_seopress_titles_desc":"","_seopress_robots_index":"","colormag_page_container_layout":"default_layout","colormag_page_sidebar_layout":"default_layout","footnotes":""},"categories":[1,7],"tags":[],"class_list":["post-75551","post","type-post","status-publish","format-standard","has-post-thumbnail","hentry","category-destacadas","category-videos"],"acf":[],"_links":{"self":[{"href":"https:\/\/vocesparalelas.com.ar\/sitio\/wp-json\/wp\/v2\/posts\/75551","targetHints":{"allow":["GET"]}}],"collection":[{"href":"https:\/\/vocesparalelas.com.ar\/sitio\/wp-json\/wp\/v2\/posts"}],"about":[{"href":"https:\/\/vocesparalelas.com.ar\/sitio\/wp-json\/wp\/v2\/types\/post"}],"author":[{"embeddable":true,"href":"https:\/\/vocesparalelas.com.ar\/sitio\/wp-json\/wp\/v2\/users\/3"}],"replies":[{"embeddable":true,"href":"https:\/\/vocesparalelas.com.ar\/sitio\/wp-json\/wp\/v2\/comments?post=75551"}],"version-history":[{"count":3,"href":"https:\/\/vocesparalelas.com.ar\/sitio\/wp-json\/wp\/v2\/posts\/75551\/revisions"}],"predecessor-version":[{"id":75557,"href":"https:\/\/vocesparalelas.com.ar\/sitio\/wp-json\/wp\/v2\/posts\/75551\/revisions\/75557"}],"wp:featuredmedia":[{"embeddable":true,"href":"https:\/\/vocesparalelas.com.ar\/sitio\/wp-json\/wp\/v2\/media\/75566"}],"wp:attachment":[{"href":"https:\/\/vocesparalelas.com.ar\/sitio\/wp-json\/wp\/v2\/media?parent=75551"}],"wp:term":[{"taxonomy":"category","embeddable":true,"href":"https:\/\/vocesparalelas.com.ar\/sitio\/wp-json\/wp\/v2\/categories?post=75551"},{"taxonomy":"post_tag","embeddable":true,"href":"https:\/\/vocesparalelas.com.ar\/sitio\/wp-json\/wp\/v2\/tags?post=75551"}],"curies":[{"name":"wp","href":"https:\/\/api.w.org\/{rel}","templated":true}]}}