{"id":75530,"date":"2024-08-07T19:31:46","date_gmt":"2024-08-07T22:31:46","guid":{"rendered":"https:\/\/vocesparalelas.com.ar\/sitio\/?p=75530"},"modified":"2024-08-07T19:51:54","modified_gmt":"2024-08-07T22:51:54","slug":"el-dialogo-el-trabajo-conjunto-y-siempre-defendiendo-los-intereses-de-san-juan","status":"publish","type":"post","link":"https:\/\/vocesparalelas.com.ar\/sitio\/el-dialogo-el-trabajo-conjunto-y-siempre-defendiendo-los-intereses-de-san-juan\/","title":{"rendered":"\u00abEl di\u00e1logo, el trabajo conjunto y siempre defendiendo los intereses de San Juan\u00bb"},"content":{"rendered":"<p>En una reciente reuni\u00f3n, en Buenos Aires, que mantuvo el gobernador de San Juan, Dr. Marcelo Orrego con el Ministro de Econom\u00eda, Economista Luis Caputo abord\u00f3 la trascendencia de la miner\u00eda para la provincia de San Juan y el pa\u00eds en general.<\/p>\n<p>Adem\u00e1s, puntualizaron las oportunidades de desarrollo econ\u00f3mico que la miner\u00eda puede ofrecer, subrayando la necesidad de mejorar las infraestructuras para potenciar este sector.<\/p>\n<p>Uno de los puntos centrales de la reuni\u00f3n fue la solicitud de la evaluaci\u00f3n de la financiaci\u00f3n para el tramo 1 y 3 de la Ruta 40, que conecta el l\u00edmite con la Provincia de Mendoza con la ciudad de San Juan. Esta obra es considerada fundamental para el desarrollo regional y la mejora de la conectividad.<\/p>\n<p>Tambi\u00e9n, habl\u00f3 de la Ruta 153, una infraestructura clave para la producci\u00f3n minera en la zona.<\/p>\n<p>Otro tema interesante fue el planteo de la posibilidad de ampliar el cupo de financiaci\u00f3n para la obra del T\u00fanel de Zonda, un proyecto estrat\u00e9gico para facilitar el transporte y la log\u00edstica en la regi\u00f3n.<\/p>\n<p>Finalizada la reuni\u00f3n, el Gobernador de San Juan, Dr. Marcelo Orrego explic\u00f3 que \u00abcon el ministro Caputo charlamos sobre la importancia que tiene para San Juan y la Argentina que podamos desarrollar la miner\u00eda. No s\u00f3lo para el futuro, sino tambi\u00e9n para el presente\u201d.<\/p>\n<p>\u201cComo siempre hago, realic\u00e9 pedidos para avanzar con m\u00e1s velocidad en temas relacionados a la obra p\u00fablica, como la posibilidad de ampliar el cupo de financiaci\u00f3n de la obra del T\u00fanel de Zonda, el tramo 1 y 3 de la Ruta 40 que une el l\u00edmite de Mendoza con la ciudad de San Juan; y de la ruta 153, una obra crucial para la producci\u00f3n. Soy un defensor del di\u00e1logo, el trabajo conjunto y siempre defendiendo los intereses de San Juan\u201d &#8211; sintetiz\u00f3 el Dr. Orrego.<\/p>\n<p>De este modo, en la reuni\u00f3n se subray\u00f3 la importancia de invertir en infraestructura como motor para el crecimiento econ\u00f3mico, reforzando el papel de la miner\u00eda en el desarrollo de San Juan y en el fortalecimiento de la econom\u00eda nacional.<\/p>\n<p>&nbsp;<\/p>\n<p>&nbsp;<\/p>\n","protected":false},"excerpt":{"rendered":"<p>En una reciente reuni\u00f3n, en Buenos Aires, que mantuvo el gobernador de San Juan, Dr. Marcelo Orrego con el Ministro<\/p>\n","protected":false},"author":3,"featured_media":75533,"comment_status":"closed","ping_status":"closed","sticky":false,"template":"","format":"standard","meta":{"_acf_changed":false,"_seopress_robots_primary_cat":"none","_seopress_titles_title":"","_seopress_titles_desc":"","_seopress_robots_index":"","colormag_page_container_layout":"default_layout","colormag_page_sidebar_layout":"default_layout","footnotes":""},"categories":[1],"tags":[],"class_list":["post-75530","post","type-post","status-publish","format-standard","has-post-thumbnail","hentry","category-destacadas"],"acf":[],"_links":{"self":[{"href":"https:\/\/vocesparalelas.com.ar\/sitio\/wp-json\/wp\/v2\/posts\/75530","targetHints":{"allow":["GET"]}}],"collection":[{"href":"https:\/\/vocesparalelas.com.ar\/sitio\/wp-json\/wp\/v2\/posts"}],"about":[{"href":"https:\/\/vocesparalelas.com.ar\/sitio\/wp-json\/wp\/v2\/types\/post"}],"author":[{"embeddable":true,"href":"https:\/\/vocesparalelas.com.ar\/sitio\/wp-json\/wp\/v2\/users\/3"}],"replies":[{"embeddable":true,"href":"https:\/\/vocesparalelas.com.ar\/sitio\/wp-json\/wp\/v2\/comments?post=75530"}],"version-history":[{"count":1,"href":"https:\/\/vocesparalelas.com.ar\/sitio\/wp-json\/wp\/v2\/posts\/75530\/revisions"}],"predecessor-version":[{"id":75534,"href":"https:\/\/vocesparalelas.com.ar\/sitio\/wp-json\/wp\/v2\/posts\/75530\/revisions\/75534"}],"wp:featuredmedia":[{"embeddable":true,"href":"https:\/\/vocesparalelas.com.ar\/sitio\/wp-json\/wp\/v2\/media\/75533"}],"wp:attachment":[{"href":"https:\/\/vocesparalelas.com.ar\/sitio\/wp-json\/wp\/v2\/media?parent=75530"}],"wp:term":[{"taxonomy":"category","embeddable":true,"href":"https:\/\/vocesparalelas.com.ar\/sitio\/wp-json\/wp\/v2\/categories?post=75530"},{"taxonomy":"post_tag","embeddable":true,"href":"https:\/\/vocesparalelas.com.ar\/sitio\/wp-json\/wp\/v2\/tags?post=75530"}],"curies":[{"name":"wp","href":"https:\/\/api.w.org\/{rel}","templated":true}]}}