{"id":75515,"date":"2024-08-07T13:43:35","date_gmt":"2024-08-07T16:43:35","guid":{"rendered":"https:\/\/vocesparalelas.com.ar\/sitio\/?p=75515"},"modified":"2024-08-07T14:44:10","modified_gmt":"2024-08-07T17:44:10","slug":"168a-asamblea-del-consejo-federal-de-turismo-y-apertura-de-meet-up-argentina-2024","status":"publish","type":"post","link":"https:\/\/vocesparalelas.com.ar\/sitio\/168a-asamblea-del-consejo-federal-de-turismo-y-apertura-de-meet-up-argentina-2024\/","title":{"rendered":"168\u00aa Asamblea del Consejo Federal de Turismo y apertura de Meet Up Argentina 2024"},"content":{"rendered":"<p>El gobernador de San Juan, Marcelo Orrego, tuvo una intensa jornada en Buenos Aires, participando en dos eventos clave para el sector tur\u00edstico. Por un lado, asisti\u00f3 a la apertura de la Meet Up Argentina 2024, el evento cumbre del turismo de reuniones en Am\u00e9rica Latina, y por otro, tom\u00f3 parte en la 168\u00aa Asamblea del Consejo Federal de Turismo &#8211; CFT -, en la Provincia de Buenos Aires.<\/p>\n<p><iframe loading=\"lazy\" title=\"El gobernador Marcelo Orrego particip\u00f3 del Meet Up Argentina 2024\" width=\"800\" height=\"450\" src=\"https:\/\/www.youtube.com\/embed\/OCcxiwxFIlo?feature=oembed\" frameborder=\"0\" allow=\"accelerometer; autoplay; clipboard-write; encrypted-media; gyroscope; picture-in-picture; web-share\" referrerpolicy=\"strict-origin-when-cross-origin\" allowfullscreen><\/iframe><\/p>\n<p><span style=\"color: #ff6600;\"><strong>Meet Up Argentina 2024: Potenciando el Turismo de Reuniones<\/strong><\/span><\/p>\n<p>En la apertura de Meet Up Argentina 2024, el gobernador de San Juan, Marcelo Orrego se uni\u00f3 a l\u00edderes de la industria, destinos y compradores internacionales en un evento organizado por la Asociaci\u00f3n Argentina de Organizadores y Proveedores de Exposiciones, Congresos, Eventos y de Bur\u00f3s de Convenciones (AOCA).<\/p>\n<p>El encuentro, que comenz\u00f3\u00a0 en Buenos Aires y se extiende hasta el Jueves, 8 de Agosto, se ha consolidado como el referente en la industria del turismo de reuniones, ofreciendo un espacio para la creaci\u00f3n de redes de contacto, la generaci\u00f3n de negocios y la actualizaci\u00f3n sobre las \u00faltimas tendencias del sector.<\/p>\n<p>El acto de apertura cont\u00f3 con la presencia del secretario de Turismo de la Naci\u00f3n, Daniel Scioli, quien destac\u00f3 la importancia de este segmento para el desarrollo econ\u00f3mico y la promoci\u00f3n internacional de Argentina. En este contexto, el gobernador Orrego expres\u00f3: \u00abDesde San Juan, nuestro prop\u00f3sito es llevar nuestros recursos naturales y nuestras prestaciones de servicios a todos lados\u00bb.<\/p>\n<p>En este marco, el gobernador de San Juan, Dr. Marcelo Orrego estuvo presente en el stand de San Juan, donde se interioriz\u00f3 y marc\u00f3 acciones que la provincia llevar\u00e1 adelante durante estas intensas jornadas. Orrego se inform\u00f3 sobre las reuniones pactadas con los \u00abhost buyers\u00bb, destacando la importancia de estos encuentros para promover las ofertas tur\u00edsticas de San Juan y fortalecer la presencia de la provincia en el mercado del turismo de reuniones.<\/p>\n<p><span style=\"color: #ff6600;\"><strong>168\u00aa Asamblea del Consejo Federal de Turismo: Coordinaci\u00f3n y Estrategias<\/strong><\/span><\/p>\n<p>Simult\u00e1neamente, el Gobernador de San Juan, Dr. Marcelo Orrego particip\u00f3 en la 168\u00aa Asamblea del Consejo Federal de Turismo, junto al ministro de Turismo, Cultura y Deporte, Dr. Guido Romero, y la secretaria de Turismo, Bel\u00e9n Barboza.<\/p>\n<p>Este encuentro reuni\u00f3 a los responsables de las carteras tur\u00edsticas de todas las provincias argentinas para coordinar pol\u00edticas y estrategias que fortalezcan el sector a nivel nacional.<\/p>\n<p>La asamblea se centr\u00f3 en la evaluaci\u00f3n de las acciones conjuntas realizadas y en la planificaci\u00f3n de nuevas iniciativas para promover el turismo en todas sus formas, incluyendo el turismo interno, el internacional y, especialmente, el turismo de reuniones, que sigue creciendo en relevancia en el pa\u00eds.<\/p>\n<p>&nbsp;<\/p>\n","protected":false},"excerpt":{"rendered":"<p>El gobernador de San Juan, Marcelo Orrego, tuvo una intensa jornada en Buenos Aires, participando en dos eventos clave para<\/p>\n","protected":false},"author":3,"featured_media":75518,"comment_status":"closed","ping_status":"closed","sticky":false,"template":"","format":"standard","meta":{"_acf_changed":false,"_seopress_robots_primary_cat":"none","_seopress_titles_title":"","_seopress_titles_desc":"","_seopress_robots_index":"","colormag_page_container_layout":"default_layout","colormag_page_sidebar_layout":"default_layout","footnotes":""},"categories":[1,7],"tags":[],"class_list":["post-75515","post","type-post","status-publish","format-standard","has-post-thumbnail","hentry","category-destacadas","category-videos"],"acf":[],"_links":{"self":[{"href":"https:\/\/vocesparalelas.com.ar\/sitio\/wp-json\/wp\/v2\/posts\/75515","targetHints":{"allow":["GET"]}}],"collection":[{"href":"https:\/\/vocesparalelas.com.ar\/sitio\/wp-json\/wp\/v2\/posts"}],"about":[{"href":"https:\/\/vocesparalelas.com.ar\/sitio\/wp-json\/wp\/v2\/types\/post"}],"author":[{"embeddable":true,"href":"https:\/\/vocesparalelas.com.ar\/sitio\/wp-json\/wp\/v2\/users\/3"}],"replies":[{"embeddable":true,"href":"https:\/\/vocesparalelas.com.ar\/sitio\/wp-json\/wp\/v2\/comments?post=75515"}],"version-history":[{"count":4,"href":"https:\/\/vocesparalelas.com.ar\/sitio\/wp-json\/wp\/v2\/posts\/75515\/revisions"}],"predecessor-version":[{"id":75524,"href":"https:\/\/vocesparalelas.com.ar\/sitio\/wp-json\/wp\/v2\/posts\/75515\/revisions\/75524"}],"wp:featuredmedia":[{"embeddable":true,"href":"https:\/\/vocesparalelas.com.ar\/sitio\/wp-json\/wp\/v2\/media\/75518"}],"wp:attachment":[{"href":"https:\/\/vocesparalelas.com.ar\/sitio\/wp-json\/wp\/v2\/media?parent=75515"}],"wp:term":[{"taxonomy":"category","embeddable":true,"href":"https:\/\/vocesparalelas.com.ar\/sitio\/wp-json\/wp\/v2\/categories?post=75515"},{"taxonomy":"post_tag","embeddable":true,"href":"https:\/\/vocesparalelas.com.ar\/sitio\/wp-json\/wp\/v2\/tags?post=75515"}],"curies":[{"name":"wp","href":"https:\/\/api.w.org\/{rel}","templated":true}]}}