{"id":75506,"date":"2024-08-07T12:55:44","date_gmt":"2024-08-07T15:55:44","guid":{"rendered":"https:\/\/vocesparalelas.com.ar\/sitio\/?p=75506"},"modified":"2024-08-07T12:55:44","modified_gmt":"2024-08-07T15:55:44","slug":"se-activo-el-plan-de-emergencia-de-san-juan-por-amenaza-de-bomba","status":"publish","type":"post","link":"https:\/\/vocesparalelas.com.ar\/sitio\/se-activo-el-plan-de-emergencia-de-san-juan-por-amenaza-de-bomba\/","title":{"rendered":"Se activ\u00f3 el Plan de Emergencia de San Juan por amenaza de bomba"},"content":{"rendered":"<p>El Ministerio de Gobierno de San Juan informa que se activ\u00f3 el Plan de Emergencia de San Juan en la Direcci\u00f3n de Registro Civil y Capacidad de las Personas por una presunta amenaza de bomba.<\/p>\n<p>Este llamado an\u00f3nimo se produjo al Call Center 0800 que organiza los turnos.<\/p>\n<p>Por tal efecto, personal de Bomberos de la Polic\u00eda de San Juan trabaja en el lugar, tras haber evacuado el edificio.<\/p>\n<p>Se solicita llevar\u00a0 tranquilidad a la poblaci\u00f3n ya que la situaci\u00f3n est\u00e1 controlada.<\/p>\n","protected":false},"excerpt":{"rendered":"<p>El Ministerio de Gobierno de San Juan informa que se activ\u00f3 el Plan de Emergencia de San Juan en la<\/p>\n","protected":false},"author":3,"featured_media":53908,"comment_status":"closed","ping_status":"closed","sticky":false,"template":"","format":"standard","meta":{"_acf_changed":false,"_seopress_robots_primary_cat":"none","_seopress_titles_title":"","_seopress_titles_desc":"","_seopress_robots_index":"","colormag_page_container_layout":"default_layout","colormag_page_sidebar_layout":"default_layout","footnotes":""},"categories":[1],"tags":[],"class_list":["post-75506","post","type-post","status-publish","format-standard","has-post-thumbnail","hentry","category-destacadas"],"acf":[],"_links":{"self":[{"href":"https:\/\/vocesparalelas.com.ar\/sitio\/wp-json\/wp\/v2\/posts\/75506","targetHints":{"allow":["GET"]}}],"collection":[{"href":"https:\/\/vocesparalelas.com.ar\/sitio\/wp-json\/wp\/v2\/posts"}],"about":[{"href":"https:\/\/vocesparalelas.com.ar\/sitio\/wp-json\/wp\/v2\/types\/post"}],"author":[{"embeddable":true,"href":"https:\/\/vocesparalelas.com.ar\/sitio\/wp-json\/wp\/v2\/users\/3"}],"replies":[{"embeddable":true,"href":"https:\/\/vocesparalelas.com.ar\/sitio\/wp-json\/wp\/v2\/comments?post=75506"}],"version-history":[{"count":1,"href":"https:\/\/vocesparalelas.com.ar\/sitio\/wp-json\/wp\/v2\/posts\/75506\/revisions"}],"predecessor-version":[{"id":75509,"href":"https:\/\/vocesparalelas.com.ar\/sitio\/wp-json\/wp\/v2\/posts\/75506\/revisions\/75509"}],"wp:featuredmedia":[{"embeddable":true,"href":"https:\/\/vocesparalelas.com.ar\/sitio\/wp-json\/wp\/v2\/media\/53908"}],"wp:attachment":[{"href":"https:\/\/vocesparalelas.com.ar\/sitio\/wp-json\/wp\/v2\/media?parent=75506"}],"wp:term":[{"taxonomy":"category","embeddable":true,"href":"https:\/\/vocesparalelas.com.ar\/sitio\/wp-json\/wp\/v2\/categories?post=75506"},{"taxonomy":"post_tag","embeddable":true,"href":"https:\/\/vocesparalelas.com.ar\/sitio\/wp-json\/wp\/v2\/tags?post=75506"}],"curies":[{"name":"wp","href":"https:\/\/api.w.org\/{rel}","templated":true}]}}