{"id":75494,"date":"2024-08-06T23:24:51","date_gmt":"2024-08-07T02:24:51","guid":{"rendered":"https:\/\/vocesparalelas.com.ar\/sitio\/?p=75494"},"modified":"2024-08-07T22:54:00","modified_gmt":"2024-08-08T01:54:00","slug":"celebrando-los-30-anos-de-la-catedra-de-saxofon-de-la-unsj","status":"publish","type":"post","link":"https:\/\/vocesparalelas.com.ar\/sitio\/celebrando-los-30-anos-de-la-catedra-de-saxofon-de-la-unsj\/","title":{"rendered":"\u00abCelebrando los 30 a\u00f1os de la C\u00e1tedra de Saxof\u00f3n de la UNSJ\u201d"},"content":{"rendered":"<p>La C\u00e1tedra de Saxof\u00f3n del Departamento de M\u00fasica de la Facultad de Filosof\u00eda, Humanidades y Artes de la Universidad Nacional de San Juan fue creada en el a\u00f1o 1994 y en el 2024 cumple 30 a\u00f1os.<\/p>\n<p><img loading=\"lazy\" decoding=\"async\" class=\"alignnone size-full wp-image-64019\" src=\"https:\/\/vocesparalelas.com.ar\/sitio\/wp-content\/uploads\/2023\/10\/SAXOFONES-01.png\" alt=\"\" width=\"800\" height=\"800\" srcset=\"https:\/\/vocesparalelas.com.ar\/sitio\/wp-content\/uploads\/2023\/10\/SAXOFONES-01.png 800w, https:\/\/vocesparalelas.com.ar\/sitio\/wp-content\/uploads\/2023\/10\/SAXOFONES-01-300x300.png 300w, https:\/\/vocesparalelas.com.ar\/sitio\/wp-content\/uploads\/2023\/10\/SAXOFONES-01-150x150.png 150w, https:\/\/vocesparalelas.com.ar\/sitio\/wp-content\/uploads\/2023\/10\/SAXOFONES-01-768x768.png 768w\" sizes=\"auto, (max-width: 800px) 100vw, 800px\" \/><\/p>\n<p>En el marco del Proyecto de Extensi\u00f3n \u00abCelebrando los 30 a\u00f1os de la C\u00e1tedra de Saxof\u00f3n de la UNSJ\u201d, en los sucesivos meses, realizan una serie de clases magistrales que abordan distintas perspectivas en torno al saxof\u00f3n, destinada a estudiantes de la asignatura y al p\u00fablico en general.<\/p>\n<p><img loading=\"lazy\" decoding=\"async\" class=\"alignnone size-full wp-image-65646\" src=\"https:\/\/vocesparalelas.com.ar\/sitio\/wp-content\/uploads\/2023\/11\/SAXOFON.jpg\" alt=\"\" width=\"800\" height=\"454\" \/><\/p>\n<p><strong><span style=\"color: #ff6600;\">Programa<\/span><\/strong><\/p>\n<ul>\n<li>Martes, 6 de Agosto, a las 15 hs., en el aula 10 del Auditorio Juan Victoria.se realiza la primera clase \u201cEl repertorio para saxof\u00f3n\u201d a cargo del Prof. Ariel Ruiz D\u00edaz proveniente del Conservatorio Superior de M\u00fasica F\u00e9lix T. Garz\u00f3n, de la provincia de C\u00f3rdoba. Tendr\u00e1 lugar<\/li>\n<li>5 y 6 de Septiembre, charla a cargo del profesor Jorge Retamoza, quien es un saxofonista de Buenos Aires, dedicado fundamentalmente al tango. Retamoza presenta el S\u00e1bado, 7 de Septiembre, en el Teatro del Bicentenario la obra \u201cReuni\u00f3n Cumbre\u201d de Piazzola con Gerry Mulligan,\u00a0\u00a0obra que a su vez, est\u00e1 cumpliendo 50 a\u00f1os. Previo a esta presentaci\u00f3n estar\u00e1 trabajando con estudiantes de la c\u00e1tedra, sobre el saxo y el tango, con obras propuestas por el m\u00fasico.<\/li>\n<li>A fines de Septiembre, clase a cargo del Prof. Mauricio Ag\u00fcero, quien va a trabajar sobre las tareas que se tienen que hacer a la hora de armar cuarteto de Saxos y un ensamble. Adem\u00e1s brinda una conferencia sobre de gesti\u00f3n cultural para organizaci\u00f3n de festivales. Ag\u00fcero es presidente del \u2018Mendoza Sax Fest\u2019, Festival Internacional de Saxof\u00f3n que se realiza en Mendoza.<\/li>\n<li>3 y 4 de Octubre llegar\u00e1 desde Buenos Aires Emiliano Barri. Es un m\u00fasico de renombre internacional y solista de la Banda Sinf\u00f3nica de Buenos Aires. Su masterclass est\u00e1 enfocada en el repertorio para saxof\u00f3n y en su m\u00e9todo propio, el \u2018eco m\u00e9todo\u2019, que apunta a optimizar el estudio para tener un mejor rendimiento del tiempo. Tambi\u00e9n realiza un concierto con estudiantes de la c\u00e1tedra de saxof\u00f3n quienes lo acompa\u00f1an en ensamble, en algunas obras y en otras, Barri act\u00faa como solista.<\/li>\n<\/ul>\n<p>La c\u00e1tedra de saxof\u00f3n cierra su festejo de los 30 a\u00f1os con un concierto en el Auditorio Juan Victoria el 14 de Noviembre.<\/p>\n<p><iframe loading=\"lazy\" title=\"UNSJ CUARTETO SAXOFONES UNSJ\" width=\"800\" height=\"450\" src=\"https:\/\/www.youtube.com\/embed\/aJdJooC063s?feature=oembed\" frameborder=\"0\" allow=\"accelerometer; autoplay; clipboard-write; encrypted-media; gyroscope; picture-in-picture; web-share\" referrerpolicy=\"strict-origin-when-cross-origin\" allowfullscreen><\/iframe><\/p>\n<p><span style=\"color: #ff6600;\"><strong>Los docentes que integran la c\u00e1tedra de Saxof\u00f3n<\/strong><\/span><\/p>\n<ul>\n<li>Prof. Mariana Cuadra es profesora titular de la c\u00e1tedra<\/li>\n<li>Prof. asociado Lucas Lillo<\/li>\n<li>Jefe de trabajos pr\u00e1cticos Mat\u00edas Araya.<\/li>\n<\/ul>\n<p>\u201cEsta c\u00e1tedra est\u00e1 dedicada a la formaci\u00f3n de estudiantes -explic\u00f3 Mariana Cuadra- y como el saxo no tiene cabida dentro de la orquesta sinf\u00f3nica, trabajamos mucho con ensambles de saxofones, cuartetos de saxofones, para que los\/as estudiantes tengan un desarrollo lo m\u00e1s pr\u00f3ximo a lo que puede ser una orquesta. Tambi\u00e9n los saxos est\u00e1n incluidos dentro de la Banda Sinf\u00f3nica\u201d.<\/p>\n<p><span style=\"color: #ff6600;\"><b>Ensamble de Saxofones<\/b><\/span><\/p>\n<p>Desde la creaci\u00f3n de la C\u00e1tedra de Saxof\u00f3n en el a\u00f1o 1994, existen y trabajan de manera ininterrumpida distintos ensambles integrados tanto por alumnos como por profesores.<\/p>\n<p>El Ensamble de Saxofones de la Universidad Nacional de San Juan (UNSJ) fue creado con el objetivo de enriquecer las pr\u00e1cticas musicales de sus estudiantes, brind\u00e1ndoles una experiencia que va m\u00e1s all\u00e1 de los tradicionales cuartetos. A trav\u00e9s de este ensamble, se ofrece a los\/as estudiantes la oportunidad de explorar un repertorio variado, cuidadosamente dise\u00f1ado por los profesores para adaptarse al nivel y las caracter\u00edsticas de cada miembro. El repertorio abarca diferentes aspectos de la m\u00fasica universal, permitiendo a los estudiantes enfrentar piezas musicales m\u00e1s desafiantes y colaborativas, lo que promueve un desarrollo t\u00e9cnico e interpretativo integral.<\/p>\n<p>Adem\u00e1s de mejorar las habilidades individuales, el ensamble act\u00faa como una plataforma para el crecimiento art\u00edstico colectivo. Les brinda la oportunidad de experimentar nuevas formas de interpretaci\u00f3n y de aumentar su versatilidad musical. El Ensamble de Saxofones de la UNSJ se ha convertido en un elemento clave en la formaci\u00f3n musical de los alumnos de la c\u00e1tedra, ampliando su horizonte musical y fomentando una participaci\u00f3n inclusiva y enriquecedora para todos, sin importar su nivel de ejecuci\u00f3n.<\/p>\n<p><img loading=\"lazy\" decoding=\"async\" class=\"alignnone size-large wp-image-64020\" src=\"https:\/\/vocesparalelas.com.ar\/sitio\/wp-content\/uploads\/2023\/10\/SAXOFONES-02-765x800.png\" alt=\"\" width=\"765\" height=\"800\" srcset=\"https:\/\/vocesparalelas.com.ar\/sitio\/wp-content\/uploads\/2023\/10\/SAXOFONES-02-765x800.png 765w, https:\/\/vocesparalelas.com.ar\/sitio\/wp-content\/uploads\/2023\/10\/SAXOFONES-02-287x300.png 287w, https:\/\/vocesparalelas.com.ar\/sitio\/wp-content\/uploads\/2023\/10\/SAXOFONES-02-768x804.png 768w, https:\/\/vocesparalelas.com.ar\/sitio\/wp-content\/uploads\/2023\/10\/SAXOFONES-02.png 800w\" sizes=\"auto, (max-width: 765px) 100vw, 765px\" \/><\/p>\n","protected":false},"excerpt":{"rendered":"<p>La C\u00e1tedra de Saxof\u00f3n del Departamento de M\u00fasica de la Facultad de Filosof\u00eda, Humanidades y Artes de la Universidad Nacional<\/p>\n","protected":false},"author":3,"featured_media":65902,"comment_status":"closed","ping_status":"closed","sticky":false,"template":"","format":"standard","meta":{"_acf_changed":false,"_seopress_robots_primary_cat":"none","_seopress_titles_title":"","_seopress_titles_desc":"","_seopress_robots_index":"","colormag_page_container_layout":"default_layout","colormag_page_sidebar_layout":"default_layout","footnotes":""},"categories":[20,7],"tags":[],"class_list":["post-75494","post","type-post","status-publish","format-standard","has-post-thumbnail","hentry","category-cartelera","category-videos"],"acf":[],"_links":{"self":[{"href":"https:\/\/vocesparalelas.com.ar\/sitio\/wp-json\/wp\/v2\/posts\/75494","targetHints":{"allow":["GET"]}}],"collection":[{"href":"https:\/\/vocesparalelas.com.ar\/sitio\/wp-json\/wp\/v2\/posts"}],"about":[{"href":"https:\/\/vocesparalelas.com.ar\/sitio\/wp-json\/wp\/v2\/types\/post"}],"author":[{"embeddable":true,"href":"https:\/\/vocesparalelas.com.ar\/sitio\/wp-json\/wp\/v2\/users\/3"}],"replies":[{"embeddable":true,"href":"https:\/\/vocesparalelas.com.ar\/sitio\/wp-json\/wp\/v2\/comments?post=75494"}],"version-history":[{"count":4,"href":"https:\/\/vocesparalelas.com.ar\/sitio\/wp-json\/wp\/v2\/posts\/75494\/revisions"}],"predecessor-version":[{"id":75500,"href":"https:\/\/vocesparalelas.com.ar\/sitio\/wp-json\/wp\/v2\/posts\/75494\/revisions\/75500"}],"wp:featuredmedia":[{"embeddable":true,"href":"https:\/\/vocesparalelas.com.ar\/sitio\/wp-json\/wp\/v2\/media\/65902"}],"wp:attachment":[{"href":"https:\/\/vocesparalelas.com.ar\/sitio\/wp-json\/wp\/v2\/media?parent=75494"}],"wp:term":[{"taxonomy":"category","embeddable":true,"href":"https:\/\/vocesparalelas.com.ar\/sitio\/wp-json\/wp\/v2\/categories?post=75494"},{"taxonomy":"post_tag","embeddable":true,"href":"https:\/\/vocesparalelas.com.ar\/sitio\/wp-json\/wp\/v2\/tags?post=75494"}],"curies":[{"name":"wp","href":"https:\/\/api.w.org\/{rel}","templated":true}]}}