{"id":75481,"date":"2024-08-06T22:16:53","date_gmt":"2024-08-07T01:16:53","guid":{"rendered":"https:\/\/vocesparalelas.com.ar\/sitio\/?p=75481"},"modified":"2024-08-07T21:33:21","modified_gmt":"2024-08-08T00:33:21","slug":"feria-educativa-2024-elijo-la-nacional-de-la-unsj-llega-a-los-departamentos-valle-fertil-calingasta-iglesia-y-jachal","status":"publish","type":"post","link":"https:\/\/vocesparalelas.com.ar\/sitio\/feria-educativa-2024-elijo-la-nacional-de-la-unsj-llega-a-los-departamentos-valle-fertil-calingasta-iglesia-y-jachal\/","title":{"rendered":"Feria Educativa 2024 \u00abElijo la Nacional\u00bb de la UNSJ llega a los Departamentos Valle F\u00e9rtil, Calingasta, Iglesia y J\u00e1chal"},"content":{"rendered":"<p>La Feria Educativa 2024 \u00abElijo la Nacional\u00bb de la Universidad Nacional de San Juan se traslada en forma presencial a los Departamentos<\/p>\n<ul>\n<li>Valle F\u00e9rtil, Mi\u00e9rcoles, 21 de agosto<\/li>\n<li>Calingasta, Viernes, 23 de Agosto<\/li>\n<li>Iglesia, Mi\u00e9rcoles, 28\u00a0 de Agosto<\/li>\n<li>J\u00e1chal, Viernes, 30 de Agosto<\/li>\n<\/ul>\n<p>Adem\u00e1s, los alumnos del Secundario pueden conocer las carreras de grado de las Facultades\u00a0 de haber tenido una instancia presencial y virtual, tambi\u00e9n se presentar\u00e1 de manera itinerante en diferentes departamentos de la provincia.<\/p>\n<p><a href=\"https:\/\/feriaeducativa.unsj.edu.ar\/\">https:\/\/feriaeducativa.unsj.edu.ar\/<\/a><\/p>\n<p>El coordinador del Programa de Articulaci\u00f3n con Municipios &#8211; PUAM &#8211;\u00a0 Mg. Jorge Baletti explic\u00f3 que \u00aben los pr\u00f3ximos d\u00edas la Universidad Nacional de San Juan se trasladar\u00e1 a los Departamentos Valle F\u00e9rtil, Calingasta, Iglesia y J\u00e1chal.\u00a0La propuesta se centra en estos cuatro puntos alejados de la Ciudad de San Juan para poder acercar la UNSJ. Vamos a hacer algo similar a lo que hicimos en el CUIM, es decir, cada unidad acad\u00e9mica y la Secretaria de Bienestar Universitario lleva su material y conversa con los estudiante acerca de cu\u00e1les son las ofertas educativas y cu\u00e1les son las facilidades y los servicios que tiene para brindar a los estudiantes de tal forma que su estad\u00eda en la Universidad sea favorable y sostenida\u201d.<\/p>\n<p>\u201cSi alguien tiene una inclinaci\u00f3n por las ciencias exactas y se imagina estudiando matem\u00e1tica, quiz\u00e1s no conoce que dentro de ese campo existen otras opciones que tambi\u00e9n coinciden con su perfil. Lo importante de la FEDU es que est\u00e1 la totalidad de la oferta a disposici\u00f3n y se hace una presentaci\u00f3n global de cada carrera\u201d.<\/p>\n<p>La Secretar\u00eda de Extensi\u00f3n tiene como misi\u00f3n abrir las puertas de la universidad, asegur\u00f3 el coordinador, y eso permite no solo la salida sino tambi\u00e9n el ingreso porque entra el conocimiento de c\u00f3mo est\u00e1 el territorio, qu\u00e9 necesita la gente, cu\u00e1les son sus demandas y sus fortalezas.<\/p>\n<p><span style=\"color: #ff6600;\"><strong>M\u00e1s informaci\u00f3n<\/strong><\/span><\/p>\n<p>En la p\u00e1gina Web de la FEDU<\/p>\n<p><a href=\"https:\/\/feriaeducativa.unsj.edu.ar\/\">https:\/\/feriaeducativa.unsj.edu.ar\/<\/a><\/p>\n<p>&nbsp;<\/p>\n<p><img loading=\"lazy\" decoding=\"async\" class=\"alignnone size-full wp-image-54035\" src=\"https:\/\/vocesparalelas.com.ar\/sitio\/wp-content\/uploads\/2022\/11\/UNSJ-LOGO-10.jpg\" alt=\"\" width=\"800\" height=\"533\" srcset=\"https:\/\/vocesparalelas.com.ar\/sitio\/wp-content\/uploads\/2022\/11\/UNSJ-LOGO-10.jpg 800w, https:\/\/vocesparalelas.com.ar\/sitio\/wp-content\/uploads\/2022\/11\/UNSJ-LOGO-10-300x200.jpg 300w, https:\/\/vocesparalelas.com.ar\/sitio\/wp-content\/uploads\/2022\/11\/UNSJ-LOGO-10-768x512.jpg 768w\" sizes=\"auto, (max-width: 800px) 100vw, 800px\" \/><\/p>\n","protected":false},"excerpt":{"rendered":"<p>La Feria Educativa 2024 \u00abElijo la Nacional\u00bb de la Universidad Nacional de San Juan se traslada en forma presencial a<\/p>\n","protected":false},"author":3,"featured_media":53519,"comment_status":"closed","ping_status":"closed","sticky":false,"template":"","format":"standard","meta":{"_acf_changed":false,"_seopress_robots_primary_cat":"none","_seopress_titles_title":"","_seopress_titles_desc":"","_seopress_robots_index":"","colormag_page_container_layout":"default_layout","colormag_page_sidebar_layout":"default_layout","footnotes":""},"categories":[9],"tags":[],"class_list":["post-75481","post","type-post","status-publish","format-standard","has-post-thumbnail","hentry","category-cursos"],"acf":[],"_links":{"self":[{"href":"https:\/\/vocesparalelas.com.ar\/sitio\/wp-json\/wp\/v2\/posts\/75481","targetHints":{"allow":["GET"]}}],"collection":[{"href":"https:\/\/vocesparalelas.com.ar\/sitio\/wp-json\/wp\/v2\/posts"}],"about":[{"href":"https:\/\/vocesparalelas.com.ar\/sitio\/wp-json\/wp\/v2\/types\/post"}],"author":[{"embeddable":true,"href":"https:\/\/vocesparalelas.com.ar\/sitio\/wp-json\/wp\/v2\/users\/3"}],"replies":[{"embeddable":true,"href":"https:\/\/vocesparalelas.com.ar\/sitio\/wp-json\/wp\/v2\/comments?post=75481"}],"version-history":[{"count":1,"href":"https:\/\/vocesparalelas.com.ar\/sitio\/wp-json\/wp\/v2\/posts\/75481\/revisions"}],"predecessor-version":[{"id":75484,"href":"https:\/\/vocesparalelas.com.ar\/sitio\/wp-json\/wp\/v2\/posts\/75481\/revisions\/75484"}],"wp:featuredmedia":[{"embeddable":true,"href":"https:\/\/vocesparalelas.com.ar\/sitio\/wp-json\/wp\/v2\/media\/53519"}],"wp:attachment":[{"href":"https:\/\/vocesparalelas.com.ar\/sitio\/wp-json\/wp\/v2\/media?parent=75481"}],"wp:term":[{"taxonomy":"category","embeddable":true,"href":"https:\/\/vocesparalelas.com.ar\/sitio\/wp-json\/wp\/v2\/categories?post=75481"},{"taxonomy":"post_tag","embeddable":true,"href":"https:\/\/vocesparalelas.com.ar\/sitio\/wp-json\/wp\/v2\/tags?post=75481"}],"curies":[{"name":"wp","href":"https:\/\/api.w.org\/{rel}","templated":true}]}}