{"id":75476,"date":"2024-08-06T21:15:57","date_gmt":"2024-08-07T00:15:57","guid":{"rendered":"https:\/\/vocesparalelas.com.ar\/sitio\/?p=75476"},"modified":"2024-08-06T21:23:58","modified_gmt":"2024-08-07T00:23:58","slug":"primera-cirugia-laparoscopica-en-el-hospital-san-roque-del-departamento-jachal-de-san-juan","status":"publish","type":"post","link":"https:\/\/vocesparalelas.com.ar\/sitio\/primera-cirugia-laparoscopica-en-el-hospital-san-roque-del-departamento-jachal-de-san-juan\/","title":{"rendered":"Primera cirug\u00eda laparosc\u00f3pica en el Hospital San Roque del Departamento J\u00e1chal de San Juan"},"content":{"rendered":"<p>El equipo de cirujanos del Hospital San Roque y de Cirug\u00eda Perif\u00e9rica, Departamento J\u00e1chal y realiz\u00f3 la primera cirug\u00eda laparosc\u00f3pica, en el marco de los operativos programados que tienen como objetivo llevar la salud m\u00e1s cerca de la comunidad.<\/p>\n<p>La cirug\u00eda se realiz\u00f3 a un paciente de sexo masculino, consisti\u00f3 en la extracci\u00f3n de la ves\u00edcula, el paciente no ten\u00eda antecedentes de riesgo.<\/p>\n<p>En el hospital se realizan cirug\u00edas por v\u00eda convencional y a partir de este momento tambi\u00e9n se podr\u00e1 realizar por v\u00eda laparosc\u00f3pica.<\/p>\n<p>El ministro de Salud, Dr. Amilcar Dobladez acompa\u00f1ado con el Secretario T\u00e9cnico, Dr. Alejandro Navarta y el Secretario de Medicina Preventivo, Dr. Pablo Arroyo acompa\u00f1aron al director del Hospital San Roque, Dr. Carlos Paez y a la Jefa de Zona Sanitaria III, Dra. Ivone Gracia y a los equipos de profesionales que realizaron la cirug\u00eda.<\/p>\n<p><strong><span style=\"color: #ff0000;\">La intervenci\u00f3n quir\u00fargica estuvo a cargo<\/span><\/strong><\/p>\n<ul>\n<li>Dr. Gustavo Garcia Medina (cirujano)<\/li>\n<li>Dr. Luis Salas (cirujano)<\/li>\n<li>Dr. Esteban Banga (cirujano)<\/li>\n<li>Dr. Jerem\u00edas Sanchez (anestesiologo)<br \/>\nDra. Graciela Bustamante (anestesiologa)<\/li>\n<li>Lic. Carina Dominguez<\/li>\n<li>Lic. Fabio del Castillo<\/li>\n<li>IQ Alfredo Zotelo<\/li>\n<li>Lic. Ver\u00f3nica Acosta<\/li>\n<li>Lic. Carolina Brizuela<\/li>\n<li>EU M\u00f3nica Garay<\/li>\n<li>Tec. Anestesia Aida Aballay<\/li>\n<li>Auxiliar Noemi Trigo<\/li>\n<li>Dr. Jos\u00e9 Caif (Director de Prestaciones Perif\u00e9ricas)<\/li>\n<li>Lic. Silvia Doblas (Coordinadora de Cirug\u00eda Perif\u00e9rica)<\/li>\n<\/ul>\n<p>Las cirug\u00edas laparosc\u00f3picas tienen numerosas ventajas como por ejemplo el menor defecto est\u00e9tico, la recuperaci\u00f3n m\u00e1s r\u00e1pida, la inserci\u00f3n laboral y a la vida cotidiana del paciente, que en la periferia es muy importante porque son pacientes que no pueden estar mucho tiempo en reposo debido a su actividad laboral. Este tipo de intervenci\u00f3n les permite reinsertarse de forma r\u00e1pida y sin complicaciones.<\/p>\n<p>Como en cada una de las intervenciones quir\u00fargicas que se llevan adelante en los distintos departamentos del territorio provincial, hay que destacar el trabajo del personal de salud, entre ellos enfermeros, m\u00e9dicos, personal administrativo, de mantenimiento y de limpieza.<\/p>\n<p>Asimismo, se convoc\u00f3, como en cada oportunidad, al equipo de electromedicina del Ministerio de Salud, que es el encargado del mantenimiento y prevenci\u00f3n de la aparatolog\u00eda.<\/p>\n<p><span style=\"color: #ff0000;\"><strong>Equipo de Laparoscopia<\/strong><\/span><\/p>\n<p>Es un equipo que posee la torre y el instrumental de marca Mindray. Esta aparatolog\u00eda tiene tambi\u00e9n una caja equipada para realizar cirug\u00edas de mediana y baja complejidad, cirug\u00eda general y de otras especialidades como ginecolog\u00eda.<\/p>\n<p>Se encuentra apto para realizar colecistectom\u00edas laparosc\u00f3picas, ligaduras y, ante alguna eventualidad, alg\u00fan procedimiento de mayor complejidad, como intervenir la v\u00eda biliar.<\/p>\n<p><img loading=\"lazy\" decoding=\"async\" class=\"alignnone size-full wp-image-58562\" src=\"https:\/\/vocesparalelas.com.ar\/sitio\/wp-content\/uploads\/2023\/04\/HOSPITAL-SAN-ROQUE.jpg\" alt=\"\" width=\"800\" height=\"450\" srcset=\"https:\/\/vocesparalelas.com.ar\/sitio\/wp-content\/uploads\/2023\/04\/HOSPITAL-SAN-ROQUE.jpg 800w, https:\/\/vocesparalelas.com.ar\/sitio\/wp-content\/uploads\/2023\/04\/HOSPITAL-SAN-ROQUE-300x169.jpg 300w, https:\/\/vocesparalelas.com.ar\/sitio\/wp-content\/uploads\/2023\/04\/HOSPITAL-SAN-ROQUE-768x432.jpg 768w\" sizes=\"auto, (max-width: 800px) 100vw, 800px\" \/><\/p>\n","protected":false},"excerpt":{"rendered":"<p>El equipo de cirujanos del Hospital San Roque y de Cirug\u00eda Perif\u00e9rica, Departamento J\u00e1chal y realiz\u00f3 la primera cirug\u00eda laparosc\u00f3pica,<\/p>\n","protected":false},"author":3,"featured_media":75479,"comment_status":"closed","ping_status":"closed","sticky":false,"template":"","format":"standard","meta":{"_acf_changed":false,"_seopress_robots_primary_cat":"none","_seopress_titles_title":"","_seopress_titles_desc":"","_seopress_robots_index":"","colormag_page_container_layout":"default_layout","colormag_page_sidebar_layout":"default_layout","footnotes":""},"categories":[1],"tags":[],"class_list":["post-75476","post","type-post","status-publish","format-standard","has-post-thumbnail","hentry","category-destacadas"],"acf":[],"_links":{"self":[{"href":"https:\/\/vocesparalelas.com.ar\/sitio\/wp-json\/wp\/v2\/posts\/75476","targetHints":{"allow":["GET"]}}],"collection":[{"href":"https:\/\/vocesparalelas.com.ar\/sitio\/wp-json\/wp\/v2\/posts"}],"about":[{"href":"https:\/\/vocesparalelas.com.ar\/sitio\/wp-json\/wp\/v2\/types\/post"}],"author":[{"embeddable":true,"href":"https:\/\/vocesparalelas.com.ar\/sitio\/wp-json\/wp\/v2\/users\/3"}],"replies":[{"embeddable":true,"href":"https:\/\/vocesparalelas.com.ar\/sitio\/wp-json\/wp\/v2\/comments?post=75476"}],"version-history":[{"count":1,"href":"https:\/\/vocesparalelas.com.ar\/sitio\/wp-json\/wp\/v2\/posts\/75476\/revisions"}],"predecessor-version":[{"id":75480,"href":"https:\/\/vocesparalelas.com.ar\/sitio\/wp-json\/wp\/v2\/posts\/75476\/revisions\/75480"}],"wp:featuredmedia":[{"embeddable":true,"href":"https:\/\/vocesparalelas.com.ar\/sitio\/wp-json\/wp\/v2\/media\/75479"}],"wp:attachment":[{"href":"https:\/\/vocesparalelas.com.ar\/sitio\/wp-json\/wp\/v2\/media?parent=75476"}],"wp:term":[{"taxonomy":"category","embeddable":true,"href":"https:\/\/vocesparalelas.com.ar\/sitio\/wp-json\/wp\/v2\/categories?post=75476"},{"taxonomy":"post_tag","embeddable":true,"href":"https:\/\/vocesparalelas.com.ar\/sitio\/wp-json\/wp\/v2\/tags?post=75476"}],"curies":[{"name":"wp","href":"https:\/\/api.w.org\/{rel}","templated":true}]}}