{"id":75471,"date":"2024-08-06T20:42:46","date_gmt":"2024-08-06T23:42:46","guid":{"rendered":"https:\/\/vocesparalelas.com.ar\/sitio\/?p=75471"},"modified":"2024-08-06T22:40:22","modified_gmt":"2024-08-07T01:40:22","slug":"segundo-encuentro-con-las-camaras-empresariales-de-san-juan-por-el-rigi-en-la-camara-de-diputados","status":"publish","type":"post","link":"https:\/\/vocesparalelas.com.ar\/sitio\/segundo-encuentro-con-las-camaras-empresariales-de-san-juan-por-el-rigi-en-la-camara-de-diputados\/","title":{"rendered":"Segundo encuentro con las c\u00e1maras empresariales de San Juan por el RIGI en la C\u00e1mara de Diputados"},"content":{"rendered":"<p>El Martes, 6 de Agosto, el vicegobernador Dr. Fabi\u00e1n Mart\u00edn presidi\u00f3 la segunda reuni\u00f3n con representantes de c\u00e1maras empresariales, colegios de profesionales, gremios y partidos pol\u00edticos. Participaron los diputados junto a los secretarios Legislativo, DR. Gustavo Velert y Administrativo, Lic. Jorge Fern\u00e1ndez.<\/p>\n<p><span style=\"color: #800080;\"><strong>Expusieron sus puntos de vistas<\/strong><\/span><\/p>\n<ul>\n<li>Presidente del Colegio de Profesionales de Ciencias Biol\u00f3gicas, Rodrigo Nieva Cocilio<\/li>\n<li>Presidente de la C\u00e1mara de Prestadores Mineros de Iglesia, Fernando Varela<\/li>\n<li>Presidente de la CTA Aut\u00f3nomos, Crist\u00f3bal Carrizo<\/li>\n<li>Presidente de la C\u00e1mara de proveedores de Servicios Mineros de J\u00e1chal, Rodolfo Aballay<\/li>\n<li>Integrante del Comit\u00e9 del Partido del Trabajo y del Pueblo, Federico Ag\u00fcero<\/li>\n<li>Presidente del Consejo Profesional de Ciencias Geol\u00f3gicas; Horacio Puigdomenech<\/li>\n<li>Presidente de la C\u00e1mara de Empresas de Tecnolog\u00eda y comunicaciones, Cristian Gonz\u00e1lez<\/li>\n<li>Presidente del Colegio Argentino de Ingenieros en Minas, Francisco Javier Almenzar<\/li>\n<li>Presidente de la C\u00e1mara Empresarial de Calingasta, Carlos Devit<\/li>\n<li>Presidente de la C\u00e1mara de Empresas Perforistas, Eduardo Caputo<\/li>\n<li>Presidente de la C\u00e1mara de Servicios Mineros de San Juan, Juan Pablo Delgado.<\/li>\n<\/ul>\n<p><iframe loading=\"lazy\" title=\"2da Reuni\u00f3n de Diputados con sectores de la Provincia relacionados al RIGI. - 6 de agosto 2024\" width=\"800\" height=\"450\" src=\"https:\/\/www.youtube.com\/embed\/dJs0jVamb-U?feature=oembed\" frameborder=\"0\" allow=\"accelerometer; autoplay; clipboard-write; encrypted-media; gyroscope; picture-in-picture; web-share\" referrerpolicy=\"strict-origin-when-cross-origin\" allowfullscreen><\/iframe><\/p>\n<p>&nbsp;<\/p>\n<p>Al finalizar, el vicegobernador Dr. Fabi\u00e1n Mart\u00edn expres\u00f3 que \u201cquiero agradecer a todos los participantes que han hablado con mucho detenimiento y detalles de cada una de las circunstancias, cada uno mir\u00e1ndolo desde su \u00f3ptica. Quiero destacar se han hablado de muchas cosas, se ha hablado de oportunidad, de competitividad, se hablado de dar garant\u00edas, se hablado de garant\u00edas para los trabajadores, por supuesto que todos lo queremos. Algunos opinan que es necesario el desarrollo de la industria, pero que por ah\u00ed hay que tomarse un tiempo para desarrollar otras cosas paralelas, otros dicen el momento es hoy. Ustedes podr\u00e1n ver diversidad de criterios, pero yo rescato que en San Juan hay una madurez pol\u00edtica de poder estar ac\u00e1 diversos sectores de trabajadores, de C\u00e1maras, de Colegios\u201d.<\/p>\n<p>\u00abEs muy importante que nosotros en este lugar, en la C\u00e1mara de Diputados que es la Casa de Todos los sanjuaninos, es donde se debaten estas cosas y que podamos crear este \u00e1mbito de di\u00e1logo. Les agradezco a todos los que han expuesto hoy, los que expusieron la semana pasada. Y quiero agradecerles a todos los diputados que est\u00e1n ac\u00e1. Eso demuestra el inter\u00e9s que hay y la seriedad con lo que tomamos estos proyectos que vamos a tratar en algunas semanas m\u00e1s. Estoy convencido que los 36 diputados quieren lo mejor para San Juan, estoy convencido que est\u00e1n todos ellos estudiando el proyecto del RIGI, cada art\u00edculo, cada situaci\u00f3n, algunos ya tienen tomada su posici\u00f3n otros la est\u00e1n por tomar. Hay un trabajo muy serio y por eso se lo agradezco. Como ser\u00e1 de importante que lo hemos consideramos en siete comisiones, nunca ha habido, en lo que a m\u00ed me toca, un proyecto que pase a tantas comisiones. Esto en virtud de la seriedad lo hemos tomado como corresponde y tom\u00e1ndonos tambi\u00e9n el tiempo para poder evaluarlo y estudiado\u201d.<\/p>\n<figure id=\"attachment_37951\" aria-describedby=\"caption-attachment-37951\" style=\"width: 800px\" class=\"wp-caption alignnone\"><img loading=\"lazy\" decoding=\"async\" class=\"size-full wp-image-37951\" src=\"https:\/\/vocesparalelas.com.ar\/sitio\/wp-content\/uploads\/2021\/05\/CAMARA-EDIFICIO.jpg\" alt=\"\" width=\"800\" height=\"515\" srcset=\"https:\/\/vocesparalelas.com.ar\/sitio\/wp-content\/uploads\/2021\/05\/CAMARA-EDIFICIO.jpg 800w, https:\/\/vocesparalelas.com.ar\/sitio\/wp-content\/uploads\/2021\/05\/CAMARA-EDIFICIO-300x193.jpg 300w, https:\/\/vocesparalelas.com.ar\/sitio\/wp-content\/uploads\/2021\/05\/CAMARA-EDIFICIO-768x494.jpg 768w\" sizes=\"auto, (max-width: 800px) 100vw, 800px\" \/><figcaption id=\"caption-attachment-37951\" class=\"wp-caption-text\">Legislatura Provincial de San Juan, Rep\u00fablica Argentina<\/figcaption><\/figure>\n<p>&nbsp;<\/p>\n<p>&nbsp;<\/p>\n","protected":false},"excerpt":{"rendered":"<p>El Martes, 6 de Agosto, el vicegobernador Dr. Fabi\u00e1n Mart\u00edn presidi\u00f3 la segunda reuni\u00f3n con representantes de c\u00e1maras empresariales, colegios<\/p>\n","protected":false},"author":3,"featured_media":75489,"comment_status":"closed","ping_status":"closed","sticky":false,"template":"","format":"standard","meta":{"_acf_changed":false,"_seopress_robots_primary_cat":"none","_seopress_titles_title":"","_seopress_titles_desc":"","_seopress_robots_index":"","colormag_page_container_layout":"default_layout","colormag_page_sidebar_layout":"default_layout","footnotes":""},"categories":[1,7],"tags":[],"class_list":["post-75471","post","type-post","status-publish","format-standard","has-post-thumbnail","hentry","category-destacadas","category-videos"],"acf":[],"_links":{"self":[{"href":"https:\/\/vocesparalelas.com.ar\/sitio\/wp-json\/wp\/v2\/posts\/75471","targetHints":{"allow":["GET"]}}],"collection":[{"href":"https:\/\/vocesparalelas.com.ar\/sitio\/wp-json\/wp\/v2\/posts"}],"about":[{"href":"https:\/\/vocesparalelas.com.ar\/sitio\/wp-json\/wp\/v2\/types\/post"}],"author":[{"embeddable":true,"href":"https:\/\/vocesparalelas.com.ar\/sitio\/wp-json\/wp\/v2\/users\/3"}],"replies":[{"embeddable":true,"href":"https:\/\/vocesparalelas.com.ar\/sitio\/wp-json\/wp\/v2\/comments?post=75471"}],"version-history":[{"count":1,"href":"https:\/\/vocesparalelas.com.ar\/sitio\/wp-json\/wp\/v2\/posts\/75471\/revisions"}],"predecessor-version":[{"id":75474,"href":"https:\/\/vocesparalelas.com.ar\/sitio\/wp-json\/wp\/v2\/posts\/75471\/revisions\/75474"}],"wp:featuredmedia":[{"embeddable":true,"href":"https:\/\/vocesparalelas.com.ar\/sitio\/wp-json\/wp\/v2\/media\/75489"}],"wp:attachment":[{"href":"https:\/\/vocesparalelas.com.ar\/sitio\/wp-json\/wp\/v2\/media?parent=75471"}],"wp:term":[{"taxonomy":"category","embeddable":true,"href":"https:\/\/vocesparalelas.com.ar\/sitio\/wp-json\/wp\/v2\/categories?post=75471"},{"taxonomy":"post_tag","embeddable":true,"href":"https:\/\/vocesparalelas.com.ar\/sitio\/wp-json\/wp\/v2\/tags?post=75471"}],"curies":[{"name":"wp","href":"https:\/\/api.w.org\/{rel}","templated":true}]}}