{"id":75464,"date":"2024-08-06T20:03:11","date_gmt":"2024-08-06T23:03:11","guid":{"rendered":"https:\/\/vocesparalelas.com.ar\/sitio\/?p=75464"},"modified":"2024-08-07T21:38:04","modified_gmt":"2024-08-08T00:38:04","slug":"registro-y-certificacion-de-titulos-en-el-ministerio-de-educacion-de-san-juan-2","status":"publish","type":"post","link":"https:\/\/vocesparalelas.com.ar\/sitio\/registro-y-certificacion-de-titulos-en-el-ministerio-de-educacion-de-san-juan-2\/","title":{"rendered":"Registro y Certificaci\u00f3n de T\u00edtulos en el Ministerio de Educaci\u00f3n de San Juan"},"content":{"rendered":"<p>La Oficina de Registro y Certificaci\u00f3n de t\u00edtulos de Ministerio de Educaci\u00f3n del Gobierno de San Juan, recuerda que la atenci\u00f3n al p\u00fablico es con turno online.<\/p>\n<p><strong><span style=\"color: #ff6600;\">Turnos<\/span><\/strong><\/p>\n<p><a href=\"http:\/\/turnos.sanjuan.gob.ar\">http:\/\/turnos.sanjuan.gob.ar<\/a><\/p>\n<p>El horario dispuesto para la atenci\u00f3n en el turno,\u00a0 de 7:30 a 12:30 horas \u00fanicamente.<\/p>\n<p>Con el turno asignado, deben presentarse el d\u00eda y horario consignado, en la Oficina de Registro y Certificaci\u00f3n, en el 2 piso del Centro C\u00edvico, N\u00facleo 2.<\/p>\n<p>Deben acudir con original y copia a certificar y el DNI.<\/p>\n<p><span style=\"color: #ff6600;\"><strong>Residentes en zonas alejadas<\/strong><\/span><\/p>\n<p>A partir del 1 de agosto, las personas que residen en : Calingasta, Valle F\u00e9rtil, Iglesia y J\u00e1chal, deben solicitar turno online.<\/p>\n<p>A tener en cuenta solo para docentes que tomen cargos interinos y suplentes por t\u00edtulo en los diferentes niveles del sistema educativo<\/p>\n<p>La secretaria de Educaci\u00f3n Lic. Mariela Lueje, inform\u00f3 que los t\u00edtulos que poseen c\u00f3digo QR debe ser confrontados por la Oficina de Registro de T\u00edtulos. Tienen que tener firma, fecha actualizada y sello de confrontado inserto al pie de la p\u00e1gina de la copia correspondiente.<\/p>\n<p>Se advierte que no se acepta ning\u00fan otro sello de confrontado.<\/p>\n<p><img loading=\"lazy\" decoding=\"async\" class=\"alignnone size-full wp-image-75467\" src=\"https:\/\/vocesparalelas.com.ar\/sitio\/wp-content\/uploads\/2024\/08\/EDUCACION-CONFRONTADO.jpg\" alt=\"\" width=\"720\" height=\"243\" srcset=\"https:\/\/vocesparalelas.com.ar\/sitio\/wp-content\/uploads\/2024\/08\/EDUCACION-CONFRONTADO.jpg 720w, https:\/\/vocesparalelas.com.ar\/sitio\/wp-content\/uploads\/2024\/08\/EDUCACION-CONFRONTADO-300x101.jpg 300w\" sizes=\"auto, (max-width: 720px) 100vw, 720px\" \/><\/p>\n<p><strong><span style=\"color: #ff6600;\">Consultas o mayor informaci\u00f3n<\/span><\/strong><\/p>\n<p>Pueden comunicarse de Lunes a Viernes, 7.30 a 12:30 hs al tel\u00e9fono 4305852.<\/p>\n<p><img loading=\"lazy\" decoding=\"async\" class=\"alignnone size-full wp-image-28629\" src=\"https:\/\/vocesparalelas.com.ar\/sitio\/wp-content\/uploads\/2020\/05\/MINISTERIO-EDUCACION-SJ.jpg\" alt=\"\" width=\"800\" height=\"533\" srcset=\"https:\/\/vocesparalelas.com.ar\/sitio\/wp-content\/uploads\/2020\/05\/MINISTERIO-EDUCACION-SJ.jpg 800w, https:\/\/vocesparalelas.com.ar\/sitio\/wp-content\/uploads\/2020\/05\/MINISTERIO-EDUCACION-SJ-300x200.jpg 300w, https:\/\/vocesparalelas.com.ar\/sitio\/wp-content\/uploads\/2020\/05\/MINISTERIO-EDUCACION-SJ-768x512.jpg 768w\" sizes=\"auto, (max-width: 800px) 100vw, 800px\" \/><\/p>\n","protected":false},"excerpt":{"rendered":"<p>La Oficina de Registro y Certificaci\u00f3n de t\u00edtulos de Ministerio de Educaci\u00f3n del Gobierno de San Juan, recuerda que la<\/p>\n","protected":false},"author":3,"featured_media":37603,"comment_status":"closed","ping_status":"closed","sticky":false,"template":"","format":"standard","meta":{"_acf_changed":false,"_seopress_robots_primary_cat":"none","_seopress_titles_title":"","_seopress_titles_desc":"","_seopress_robots_index":"","colormag_page_container_layout":"default_layout","colormag_page_sidebar_layout":"default_layout","footnotes":""},"categories":[5],"tags":[],"class_list":["post-75464","post","type-post","status-publish","format-standard","has-post-thumbnail","hentry","category-ofrecimientos"],"acf":[],"_links":{"self":[{"href":"https:\/\/vocesparalelas.com.ar\/sitio\/wp-json\/wp\/v2\/posts\/75464","targetHints":{"allow":["GET"]}}],"collection":[{"href":"https:\/\/vocesparalelas.com.ar\/sitio\/wp-json\/wp\/v2\/posts"}],"about":[{"href":"https:\/\/vocesparalelas.com.ar\/sitio\/wp-json\/wp\/v2\/types\/post"}],"author":[{"embeddable":true,"href":"https:\/\/vocesparalelas.com.ar\/sitio\/wp-json\/wp\/v2\/users\/3"}],"replies":[{"embeddable":true,"href":"https:\/\/vocesparalelas.com.ar\/sitio\/wp-json\/wp\/v2\/comments?post=75464"}],"version-history":[{"count":3,"href":"https:\/\/vocesparalelas.com.ar\/sitio\/wp-json\/wp\/v2\/posts\/75464\/revisions"}],"predecessor-version":[{"id":75470,"href":"https:\/\/vocesparalelas.com.ar\/sitio\/wp-json\/wp\/v2\/posts\/75464\/revisions\/75470"}],"wp:featuredmedia":[{"embeddable":true,"href":"https:\/\/vocesparalelas.com.ar\/sitio\/wp-json\/wp\/v2\/media\/37603"}],"wp:attachment":[{"href":"https:\/\/vocesparalelas.com.ar\/sitio\/wp-json\/wp\/v2\/media?parent=75464"}],"wp:term":[{"taxonomy":"category","embeddable":true,"href":"https:\/\/vocesparalelas.com.ar\/sitio\/wp-json\/wp\/v2\/categories?post=75464"},{"taxonomy":"post_tag","embeddable":true,"href":"https:\/\/vocesparalelas.com.ar\/sitio\/wp-json\/wp\/v2\/tags?post=75464"}],"curies":[{"name":"wp","href":"https:\/\/api.w.org\/{rel}","templated":true}]}}