{"id":75450,"date":"2024-08-05T22:29:42","date_gmt":"2024-08-06T01:29:42","guid":{"rendered":"https:\/\/vocesparalelas.com.ar\/sitio\/?p=75450"},"modified":"2024-08-06T23:29:56","modified_gmt":"2024-08-07T02:29:56","slug":"diplomatura-en-sostenibilidad-aplicada-a-la-produccion-de-indumentaria-de-la-faud-de-la-unsj","status":"publish","type":"post","link":"https:\/\/vocesparalelas.com.ar\/sitio\/diplomatura-en-sostenibilidad-aplicada-a-la-produccion-de-indumentaria-de-la-faud-de-la-unsj\/","title":{"rendered":"Diplomatura en Sostenibilidad Aplicada a la Producci\u00f3n de Indumentaria de la FAUD de la UNSJ"},"content":{"rendered":"<p>La Facultad de Arquitectura, Urbanismo y Dise\u00f1o de la Universidad Nacional de San Juan ofrece y dicta la Diplomatura en Sostenibilidad Aplicada a la Producci\u00f3n de Indumentaria para aquellas personas interesadas en la \u00a0formaci\u00f3n integral en moda \u00e9tica y responsable con el medio ambiente.<\/p>\n<p>La diplomatura busca ense\u00f1ar a los estudiantes a emprender de manera sustentable, comprendiendo el sistema de moda desde una perspectiva global y \u00e9tica.<\/p>\n<p>Los participantes aprender\u00e1n sobre econom\u00eda circular, incrementando la participaci\u00f3n de los usuarios y valorando la naturaleza en sus procesos de dise\u00f1o.<\/p>\n<p>La diplomatura est\u00e1 dirigida a estudiantes de dise\u00f1o de moda, dise\u00f1adores egresados, productores, confeccionistas, dise\u00f1adores textiles, comerciantes y emprendedores que busquen insertarse en el mundo de la moda sustentable.<\/p>\n<p>Por ello, Voces Paralelas desarroll\u00f3 una entrevista period\u00edstica a la vicedecana de la FAUD de la UNSJ, Esp. D.I.G. Natalia Sevilla P\u00f3sleman, quien inform\u00f3 sobra la finalizaci\u00f3n de la formaci\u00f3n y comienza una nueva cohorte.<\/p>\n<p>&nbsp;<\/p>\n<p><iframe loading=\"lazy\" title=\"FAUD UNSJ VICEDECANA DIG NATALIA SEVILLA POSLEMAN\" width=\"800\" height=\"450\" src=\"https:\/\/www.youtube.com\/embed\/GS_bd1HU900?feature=oembed\" frameborder=\"0\" allow=\"accelerometer; autoplay; clipboard-write; encrypted-media; gyroscope; picture-in-picture; web-share\" referrerpolicy=\"strict-origin-when-cross-origin\" allowfullscreen><\/iframe><\/p>\n<p><strong><span style=\"color: #ff6600;\">M\u00e1s informaci\u00f3n<\/span><\/strong><\/p>\n<p><a href=\"https:\/\/faud.unsj.edu.ar\/comienzan-inscripciones-diplomatura-sostenibilidad-aplicada-produccion-indumentaria\/\">https:\/\/faud.unsj.edu.ar\/comienzan-inscripciones-diplomatura-sostenibilidad-aplicada-produccion-indumentaria\/<\/a><\/p>\n<p>&nbsp;<\/p>\n<p><img loading=\"lazy\" decoding=\"async\" class=\"alignnone size-full wp-image-43789\" src=\"https:\/\/vocesparalelas.com.ar\/sitio\/wp-content\/uploads\/2021\/11\/FAUD-LOGO-NUEVO.jpg\" alt=\"\" width=\"800\" height=\"533\" srcset=\"https:\/\/vocesparalelas.com.ar\/sitio\/wp-content\/uploads\/2021\/11\/FAUD-LOGO-NUEVO.jpg 800w, https:\/\/vocesparalelas.com.ar\/sitio\/wp-content\/uploads\/2021\/11\/FAUD-LOGO-NUEVO-300x200.jpg 300w, https:\/\/vocesparalelas.com.ar\/sitio\/wp-content\/uploads\/2021\/11\/FAUD-LOGO-NUEVO-768x512.jpg 768w\" sizes=\"auto, (max-width: 800px) 100vw, 800px\" \/><\/p>\n","protected":false},"excerpt":{"rendered":"<p>La Facultad de Arquitectura, Urbanismo y Dise\u00f1o de la Universidad Nacional de San Juan ofrece y dicta la Diplomatura en<\/p>\n","protected":false},"author":3,"featured_media":75453,"comment_status":"closed","ping_status":"closed","sticky":false,"template":"","format":"standard","meta":{"_acf_changed":false,"_seopress_robots_primary_cat":"none","_seopress_titles_title":"","_seopress_titles_desc":"","_seopress_robots_index":"","colormag_page_container_layout":"default_layout","colormag_page_sidebar_layout":"default_layout","footnotes":""},"categories":[15,7],"tags":[],"class_list":["post-75450","post","type-post","status-publish","format-standard","has-post-thumbnail","hentry","category-posgrados","category-videos"],"acf":[],"_links":{"self":[{"href":"https:\/\/vocesparalelas.com.ar\/sitio\/wp-json\/wp\/v2\/posts\/75450","targetHints":{"allow":["GET"]}}],"collection":[{"href":"https:\/\/vocesparalelas.com.ar\/sitio\/wp-json\/wp\/v2\/posts"}],"about":[{"href":"https:\/\/vocesparalelas.com.ar\/sitio\/wp-json\/wp\/v2\/types\/post"}],"author":[{"embeddable":true,"href":"https:\/\/vocesparalelas.com.ar\/sitio\/wp-json\/wp\/v2\/users\/3"}],"replies":[{"embeddable":true,"href":"https:\/\/vocesparalelas.com.ar\/sitio\/wp-json\/wp\/v2\/comments?post=75450"}],"version-history":[{"count":1,"href":"https:\/\/vocesparalelas.com.ar\/sitio\/wp-json\/wp\/v2\/posts\/75450\/revisions"}],"predecessor-version":[{"id":75454,"href":"https:\/\/vocesparalelas.com.ar\/sitio\/wp-json\/wp\/v2\/posts\/75450\/revisions\/75454"}],"wp:featuredmedia":[{"embeddable":true,"href":"https:\/\/vocesparalelas.com.ar\/sitio\/wp-json\/wp\/v2\/media\/75453"}],"wp:attachment":[{"href":"https:\/\/vocesparalelas.com.ar\/sitio\/wp-json\/wp\/v2\/media?parent=75450"}],"wp:term":[{"taxonomy":"category","embeddable":true,"href":"https:\/\/vocesparalelas.com.ar\/sitio\/wp-json\/wp\/v2\/categories?post=75450"},{"taxonomy":"post_tag","embeddable":true,"href":"https:\/\/vocesparalelas.com.ar\/sitio\/wp-json\/wp\/v2\/tags?post=75450"}],"curies":[{"name":"wp","href":"https:\/\/api.w.org\/{rel}","templated":true}]}}