{"id":75438,"date":"2024-08-05T21:15:31","date_gmt":"2024-08-06T00:15:31","guid":{"rendered":"https:\/\/vocesparalelas.com.ar\/sitio\/?p=75438"},"modified":"2024-08-06T22:41:35","modified_gmt":"2024-08-07T01:41:35","slug":"proyecto-impacto-de-la-contaminacion-luminica-en-la-calidad-del-cielo-sanjuanino-hacia-una-ley-de-proteccion-y-conservacion-de-los-cielos-de-san-juan-de-la-fcefn-de-la-unsj","status":"publish","type":"post","link":"https:\/\/vocesparalelas.com.ar\/sitio\/proyecto-impacto-de-la-contaminacion-luminica-en-la-calidad-del-cielo-sanjuanino-hacia-una-ley-de-proteccion-y-conservacion-de-los-cielos-de-san-juan-de-la-fcefn-de-la-unsj\/","title":{"rendered":"Proyecto \u00abImpacto de la contaminaci\u00f3n lum\u00ednica en la calidad del cielo Sanjuanino: Hacia una Ley de Protecci\u00f3n y Conservaci\u00f3n de los Cielos de San Juan\u00bb de la FCEFN de la UNSJ"},"content":{"rendered":"<p>El Viernes, 26 de Julio, se llev\u00f3 a cabo una importante reuni\u00f3n donde el Director del CASLEO, Dr. Sergio Cellone, el Director del OAFA, Dr. Carlos Francile, ambos acompa\u00f1ados por sus equipos de investigaci\u00f3n, extensi\u00f3n y personal t\u00e9cnico, expusieron la problem\u00e1tica enmarcada en el Proyecto \u00abImpacto de la Contaminaci\u00f3n Lum\u00ednica en la calidad del cielo Sanjuanino. Hacia una Ley de Protecci\u00f3n y Conservaci\u00f3n de los Cielos de San Juan\u00bb<\/p>\n<p>Dicha reuni\u00f3n cont\u00f3 adem\u00e1s con la participaci\u00f3n del Secretario de Ciencia, Tecnolog\u00eda e Innovaci\u00f3n Dr. Germ\u00e1n Von Euw, el Subsecretario de Desarrollo Sustentable Dr. H\u00e9ctor Bustamante, Director de Promoci\u00f3n de la Actividad Cient\u00edfica y Tecnol\u00f3gica Ing. Federico Ramos, Director de Recursos Energ\u00e9ticos Ing. Jos\u00e9 Mar\u00eda Ginestar Rivas y Director de Cambio Clim\u00e1tico Ing. Gabriel Ca\u00f1adas y su equipo t\u00e9cnico.<\/p>\n<p>Adem\u00e1s, estuvieron presentes la Secretar\u00eda de Extensi\u00f3n de la Facultad de Ciencias Exactas, F\u00edsica y Naturales Prof. Patricia Asunto y la Lic. Maika Rech Coordinadora de la Ruta del Cielo del Ministerio de Turismo, Cultura y Deporte del Gobierno de San Juan.<\/p>\n<p>Esta reuni\u00f3n fue clave para establecer las pautas a seguir para poder mitigar est\u00e1 silenciosa contaminaci\u00f3n que pone en riesgo un recurso por el cual la Provincia de San Juan es reconocida internacionalmente.<\/p>\n<p><strong><span style=\"color: #0000ff;\">Datos importantes<\/span><\/strong><\/p>\n<ul>\n<li>Titulo del proyecto: \u00abImpacto de la contaminaci\u00f3n lum\u00ednica en la calidad del cielo Sanjuanino: Hacia una Ley de Protecci\u00f3n y Conservaci\u00f3n de los Cielos de San Juan\u00bb.<\/li>\n<li>Integrantes del proyecto: los actuales directores de los observatorios del CASLEO, Dr. Sergio Cellone, el Director del OAFA, Dr. Carlos Francile, acompa\u00f1ados por investigadores, extensionistas y personal t\u00e9cnico de los observatorios y personal t\u00e9cnico y de investigaci\u00f3n de la Secretaria de ambiente y Desarrollo Sustentables del Gobierno de San Juan.<\/li>\n<\/ul>\n<p>La Facultad de Ciencias Exactas, F\u00edsicas y Naturales de la Universidad Nacional de San Juan cuyas\u00a0Instituciones intervinientes CASLEO, OAFA de la FCEFN de la UNSJ y Secretar\u00eda de Ambiente y Desarrollo Sustentables del Gobierno de San Juan.<\/p>\n<p>El proyecto se enmarca dentro de la Convocatoria de Programas de Investigaci\u00f3n en Plataformas Estrat\u00e9gicas &#8211; PIPE &#8211; de la Secretaria de Ciencia, Tecnolog\u00eda e Innovaci\u00f3n.<\/p>\n<p>La contaminaci\u00f3n lum\u00ednica es una silenciosa que no s\u00f3lo afecta a la observaci\u00f3n e investigaci\u00f3n del cielo sino que tambi\u00e9n afecta a los seres vivos.<\/p>\n<p>Por ello, Voces Paralelas desarroll\u00f3 una entrevista period\u00edstica a la Ing. Johana Quinteros, Docente e Investigadora del OAFA, integrante del proyecto y Actual Responsable del \u00c1rea Extensi\u00f3n Divulgaci\u00f3n y Turismo Astron\u00f3mico del OAFA, quien explic\u00f3 lo que significa el trabajo de investigaci\u00f3n que desarrollan, la reuni\u00f3n tan importante que tuvieron con las partes y el compromiso que asumieron para buscar los medios para solucionar el problema de la contaminaci\u00f3n lum\u00ednica de San Juan y que afecta al cielo.<\/p>\n<p><iframe loading=\"lazy\" title=\"FCEFN UNSJ ING JOHANA\" width=\"800\" height=\"450\" src=\"https:\/\/www.youtube.com\/embed\/-5wiA7KhgMI?feature=oembed\" frameborder=\"0\" allow=\"accelerometer; autoplay; clipboard-write; encrypted-media; gyroscope; picture-in-picture; web-share\" referrerpolicy=\"strict-origin-when-cross-origin\" allowfullscreen><\/iframe><\/p>\n<p>Luego, la Secretaria de Extensi\u00f3n Universitaria de la FCEFN de la UNSJ, Prof. Patricia Asunto, quien destac\u00f3 lo positivo de la reuni\u00f3n y la b\u00fasqueda de trabajar para conservar el cielo de San Juan tan apreciado por la poblaci\u00f3n.<\/p>\n<p><iframe loading=\"lazy\" title=\"FCEFN UNSJ PROF PATRICIA ASUNTO\" width=\"800\" height=\"450\" src=\"https:\/\/www.youtube.com\/embed\/pXs4MoYgch8?feature=oembed\" frameborder=\"0\" allow=\"accelerometer; autoplay; clipboard-write; encrypted-media; gyroscope; picture-in-picture; web-share\" referrerpolicy=\"strict-origin-when-cross-origin\" allowfullscreen><\/iframe><\/p>\n<p><img loading=\"lazy\" decoding=\"async\" class=\"alignnone size-full wp-image-75293\" src=\"https:\/\/vocesparalelas.com.ar\/sitio\/wp-content\/uploads\/2024\/08\/SAN-JUAN-NOCTURNA.jpg\" alt=\"\" width=\"800\" height=\"430\" srcset=\"https:\/\/vocesparalelas.com.ar\/sitio\/wp-content\/uploads\/2024\/08\/SAN-JUAN-NOCTURNA.jpg 800w, https:\/\/vocesparalelas.com.ar\/sitio\/wp-content\/uploads\/2024\/08\/SAN-JUAN-NOCTURNA-300x161.jpg 300w, https:\/\/vocesparalelas.com.ar\/sitio\/wp-content\/uploads\/2024\/08\/SAN-JUAN-NOCTURNA-768x413.jpg 768w\" sizes=\"auto, (max-width: 800px) 100vw, 800px\" \/><\/p>\n<p>&nbsp;<\/p>\n<figure id=\"attachment_26107\" aria-describedby=\"caption-attachment-26107\" style=\"width: 800px\" class=\"wp-caption alignnone\"><img loading=\"lazy\" decoding=\"async\" class=\"size-large wp-image-26107\" src=\"https:\/\/vocesparalelas.com.ar\/sitio\/wp-content\/uploads\/2020\/01\/FCEFN-UNSJ-EDIFICIO-800x489.jpg\" alt=\"\" width=\"800\" height=\"489\" srcset=\"https:\/\/vocesparalelas.com.ar\/sitio\/wp-content\/uploads\/2020\/01\/FCEFN-UNSJ-EDIFICIO.jpg 800w, https:\/\/vocesparalelas.com.ar\/sitio\/wp-content\/uploads\/2020\/01\/FCEFN-UNSJ-EDIFICIO-300x183.jpg 300w, https:\/\/vocesparalelas.com.ar\/sitio\/wp-content\/uploads\/2020\/01\/FCEFN-UNSJ-EDIFICIO-768x469.jpg 768w\" sizes=\"auto, (max-width: 800px) 100vw, 800px\" \/><figcaption id=\"caption-attachment-26107\" class=\"wp-caption-text\">Edificio de la FCEFN de la UNSJ<\/figcaption><\/figure>\n<p>&nbsp;<\/p>\n<p>&nbsp;<\/p>\n","protected":false},"excerpt":{"rendered":"<p>El Viernes, 26 de Julio, se llev\u00f3 a cabo una importante reuni\u00f3n donde el Director del CASLEO, Dr. Sergio Cellone,<\/p>\n","protected":false},"author":3,"featured_media":75441,"comment_status":"closed","ping_status":"closed","sticky":false,"template":"","format":"standard","meta":{"_acf_changed":false,"_seopress_robots_primary_cat":"none","_seopress_titles_title":"","_seopress_titles_desc":"","_seopress_robots_index":"","colormag_page_container_layout":"default_layout","colormag_page_sidebar_layout":"default_layout","footnotes":""},"categories":[15,7],"tags":[],"class_list":["post-75438","post","type-post","status-publish","format-standard","has-post-thumbnail","hentry","category-posgrados","category-videos"],"acf":[],"_links":{"self":[{"href":"https:\/\/vocesparalelas.com.ar\/sitio\/wp-json\/wp\/v2\/posts\/75438","targetHints":{"allow":["GET"]}}],"collection":[{"href":"https:\/\/vocesparalelas.com.ar\/sitio\/wp-json\/wp\/v2\/posts"}],"about":[{"href":"https:\/\/vocesparalelas.com.ar\/sitio\/wp-json\/wp\/v2\/types\/post"}],"author":[{"embeddable":true,"href":"https:\/\/vocesparalelas.com.ar\/sitio\/wp-json\/wp\/v2\/users\/3"}],"replies":[{"embeddable":true,"href":"https:\/\/vocesparalelas.com.ar\/sitio\/wp-json\/wp\/v2\/comments?post=75438"}],"version-history":[{"count":1,"href":"https:\/\/vocesparalelas.com.ar\/sitio\/wp-json\/wp\/v2\/posts\/75438\/revisions"}],"predecessor-version":[{"id":75442,"href":"https:\/\/vocesparalelas.com.ar\/sitio\/wp-json\/wp\/v2\/posts\/75438\/revisions\/75442"}],"wp:featuredmedia":[{"embeddable":true,"href":"https:\/\/vocesparalelas.com.ar\/sitio\/wp-json\/wp\/v2\/media\/75441"}],"wp:attachment":[{"href":"https:\/\/vocesparalelas.com.ar\/sitio\/wp-json\/wp\/v2\/media?parent=75438"}],"wp:term":[{"taxonomy":"category","embeddable":true,"href":"https:\/\/vocesparalelas.com.ar\/sitio\/wp-json\/wp\/v2\/categories?post=75438"},{"taxonomy":"post_tag","embeddable":true,"href":"https:\/\/vocesparalelas.com.ar\/sitio\/wp-json\/wp\/v2\/tags?post=75438"}],"curies":[{"name":"wp","href":"https:\/\/api.w.org\/{rel}","templated":true}]}}