{"id":75423,"date":"2024-08-05T20:44:23","date_gmt":"2024-08-05T23:44:23","guid":{"rendered":"https:\/\/vocesparalelas.com.ar\/sitio\/?p=75423"},"modified":"2024-08-05T20:44:23","modified_gmt":"2024-08-05T23:44:23","slug":"se-impuso-el-nombre-teresa-de-asencio-a-la-escuela-de-educacion-especial-de-angaco-en-san-juan","status":"publish","type":"post","link":"https:\/\/vocesparalelas.com.ar\/sitio\/se-impuso-el-nombre-teresa-de-asencio-a-la-escuela-de-educacion-especial-de-angaco-en-san-juan\/","title":{"rendered":"Se impuso el nombre \u00abTeresa de Asencio\u00bb a la escuela de Educaci\u00f3n Especial de Angaco en San Juan"},"content":{"rendered":"<p>El Lunes, 5 de Agosto, el gobernador de San Juan, Dr. Marcelo Orrego presidi\u00f3 el acto de imposici\u00f3n del nombre Teresa de Asencio a la escuela de Educaci\u00f3n Especial de Angaco, en el marco de la Semana de la Educaci\u00f3n Inclusiva.<\/p>\n<p>En este contexto, el gobernador Dr. Marcelo Orrego manifest\u00f3 que \u00abla educaci\u00f3n es una pol\u00edtica de Estado en San Juan y debe ser considerada una gran familia en la que participamos. Durante la imposici\u00f3n del nombre de una escuela en honor a una mujer l\u00edder y defensora de los derechos. La importancia de la educaci\u00f3n inclusiva y los derechos de la mujer. A pesar de los desaf\u00edos, se reafirma el compromiso con la educaci\u00f3n y el trabajo conjunto para superar adversidades, recordando la resiliencia de la comunidad\u201d.<\/p>\n<p>\u00abLos docentes juegan un papel esencial en la transformaci\u00f3n educativa. Recientemente se inaugur\u00f3 el programa \u201cComprender y Aprender\u201d para mejorar la alfabetizaci\u00f3n. Sin docentes no hay cambio posible.\u00a0Pido apoyo en estos tiempos dif\u00edciles para mejorar la calidad educativa y alcanzar los est\u00e1ndares que San Juan merece. La educaci\u00f3n es la herramienta m\u00e1s poderosa para la movilidad social y el cumplimiento de sue\u00f1os. Trabajando juntos, autoridades, docentes y alumnos, San Juan tiene la capacidad de lograr grandes avances y alcanzar un futuro prometedor\u201d.<\/p>\n<p>Por su lado, la ministra de Educaci\u00f3n del Gobierno de San Juan, Lic. Silvia Fuentes explic\u00f3 que \u00abel equipo directivo, docentes y la comunidad de la Escuela de Educaci\u00f3n Especial est\u00e1n generando un gran impacto con su trabajo diario. Ahora la escuela ha encontrado su identidad y un lugar adecuado para su labor. Agradecemos al gobernador por su respeto y compromiso con la educaci\u00f3n especial, y a todos quienes han hecho posible este acto. Sigamos iluminando mentes y corazones de nuestros alumnos\u201d.<\/p>\n<p>Mientras que la directora de la escuela, Prof. Mar\u00eda Cristina Dom\u00ednguez subray\u00f3 que \u00abel acto tan esperado marca el cumplimiento de un sue\u00f1o iniciado en diciembre de 2018 con la profesora Patricia Aguirre. Hoy, disfrutamos de un edificio amplio y c\u00f3modo que simboliza el compromiso del Estado con el derecho a la educaci\u00f3n de las personas con discapacidad y la inclusi\u00f3n plena en la comunidad. Nombrado en honor a Teresa de Asensio, refleja el orgullo por la historia y costumbres del pueblo\u201d.<\/p>\n<p>\u201cSomos una instituci\u00f3n esperanzada, con alumnos motivados, docentes comprometidos y familias preocupadas por el futuro de sus hijos. Juntos enfrentamos desaf\u00edos, superamos obst\u00e1culos y celebramos victorias, con el objetivo de lograr la inclusi\u00f3n y el enriquecimiento de la comunidad\u201d.<\/p>\n<p>De la actividad participaron la ministra de Educaci\u00f3n, Lic. Silvia Fuentes; ministra de Gobierno, Dra. Laura Palma; diputada Nacional por San Juan, Dra. Nancy Pic\u00f3n; intendente de Angaco, Jos\u00e9 Castro; directora de la escuela, Prof. Mar\u00eda Cristina Dom\u00ednguez y dem\u00e1s funcionarios departamentales y provinciales.<\/p>\n<p><strong><span style=\"color: #ff6600;\">Historia de la escuela<\/span><\/strong><\/p>\n<p>La escuela cuenta con una planta funcional de 30 docentes; 2 gabinetes, uno en Psic\u00f3loga y una Trabajadora Social; 4 porteros y una matr\u00edcula de 85 estudiantes.<\/p>\n<p>Surge como un anexo, en el a\u00f1o 1996, de la Escuela de Educaci\u00f3n Especial Crucero Ara General Belgrano del departamento San Mart\u00edn, con un solo grado y con una docente a cargo.<\/p>\n<p>Funcion\u00f3 en el consejo deliberante, luego, en la escuela de Educaci\u00f3n Primaria Cirilo Sarmiento, en un sal\u00f3n ya que eran 11 estudiantes.<\/p>\n<p>Se tramit\u00f3 la construcci\u00f3n de la Escuela de Educaci\u00f3n Especial, en un terreno donado por la Uni\u00f3n Vecinal de Angaco. Se construyo y luego, comenz\u00f3 a funcionar la escuela M\u00faltiple de Angaco en el 2005, y dejo de ser anexo de la Escuela Crucero Ara General Belgrano, Departamento San Martin. Funcionaron 17 a\u00f1os y el edificio necesit\u00f3 por el aumento de la matricula y del personal, se construy\u00f3 nuevo edificio.<\/p>\n<p><iframe loading=\"lazy\" title=\"Orrego presidi\u00f3 el acto de imposici\u00f3n del nombre Teresa de Asencio a la Escuela de E. E. de Angaco\" width=\"800\" height=\"450\" src=\"https:\/\/www.youtube.com\/embed\/vbI0XVDKMuk?feature=oembed\" frameborder=\"0\" allow=\"accelerometer; autoplay; clipboard-write; encrypted-media; gyroscope; picture-in-picture; web-share\" referrerpolicy=\"strict-origin-when-cross-origin\" allowfullscreen><\/iframe><\/p>\n<p><strong><span style=\"color: #ff6600;\">El nombre<\/span><\/strong><\/p>\n<p>Al honrar a Teresa de Asencio, se reafirma el compromiso con una educaci\u00f3n inclusiva y respetuosa de la diversidad, en coincidencia con la Semana de la Educaci\u00f3n Inclusiva.<\/p>\n<p>Este acto subraya que la inclusi\u00f3n es un derecho fundamental. La educaci\u00f3n inclusiva busca crear espacios que celebren la diversidad y permitan a cada estudiante desarrollar su potencial, desafiando a eliminar barreras y adaptar m\u00e9todos para un aprendizaje a medida.<\/p>\n<p>Se renueva el compromiso con la inclusi\u00f3n educativa, abogando por aulas que fomenten la aceptaci\u00f3n y el aprendizaje mutuo. Al rendir homenaje a Teresa de Asencio y celebrar la inclusi\u00f3n, se reitera el compromiso con una educaci\u00f3n que valora la diversidad y ofrece oportunidades equitativas, avanzando juntos hacia una educaci\u00f3n verdaderamente inclusiva.<\/p>\n<p>&nbsp;<\/p>\n<p>&nbsp;<\/p>\n","protected":false},"excerpt":{"rendered":"<p>El Lunes, 5 de Agosto, el gobernador de San Juan, Dr. Marcelo Orrego presidi\u00f3 el acto de imposici\u00f3n del nombre<\/p>\n","protected":false},"author":3,"featured_media":75426,"comment_status":"closed","ping_status":"closed","sticky":false,"template":"","format":"standard","meta":{"_acf_changed":false,"_seopress_robots_primary_cat":"none","_seopress_titles_title":"","_seopress_titles_desc":"","_seopress_robots_index":"","colormag_page_container_layout":"default_layout","colormag_page_sidebar_layout":"default_layout","footnotes":""},"categories":[1,7],"tags":[],"class_list":["post-75423","post","type-post","status-publish","format-standard","has-post-thumbnail","hentry","category-destacadas","category-videos"],"acf":[],"_links":{"self":[{"href":"https:\/\/vocesparalelas.com.ar\/sitio\/wp-json\/wp\/v2\/posts\/75423","targetHints":{"allow":["GET"]}}],"collection":[{"href":"https:\/\/vocesparalelas.com.ar\/sitio\/wp-json\/wp\/v2\/posts"}],"about":[{"href":"https:\/\/vocesparalelas.com.ar\/sitio\/wp-json\/wp\/v2\/types\/post"}],"author":[{"embeddable":true,"href":"https:\/\/vocesparalelas.com.ar\/sitio\/wp-json\/wp\/v2\/users\/3"}],"replies":[{"embeddable":true,"href":"https:\/\/vocesparalelas.com.ar\/sitio\/wp-json\/wp\/v2\/comments?post=75423"}],"version-history":[{"count":1,"href":"https:\/\/vocesparalelas.com.ar\/sitio\/wp-json\/wp\/v2\/posts\/75423\/revisions"}],"predecessor-version":[{"id":75427,"href":"https:\/\/vocesparalelas.com.ar\/sitio\/wp-json\/wp\/v2\/posts\/75423\/revisions\/75427"}],"wp:featuredmedia":[{"embeddable":true,"href":"https:\/\/vocesparalelas.com.ar\/sitio\/wp-json\/wp\/v2\/media\/75426"}],"wp:attachment":[{"href":"https:\/\/vocesparalelas.com.ar\/sitio\/wp-json\/wp\/v2\/media?parent=75423"}],"wp:term":[{"taxonomy":"category","embeddable":true,"href":"https:\/\/vocesparalelas.com.ar\/sitio\/wp-json\/wp\/v2\/categories?post=75423"},{"taxonomy":"post_tag","embeddable":true,"href":"https:\/\/vocesparalelas.com.ar\/sitio\/wp-json\/wp\/v2\/tags?post=75423"}],"curies":[{"name":"wp","href":"https:\/\/api.w.org\/{rel}","templated":true}]}}