{"id":75395,"date":"2024-08-03T18:27:27","date_gmt":"2024-08-03T21:27:27","guid":{"rendered":"https:\/\/vocesparalelas.com.ar\/sitio\/?p=75395"},"modified":"2024-08-05T22:35:46","modified_gmt":"2024-08-06T01:35:46","slug":"olor-a-oveja-y-olfato-del-rebano","status":"publish","type":"post","link":"https:\/\/vocesparalelas.com.ar\/sitio\/olor-a-oveja-y-olfato-del-rebano\/","title":{"rendered":"Olor a oveja y olfato del reba\u00f1o"},"content":{"rendered":"<p>Por el arzobispo de San Juan de Cuyo, monse\u00f1or Jorge Eduardo Lozano<\/p>\n<p><strong>\u00a0<\/strong>Caminar sin rumbo nos agobia. Cuando alguien se pierde en una monta\u00f1a o en un bosque necesita encontrar alg\u00fan punto de referencia, alguna senda que le pueda indicar para d\u00f3nde ir. Los sentimientos negativos brotan de modo imparable: angustia, desaliento, impotencia. A veces enojo con uno mismo por haber emprendido una aventura que parec\u00eda no tan riesgosa, o bronca por no haber recibido los consejos adecuados.<\/p>\n<p>Te comparto una historia que plasma esto que te estoy diciendo. Siete personas amigas fueron a acampar a orillas de un lago por una semana. No se trataba de un camping con servicios b\u00e1sicos; simplemente la hermosura creada; no hab\u00eda otros visitantes. Buscaban un lugar agreste y solitario. Sin energ\u00eda el\u00e9ctrica ni acceso a internet. Una aventura para disfrutar de la amistad, el silencio, la belleza del paisaje.<\/p>\n<p>Una fuerte tormenta imprevista les cambi\u00f3 los planes el tercer d\u00eda. Despu\u00e9s de m\u00e1s de 24 horas de lluvia tupida decidieron levantar campamento y regresar. Pero se encontraron con que el bosque que ten\u00edan que atravesar hab\u00eda cambiado de aspecto. Un par de \u00e1rboles ca\u00eddos, senderos borrados, y se perdieron. Sin bater\u00eda ni se\u00f1al en los celulares. Caminaron varias horas, sin lograr encontrar la salida. Cada tanto hac\u00edan sonar el silbato por si alguien escuchaba.<\/p>\n<p>En un momento uno de ellos, con buen o\u00eddo, alert\u00f3 haber escuchado un ladrido lejano, y otros lo fueron confirmando. Gritaron, chiflaron, y pronto un par de perros se les arrimaron, seguidos por don Zoilo en su caballo. El hombre, que sab\u00eda de la aventura, hab\u00eda salido a buscarlos. A media hora de camino llegaron a su casa en medio del bosque; un lugar humilde y una familia hospitalaria.<\/p>\n<p>Aunque era verano, los amigos estaban con mucho fr\u00edo y completamente mojados. Lo que se fue dando en las horas siguientes fue un b\u00e1lsamo de consuelo: fuego de hogar, pan casero calentito, sopa de verduras, recuperar fuerzas. Contaron a aquella familia lo que les hab\u00eda pasado. El due\u00f1o de casa extendi\u00f3 unas lonas y alfombras, y all\u00ed pudieron pasar la noche delante de la chimenea.<\/p>\n<p>Al d\u00eda siguiente, cargaron las mochilas en un par de mulas, y el pastor los acompa\u00f1\u00f3 hasta un poblado en el cual pod\u00edan regresar a casa en transporte p\u00fablico. Tuvieron que hacer casi cuatro horas de camino.<\/p>\n<p>Jes\u00fas es nuestro Buen Pastor. \u00c9l nos busca cuando no encontramos salida. Nos brinda cobijo y ternura. Restaura nuestras fuerzas. Los evangelios varias veces lo muestran con sentimientos de compasi\u00f3n ante \u201cel pueblo fatigado y abatido como ovejas que no tienen pastor\u201d, una imagen clara de la humanidad sin rumbo, sin br\u00fajula ni puntos de referencia. Humanidad que corre el riesgo de consumir sus fuerzas sin alcanzar la meta, corriendo tras espejismos que distraen. Nuestro ministerio surge de las entra\u00f1as compasivas de Jes\u00fas por su pueblo. (Mt 9, 12 &#8211; 10, 4)<\/p>\n<p>Jes\u00fas es el Buen Pastor. Y llama a algunos a colaborar con \u00c9l y confiarles esa misi\u00f3n pastoral: \u201ccomo el Padre me env\u00eda a m\u00ed, yo los env\u00edo a ustedes\u201d (Jn 20). Una misma misi\u00f3n que es \u201cpasi\u00f3n por Jes\u00fas y pasi\u00f3n por su pueblo\u201d. (Francisco)<\/p>\n<p>Hoy celebramos la memoria de San Juan Mar\u00eda Vianney, el patrono de los sacerdotes. Somos personas fr\u00e1giles, pero que entregamos la vida con alegr\u00eda para ser pastores seg\u00fan el coraz\u00f3n de Jes\u00fas. Necesitamos de tu oraci\u00f3n y compa\u00f1\u00eda.<\/p>\n<p>Es una hermosa vocaci\u00f3n que se vive en comuni\u00f3n. Hace falta estar unidos a otros sacerdotes como presbiterio, con los obispos y los di\u00e1conos, con todo el Pueblo de Dios. Recordaba una hermosa ense\u00f1anza del Papa Benedicto XVI en su Enc\u00edclica sobre la Esperanza: \u201cNuestras existencias est\u00e1n en profunda comuni\u00f3n entre s\u00ed, entrelazadas unas con otras a trav\u00e9s de m\u00faltiples interacciones. Nadie vive solo. Ninguno peca solo. Nadie se salva solo. (\u2026)\u00a0Nuestra esperanza es siempre y esencialmente tambi\u00e9n esperanza para los otros; s\u00f3lo as\u00ed es realmente esperanza tambi\u00e9n para m\u00ed\u201d. (Spe Salvi 48)<\/p>\n<p>Tanto am\u00f3 Dios al mundo que envi\u00f3 a su Hijo. (Jn 3, 16)<\/p>\n<p>Tambi\u00e9n hoy, tanto ama al mundo, que nos env\u00eda a nosotros, sus hijos.<\/p>\n<p><iframe loading=\"lazy\" title=\"SAN JUAN MONSE\u00d1OR JORGE LOZANO\" width=\"800\" height=\"450\" src=\"https:\/\/www.youtube.com\/embed\/82uT7TROEIc?feature=oembed\" frameborder=\"0\" allow=\"accelerometer; autoplay; clipboard-write; encrypted-media; gyroscope; picture-in-picture; web-share\" referrerpolicy=\"strict-origin-when-cross-origin\" allowfullscreen><\/iframe><\/p>\n<p>&nbsp;<\/p>\n<p><img loading=\"lazy\" decoding=\"async\" class=\"alignnone size-full wp-image-61416\" src=\"https:\/\/vocesparalelas.com.ar\/sitio\/wp-content\/uploads\/2023\/07\/ARZOBISPADO-EDIFICIO.jpg\" alt=\"\" width=\"800\" height=\"600\" srcset=\"https:\/\/vocesparalelas.com.ar\/sitio\/wp-content\/uploads\/2023\/07\/ARZOBISPADO-EDIFICIO.jpg 800w, https:\/\/vocesparalelas.com.ar\/sitio\/wp-content\/uploads\/2023\/07\/ARZOBISPADO-EDIFICIO-300x225.jpg 300w, https:\/\/vocesparalelas.com.ar\/sitio\/wp-content\/uploads\/2023\/07\/ARZOBISPADO-EDIFICIO-768x576.jpg 768w\" sizes=\"auto, (max-width: 800px) 100vw, 800px\" \/><\/p>\n","protected":false},"excerpt":{"rendered":"<p>Por el arzobispo de San Juan de Cuyo, monse\u00f1or Jorge Eduardo Lozano \u00a0Caminar sin rumbo nos agobia. Cuando alguien se<\/p>\n","protected":false},"author":3,"featured_media":20281,"comment_status":"closed","ping_status":"closed","sticky":false,"template":"","format":"standard","meta":{"_acf_changed":false,"_seopress_robots_primary_cat":"none","_seopress_titles_title":"","_seopress_titles_desc":"","_seopress_robots_index":"","colormag_page_container_layout":"default_layout","colormag_page_sidebar_layout":"default_layout","footnotes":""},"categories":[10,7],"tags":[],"class_list":["post-75395","post","type-post","status-publish","format-standard","has-post-thumbnail","hentry","category-opiniones","category-videos"],"acf":[],"_links":{"self":[{"href":"https:\/\/vocesparalelas.com.ar\/sitio\/wp-json\/wp\/v2\/posts\/75395","targetHints":{"allow":["GET"]}}],"collection":[{"href":"https:\/\/vocesparalelas.com.ar\/sitio\/wp-json\/wp\/v2\/posts"}],"about":[{"href":"https:\/\/vocesparalelas.com.ar\/sitio\/wp-json\/wp\/v2\/types\/post"}],"author":[{"embeddable":true,"href":"https:\/\/vocesparalelas.com.ar\/sitio\/wp-json\/wp\/v2\/users\/3"}],"replies":[{"embeddable":true,"href":"https:\/\/vocesparalelas.com.ar\/sitio\/wp-json\/wp\/v2\/comments?post=75395"}],"version-history":[{"count":1,"href":"https:\/\/vocesparalelas.com.ar\/sitio\/wp-json\/wp\/v2\/posts\/75395\/revisions"}],"predecessor-version":[{"id":75398,"href":"https:\/\/vocesparalelas.com.ar\/sitio\/wp-json\/wp\/v2\/posts\/75395\/revisions\/75398"}],"wp:featuredmedia":[{"embeddable":true,"href":"https:\/\/vocesparalelas.com.ar\/sitio\/wp-json\/wp\/v2\/media\/20281"}],"wp:attachment":[{"href":"https:\/\/vocesparalelas.com.ar\/sitio\/wp-json\/wp\/v2\/media?parent=75395"}],"wp:term":[{"taxonomy":"category","embeddable":true,"href":"https:\/\/vocesparalelas.com.ar\/sitio\/wp-json\/wp\/v2\/categories?post=75395"},{"taxonomy":"post_tag","embeddable":true,"href":"https:\/\/vocesparalelas.com.ar\/sitio\/wp-json\/wp\/v2\/tags?post=75395"}],"curies":[{"name":"wp","href":"https:\/\/api.w.org\/{rel}","templated":true}]}}