{"id":75369,"date":"2024-08-03T12:13:21","date_gmt":"2024-08-03T15:13:21","guid":{"rendered":"https:\/\/vocesparalelas.com.ar\/sitio\/?p=75369"},"modified":"2024-08-05T22:38:21","modified_gmt":"2024-08-06T01:38:21","slug":"inicia-la-obra-publica-tramo-2-de-la-ruta-40-san-juan-mendoza-por-san-juan","status":"publish","type":"post","link":"https:\/\/vocesparalelas.com.ar\/sitio\/inicia-la-obra-publica-tramo-2-de-la-ruta-40-san-juan-mendoza-por-san-juan\/","title":{"rendered":"Inicia la obra p\u00fablica \u00abTramo 2 de la Ruta 40 &#8211; San Juan- Mendoza\u00bb por San Juan"},"content":{"rendered":"<p>El gobernador de San Juan, Dr. Marcelo Orrego mantuvo reuniones con representantes del BID y trajo buenas noticias para la provincia relacionadas a obra p\u00fablica.<\/p>\n<p>Tras la reuni\u00f3n que mantuvo el gobernador Dr, Marcelo Orrego en Buenos Aires con el Ing. Jos\u00e9 Agust\u00edn Aguerre, representante del BID en Argentina y dem\u00e1s funcionarios del BID. Tambi\u00e9n participaron el ministro de Infraestructura, Agua y Energ\u00eda del Gobierno de San Juan, Arq. Fernando Perea, el ministro de Econom\u00eda, Finanzas y Hacienda, CPN Roberto Guti\u00e9rrez; se anunci\u00f3 que el inicio de la obra p\u00fablica del tramo 2 de la Ruta 40 &#8211; San Juan- Mendoza &#8211; a fines de Agosto de 2024.<\/p>\n<p>Adem\u00e1s detallaron que se est\u00e1 trabajando en destrabar tr\u00e1mites administrativos relacionados a la reanudaci\u00f3n de las obras del T\u00fanel de Zonda, un proyecto crucial para la regi\u00f3n.<\/p>\n<p>En este sentido, el gobernador Dr. Marcelo Orrego puntualiz\u00f3 que \u00abson dos excelentes noticias para San Juan. En ambos casos son obras que est\u00e1bamos esperando con muchas ansias y que van a traer\u00a0 beneficios, desde mano de obra hasta conectividad, turismo y progreso. Soy un convencido que el di\u00e1logo y el trabajo conjunto abren muchas puertas y eso es lo que estamos demostrando con noticias como estas\u201c.<\/p>\n<p>Cabe destacar que la obra de la Secci\u00f3n 2 de la Ruta 40 Sur, tambi\u00e9n llamada Autopista San Juan \u2013 Mendoza, abarca 26 kil\u00f3metros, en la localidad de Tres Esquinas y la intersecci\u00f3n con la Ruta Provincial 295 &#8211; acceso a Cochagual.<\/p>\n<p>&nbsp;<\/p>\n<p><img loading=\"lazy\" decoding=\"async\" class=\"alignnone size-full wp-image-36974\" src=\"https:\/\/vocesparalelas.com.ar\/sitio\/wp-content\/uploads\/2021\/04\/RUTA-40-TERREMOTO.jpg\" alt=\"\" width=\"800\" height=\"443\" srcset=\"https:\/\/vocesparalelas.com.ar\/sitio\/wp-content\/uploads\/2021\/04\/RUTA-40-TERREMOTO.jpg 800w, https:\/\/vocesparalelas.com.ar\/sitio\/wp-content\/uploads\/2021\/04\/RUTA-40-TERREMOTO-300x166.jpg 300w, https:\/\/vocesparalelas.com.ar\/sitio\/wp-content\/uploads\/2021\/04\/RUTA-40-TERREMOTO-768x425.jpg 768w\" sizes=\"auto, (max-width: 800px) 100vw, 800px\" \/><\/p>\n","protected":false},"excerpt":{"rendered":"<p>El gobernador de San Juan, Dr. Marcelo Orrego mantuvo reuniones con representantes del BID y trajo buenas noticias para la<\/p>\n","protected":false},"author":3,"featured_media":75372,"comment_status":"closed","ping_status":"closed","sticky":false,"template":"","format":"standard","meta":{"_acf_changed":false,"_seopress_robots_primary_cat":"none","_seopress_titles_title":"","_seopress_titles_desc":"","_seopress_robots_index":"","colormag_page_container_layout":"default_layout","colormag_page_sidebar_layout":"default_layout","footnotes":""},"categories":[2],"tags":[],"class_list":["post-75369","post","type-post","status-publish","format-standard","has-post-thumbnail","hentry","category-convocatorias"],"acf":[],"_links":{"self":[{"href":"https:\/\/vocesparalelas.com.ar\/sitio\/wp-json\/wp\/v2\/posts\/75369","targetHints":{"allow":["GET"]}}],"collection":[{"href":"https:\/\/vocesparalelas.com.ar\/sitio\/wp-json\/wp\/v2\/posts"}],"about":[{"href":"https:\/\/vocesparalelas.com.ar\/sitio\/wp-json\/wp\/v2\/types\/post"}],"author":[{"embeddable":true,"href":"https:\/\/vocesparalelas.com.ar\/sitio\/wp-json\/wp\/v2\/users\/3"}],"replies":[{"embeddable":true,"href":"https:\/\/vocesparalelas.com.ar\/sitio\/wp-json\/wp\/v2\/comments?post=75369"}],"version-history":[{"count":1,"href":"https:\/\/vocesparalelas.com.ar\/sitio\/wp-json\/wp\/v2\/posts\/75369\/revisions"}],"predecessor-version":[{"id":75373,"href":"https:\/\/vocesparalelas.com.ar\/sitio\/wp-json\/wp\/v2\/posts\/75369\/revisions\/75373"}],"wp:featuredmedia":[{"embeddable":true,"href":"https:\/\/vocesparalelas.com.ar\/sitio\/wp-json\/wp\/v2\/media\/75372"}],"wp:attachment":[{"href":"https:\/\/vocesparalelas.com.ar\/sitio\/wp-json\/wp\/v2\/media?parent=75369"}],"wp:term":[{"taxonomy":"category","embeddable":true,"href":"https:\/\/vocesparalelas.com.ar\/sitio\/wp-json\/wp\/v2\/categories?post=75369"},{"taxonomy":"post_tag","embeddable":true,"href":"https:\/\/vocesparalelas.com.ar\/sitio\/wp-json\/wp\/v2\/tags?post=75369"}],"curies":[{"name":"wp","href":"https:\/\/api.w.org\/{rel}","templated":true}]}}