{"id":75364,"date":"2024-08-02T23:26:21","date_gmt":"2024-08-03T02:26:21","guid":{"rendered":"https:\/\/vocesparalelas.com.ar\/sitio\/?p=75364"},"modified":"2024-08-02T23:26:21","modified_gmt":"2024-08-03T02:26:21","slug":"reunion-con-las-camaras-empresariales-por-la-adhesion-al-rigi-en-la-camara-de-diputados-de-san-juan","status":"publish","type":"post","link":"https:\/\/vocesparalelas.com.ar\/sitio\/reunion-con-las-camaras-empresariales-por-la-adhesion-al-rigi-en-la-camara-de-diputados-de-san-juan\/","title":{"rendered":"Reuni\u00f3n con las C\u00e1maras Empresariales por la adhesi\u00f3n al RIGI en la C\u00e1mara de Diputados de San Juan"},"content":{"rendered":"<p>Con el objetivo de dialogar y escuchar al sector empresarial sobre la implementaci\u00f3n del R\u00e9gimen de Incentivo a Grandes Inversiones (RIGI), se llev\u00f3 a cabo una reuni\u00f3n en el auditorio Emar Acosta. Estuvo presidida por el vicegobernador y presidente nato de la C\u00e1mara de Diputados, Dr. Fabi\u00e1n Mart\u00edn.<\/p>\n<p>Acompa\u00f1aron los secretarios Administrativo, Lic. Jorge Fern\u00e1ndez; y Legislativo, Dr. Gustavo Velert; y los diputados que integran las comisiones de Legislaci\u00f3n y Asuntos Constitucionales; Miner\u00eda y Energ\u00eda; Hacienda y Presupuesto; Obras y Servicios P\u00fablicos; Econom\u00eda y Defensa de Consumidores; Sistema Municipal; Derechos Humanos y Garant\u00edas.<\/p>\n<p>Particip\u00f3 el presidente de la C\u00e1mara Argentina de Empresas Mineras, Roberto Cacciola; presidente de la C\u00e1mara de la Construcci\u00f3n, Ram\u00f3n Mart\u00ednez; un representante de la C\u00e1mara Hotelera Gastron\u00f3mica de San Juan, Mariano Carmona; el presidente de la C\u00e1mara de Comercio Exterior, Antonio Gimenez; el presidente de la C\u00e1mara de Servicios Mineros de San Juan CASEMI, Juan Pablo Delgado; el presidente de la Uni\u00f3n Industrial, Ricardo Palacios; un representante de la Federaci\u00f3n Econ\u00f3mica, Diego Hagmann; el presidente de la C\u00e1mara Minera de San Juan, Ricardo Mart\u00ednez.<\/p>\n<p><iframe loading=\"lazy\" title=\"Primera reuni\u00f3n de Diputados con sectores de la Provincia relacionados al RIGI. - 2 de agosto 2024\" width=\"800\" height=\"450\" src=\"https:\/\/www.youtube.com\/embed\/gXUx4987HOA?feature=oembed\" frameborder=\"0\" allow=\"accelerometer; autoplay; clipboard-write; encrypted-media; gyroscope; picture-in-picture; web-share\" referrerpolicy=\"strict-origin-when-cross-origin\" allowfullscreen><\/iframe><\/p>\n<p>En la ocasi\u00f3n, el titular del Poder Legislativo brind\u00f3 la bienvenida a los presentes y sostuvo que \u201chemos hecho esta reuni\u00f3n en virtud de algunos petitorios que hab\u00edan hecho las instituciones que aqu\u00ed que hemos invitamos y que agradecemos que est\u00e9n en la Casa de Todos los sanjuaninos, para precisamente hablar sobre dos proyectos presentados y que est\u00e1n en tratamiento en siete comisiones sobre la aprobaci\u00f3n del RIGI. Esto se viene debatiendo desde hace una semana aproximadamente. A nosotros nos pareci\u00f3 muy importante poder escucharlos a ustedes para poder entender un poco mejor esta normativa\u201d.<\/p>\n<p>Durante el encuentro los empresarios manifestaron la importancia de adherir al T\u00edtulo VII de la Ley Nacional 27742 sobre el R\u00e9gimen de Incentivo para Grandes Inversores, regulado por los art\u00edculos 164 a 228 de la normativa antes mencionada. En la ocasi\u00f3n se\u00f1alaron los beneficios y objetivos que implicar\u00edan para el sector, entre ellos destacaron el desarrollo y fortalecimiento de la competitividad de los diversos sectores econ\u00f3micos; generar condiciones de previsibilidad y estabilidad para las grandes inversiones; favorecer la generaci\u00f3n de empleo; promover el desarrollo econ\u00f3mico a trav\u00e9s de la iniciativa privada, la eficiencia y transparencia en la gesti\u00f3n gubernamental.<\/p>\n<figure id=\"attachment_37951\" aria-describedby=\"caption-attachment-37951\" style=\"width: 800px\" class=\"wp-caption alignnone\"><img loading=\"lazy\" decoding=\"async\" class=\"size-full wp-image-37951\" src=\"https:\/\/vocesparalelas.com.ar\/sitio\/wp-content\/uploads\/2021\/05\/CAMARA-EDIFICIO.jpg\" alt=\"\" width=\"800\" height=\"515\" srcset=\"https:\/\/vocesparalelas.com.ar\/sitio\/wp-content\/uploads\/2021\/05\/CAMARA-EDIFICIO.jpg 800w, https:\/\/vocesparalelas.com.ar\/sitio\/wp-content\/uploads\/2021\/05\/CAMARA-EDIFICIO-300x193.jpg 300w, https:\/\/vocesparalelas.com.ar\/sitio\/wp-content\/uploads\/2021\/05\/CAMARA-EDIFICIO-768x494.jpg 768w\" sizes=\"auto, (max-width: 800px) 100vw, 800px\" \/><figcaption id=\"caption-attachment-37951\" class=\"wp-caption-text\">Legislatura Provincial de San Juan, Rep\u00fablica Argentina<\/figcaption><\/figure>\n<p>&nbsp;<\/p>\n","protected":false},"excerpt":{"rendered":"<p>Con el objetivo de dialogar y escuchar al sector empresarial sobre la implementaci\u00f3n del R\u00e9gimen de Incentivo a Grandes Inversiones<\/p>\n","protected":false},"author":3,"featured_media":75367,"comment_status":"closed","ping_status":"closed","sticky":false,"template":"","format":"standard","meta":{"_acf_changed":false,"_seopress_robots_primary_cat":"none","_seopress_titles_title":"","_seopress_titles_desc":"","_seopress_robots_index":"","colormag_page_container_layout":"default_layout","colormag_page_sidebar_layout":"default_layout","footnotes":""},"categories":[1,7],"tags":[],"class_list":["post-75364","post","type-post","status-publish","format-standard","has-post-thumbnail","hentry","category-destacadas","category-videos"],"acf":[],"_links":{"self":[{"href":"https:\/\/vocesparalelas.com.ar\/sitio\/wp-json\/wp\/v2\/posts\/75364","targetHints":{"allow":["GET"]}}],"collection":[{"href":"https:\/\/vocesparalelas.com.ar\/sitio\/wp-json\/wp\/v2\/posts"}],"about":[{"href":"https:\/\/vocesparalelas.com.ar\/sitio\/wp-json\/wp\/v2\/types\/post"}],"author":[{"embeddable":true,"href":"https:\/\/vocesparalelas.com.ar\/sitio\/wp-json\/wp\/v2\/users\/3"}],"replies":[{"embeddable":true,"href":"https:\/\/vocesparalelas.com.ar\/sitio\/wp-json\/wp\/v2\/comments?post=75364"}],"version-history":[{"count":1,"href":"https:\/\/vocesparalelas.com.ar\/sitio\/wp-json\/wp\/v2\/posts\/75364\/revisions"}],"predecessor-version":[{"id":75368,"href":"https:\/\/vocesparalelas.com.ar\/sitio\/wp-json\/wp\/v2\/posts\/75364\/revisions\/75368"}],"wp:featuredmedia":[{"embeddable":true,"href":"https:\/\/vocesparalelas.com.ar\/sitio\/wp-json\/wp\/v2\/media\/75367"}],"wp:attachment":[{"href":"https:\/\/vocesparalelas.com.ar\/sitio\/wp-json\/wp\/v2\/media?parent=75364"}],"wp:term":[{"taxonomy":"category","embeddable":true,"href":"https:\/\/vocesparalelas.com.ar\/sitio\/wp-json\/wp\/v2\/categories?post=75364"},{"taxonomy":"post_tag","embeddable":true,"href":"https:\/\/vocesparalelas.com.ar\/sitio\/wp-json\/wp\/v2\/tags?post=75364"}],"curies":[{"name":"wp","href":"https:\/\/api.w.org\/{rel}","templated":true}]}}