{"id":75355,"date":"2024-08-01T22:00:52","date_gmt":"2024-08-02T01:00:52","guid":{"rendered":"https:\/\/vocesparalelas.com.ar\/sitio\/?p=75355"},"modified":"2024-08-03T18:28:37","modified_gmt":"2024-08-03T21:28:37","slug":"feria-agroproductiva-de-san-juan-13","status":"publish","type":"post","link":"https:\/\/vocesparalelas.com.ar\/sitio\/feria-agroproductiva-de-san-juan-13\/","title":{"rendered":"Feria Agroproductiva  de San Juan"},"content":{"rendered":"<p>El\u00a0 S\u00e1bado, 93 de Agosto, de 9.30 a 14 hs.; en el Paseo de las Palmeras del Parque de Mayo se desarrolla la Feria Agroproductiva.<\/p>\n<p>Como cada edici\u00f3n, se ofrecer\u00e1n productos locales como hortalizas, huevos, aceites, vinos, dulces, plantas, panificaci\u00f3n, miel, productos gourmet y conservas.<\/p>\n<p>En esta oportunidad, se pone el acento en la importancia de la lactancia materna, bajo el lema \u00abProtejamos y apoyemos la lactancia entre todos\u00bb.<\/p>\n<p>La organizaci\u00f3n, el conjunto con el Ministerio de Salud, han previsto un espacio confortable para amamantar y recibir informaci\u00f3n en la semana mundial de la lactancia.<\/p>\n<p><span style=\"color: #ff6600;\"><strong>Las propuestas<\/strong><\/span><\/p>\n<ul>\n<li>Brindar informaci\u00f3n sobre la lactancia desde el embarazo en los controles prenatales<\/li>\n<li>Recomendar que los bebes inicien la lactancia dentro de la primera hora de vida<\/li>\n<li>Promover la libre demanda, recordando que no existen horarios para amamantar<\/li>\n<li>Recomendar la lactancia materna hasta los 2 a\u00f1os<\/li>\n<li>Recordar que la leche materna es segura, higi\u00e9nica y es el alimento m\u00e1s recomendable para \u00e9l bebe y que dar el pecho al beb\u00e9 ayuda a que la mama pueda prevenir enfermedades como c\u00e1ncer, diabetes y obesidad.<\/li>\n<\/ul>\n<p>Adem\u00e1s, el Ministerio de Salud del Gobierno de San Juan se suma a esta edici\u00f3n con: Programa Mis Primeros Mil Dias y Ludoteca. Tambi\u00e9n, en horario de 10 a 13, colocan vacunas de calendario, antigripal para personas de riesgo y COVID.<\/p>\n<p><img loading=\"lazy\" decoding=\"async\" class=\"alignnone size-full wp-image-71555\" src=\"https:\/\/vocesparalelas.com.ar\/sitio\/wp-content\/uploads\/2024\/04\/FERIA-AGROPRODUCTIVA-02.jpg\" alt=\"\" width=\"800\" height=\"533\" srcset=\"https:\/\/vocesparalelas.com.ar\/sitio\/wp-content\/uploads\/2024\/04\/FERIA-AGROPRODUCTIVA-02.jpg 800w, https:\/\/vocesparalelas.com.ar\/sitio\/wp-content\/uploads\/2024\/04\/FERIA-AGROPRODUCTIVA-02-300x200.jpg 300w, https:\/\/vocesparalelas.com.ar\/sitio\/wp-content\/uploads\/2024\/04\/FERIA-AGROPRODUCTIVA-02-768x512.jpg 768w\" sizes=\"auto, (max-width: 800px) 100vw, 800px\" \/><\/p>\n<p><iframe loading=\"lazy\" title=\"FERIA AGROPRODUCTIVA SAN JUAN\" width=\"800\" height=\"450\" src=\"https:\/\/www.youtube.com\/embed\/s3Ywi3Ao_z4?feature=oembed\" frameborder=\"0\" allow=\"accelerometer; autoplay; clipboard-write; encrypted-media; gyroscope; picture-in-picture; web-share\" referrerpolicy=\"strict-origin-when-cross-origin\" allowfullscreen><\/iframe><\/p>\n<p>&nbsp;<\/p>\n<p>&nbsp;<\/p>\n<p>&nbsp;<\/p>\n","protected":false},"excerpt":{"rendered":"<p>El\u00a0 S\u00e1bado, 93 de Agosto, de 9.30 a 14 hs.; en el Paseo de las Palmeras del Parque de Mayo<\/p>\n","protected":false},"author":3,"featured_media":71556,"comment_status":"closed","ping_status":"closed","sticky":false,"template":"","format":"standard","meta":{"_acf_changed":false,"_seopress_robots_primary_cat":"none","_seopress_titles_title":"","_seopress_titles_desc":"","_seopress_robots_index":"","colormag_page_container_layout":"default_layout","colormag_page_sidebar_layout":"default_layout","footnotes":""},"categories":[1,7],"tags":[],"class_list":["post-75355","post","type-post","status-publish","format-standard","has-post-thumbnail","hentry","category-destacadas","category-videos"],"acf":[],"_links":{"self":[{"href":"https:\/\/vocesparalelas.com.ar\/sitio\/wp-json\/wp\/v2\/posts\/75355","targetHints":{"allow":["GET"]}}],"collection":[{"href":"https:\/\/vocesparalelas.com.ar\/sitio\/wp-json\/wp\/v2\/posts"}],"about":[{"href":"https:\/\/vocesparalelas.com.ar\/sitio\/wp-json\/wp\/v2\/types\/post"}],"author":[{"embeddable":true,"href":"https:\/\/vocesparalelas.com.ar\/sitio\/wp-json\/wp\/v2\/users\/3"}],"replies":[{"embeddable":true,"href":"https:\/\/vocesparalelas.com.ar\/sitio\/wp-json\/wp\/v2\/comments?post=75355"}],"version-history":[{"count":1,"href":"https:\/\/vocesparalelas.com.ar\/sitio\/wp-json\/wp\/v2\/posts\/75355\/revisions"}],"predecessor-version":[{"id":75358,"href":"https:\/\/vocesparalelas.com.ar\/sitio\/wp-json\/wp\/v2\/posts\/75355\/revisions\/75358"}],"wp:featuredmedia":[{"embeddable":true,"href":"https:\/\/vocesparalelas.com.ar\/sitio\/wp-json\/wp\/v2\/media\/71556"}],"wp:attachment":[{"href":"https:\/\/vocesparalelas.com.ar\/sitio\/wp-json\/wp\/v2\/media?parent=75355"}],"wp:term":[{"taxonomy":"category","embeddable":true,"href":"https:\/\/vocesparalelas.com.ar\/sitio\/wp-json\/wp\/v2\/categories?post=75355"},{"taxonomy":"post_tag","embeddable":true,"href":"https:\/\/vocesparalelas.com.ar\/sitio\/wp-json\/wp\/v2\/tags?post=75355"}],"curies":[{"name":"wp","href":"https:\/\/api.w.org\/{rel}","templated":true}]}}