{"id":75347,"date":"2024-08-02T21:00:51","date_gmt":"2024-08-03T00:00:51","guid":{"rendered":"https:\/\/vocesparalelas.com.ar\/sitio\/?p=75347"},"modified":"2024-08-03T18:56:56","modified_gmt":"2024-08-03T21:56:56","slug":"aprobo-el-sistema-que-facilita-la-movilidad-academica-de-posgrado-el-cs-de-la-unsj","status":"publish","type":"post","link":"https:\/\/vocesparalelas.com.ar\/sitio\/aprobo-el-sistema-que-facilita-la-movilidad-academica-de-posgrado-el-cs-de-la-unsj\/","title":{"rendered":"Aprob\u00f3 el sistema que facilita la movilidad acad\u00e9mica de Posgrado el CS de la UNSJ"},"content":{"rendered":"<p>En la sesi\u00f3n del Jueves, 1 de Agosto de 2024, el Consejo Superior de la Universidad Nacional de San Juan aprob\u00f3 la modificaci\u00f3n de la Ordenanza N\u00b0 01\/22-CS, de Reglamento Acad\u00e9mico para las Actividades de Posgrado de la UNSJ.<\/p>\n<p>Con ello, la Universidad formaliza su ingreso en los nuevos est\u00e1ndares de acreditaci\u00f3n para las carreras de posgrado\u00a0y aplicaci\u00f3n en el\u00a0Sistema Argentino de Cr\u00e9ditos Acad\u00e9micos Universitarios &#8211; SACAU.<\/p>\n<p><a href=\"https:\/\/www.cin.edu.ar\/creacion-del-sistema-argentino-de-creditos-academicos-universitarios\/\">https:\/\/www.cin.edu.ar\/creacion-del-sistema-argentino-de-creditos-academicos-universitarios\/<\/a><\/p>\n<p>Por otra parte, el cuerpo tambi\u00e9n dio luz verde a la implementaci\u00f3n de becas para la investigaci\u00f3n y al listado de estudiantes ingresantes que se beneficiaron con Becas de Apoyo al Desempe\u00f1o Acad\u00e9mico.<\/p>\n<p>La reglamentaci\u00f3n de posgrado se ten\u00eda que adecuar a reglamentaciones ministeriales de Diciembre de 2023 que establecen nuevos est\u00e1ndares de acreditaci\u00f3n y un nuevo sistema de cr\u00e9ditos acad\u00e9micos para las carreras.<\/p>\n<p>\u201cEsto deber\u00e1 tambi\u00e9n ser estudiado en las carreras de grado, nosotros en posgrado, modificamos la ordenanza y comenzamos el proceso de implementaci\u00f3n\u201d, subray\u00f3 la secretaria de Posgrado y Relaciones Internacionales de la UNSJ, Arq. Alicia Malmod, despu\u00e9s, de ser aprobada la modificaci\u00f3n.<\/p>\n<p>El SACAU establece una unidad de medida, el CRE, que es cr\u00e9dito de referencia. \u201cEse cr\u00e9dito vale 25 horas. Nuestras carreras deben ser adecuadas a esa nueva unidad de medida, pero la importancia no es la cantidad sino el hecho de que ese cr\u00e9dito nos va a facilitar una mayor flexibilidad para movernos de una carrera a otra. Permite tomar cursos de una carrera de doctorado, de maestr\u00eda o de especializaci\u00f3n y volver a nuestra carrera y acreditarlos\u201d.<\/p>\n<p>\u00abHasta ahora, una persona pod\u00eda elegir cursar en otra universidad y luego, al volver a la UNSJ, una comisi\u00f3n evaluaba y pod\u00eda reconoc\u00e9rsele esos cursos. En Latinoam\u00e9rica, Europa y Estados Unidos encontramos que se habla de cu\u00e1ntos cr\u00e9ditos se reconocen\u00a0para cada curso o para cada carrera. Ac\u00e1, la idea, el objetivo, es\u00a0empezar a tener una mayor flexibilidad en el espacio regional latinoamericano. As\u00ed, alguien puede llevar cierta cantidad de cr\u00e9ditos realizados desde un doctorado en la UNSJ a la Universidad de M\u00e9xico, donde se reconocer\u00e1n esos cr\u00e9ditos. Por eso es que hay pautas a cumplir, no para perjudicar a nadie sino para facilitar la movilidad tanto nacional como internacional y entre carreras\u201d &#8211; destac\u00f3 la Arq. Malmod.<\/p>\n<p><span style=\"color: #0000ff;\"><strong>\u00danica Universidad en la Rep\u00fablica Argentina<\/strong><\/span><\/p>\n<p>Posteriormente, el secretario de Ciencia y T\u00e9cnica de la UNSJ, Dr. Eric Laciar destac\u00f3 que \u00aben la cofinanciaci\u00f3n UNSJ INTA de 2024 de la UNSJ hay perfiles definidos para que estudiantes avanzados y avanzadas puedan participar. La Universidad Nacional de San Juan es la \u00fanica casa de estudios con este tipo de acuerdos con INTA. Para ello hemos firmado un convenio espec\u00edfico con el INTA y la Fundaci\u00f3n ArgenINTA. As\u00ed tenemos la alegr\u00eda de ser la \u00fanica universidad en el pa\u00eds con este tipo de becas\u201d,<\/p>\n<p>Luego, el investigador de INTA Juan Jes\u00fas Hern\u00e1ndez subray\u00f3 que \u00abhace dos a\u00f1os, en la primera convocatoria hubo seis estudiantes que se incorporaron a equipos de investigaci\u00f3n del INTA en tem\u00e1ticas sobre la gesti\u00f3n de la crisis h\u00eddrica en San Juan, desde diferentes disciplinas. Adquirieron experiencia pr\u00e1ctica, ayudando a resolver problemas en territorio, y ahora tenemos la alegr\u00eda de tener una nueva convocatoria\u201d.<\/p>\n<p>En la sesi\u00f3n del CS se aprobaron las 70 becas de investigaci\u00f3n y creaci\u00f3n del CICITCA\u00a0para estudiantes avanzados\/as convocatoria 2024, y 15 becas de iniciaci\u00f3n para personas ya egresadas.<\/p>\n<p><span style=\"color: #0000ff;\"><strong>Becas Cofinanciadas UNSJ CONICET<\/strong><\/span><\/p>\n<p>El Consejo Superior tambi\u00e9n aprob\u00f3 un\u00e1nimemente la Convocatoria 2024 de\u00a010 Becas Doctorales Internas\u00a0Cofinanciadas con CONICET en Temas Abiertos, que se encuentra\u00a0abierta hasta el 16 de agosto de 2024. La inscripci\u00f3n se realiza a trav\u00e9s de la plataforma SIGEVA CONICET.<\/p>\n<p><span style=\"color: #0000ff;\"><strong>M\u00e1s informaci\u00f3n y enlaces sobre becas<\/strong><\/span><\/p>\n<p>Ambas convocatorias (Becas Internas de Investigaci\u00f3n y Creaci\u00f3n y Becas de Investigaci\u00f3n para Estudiantes Avanzados\/as cofinanciadas con INTA y Fundaci\u00f3n ArgenINTA)\u00a0estar\u00e1n abiertas para personas interesadas\u00a0desde el 12 de agosto de 2024\u00a0al\u00a013 de septiembre de 2024, inclusive.<\/p>\n<p><span style=\"color: #0000ff;\"><strong>Becas para ingresantes<\/strong><\/span><\/p>\n<p>Tambi\u00e9n se aprob\u00f3 el listado de unos\u00a0300 estudiantes ingresantes\u00a0que obtuvieron Becas de Desempe\u00f1o Acad\u00e9mico, lo cual se aprob\u00f3 por unanimidad. Estas becas\u00a0buscan promover el ingreso, la continuidad y la graduaci\u00f3n de estudiantes\u00a0en disciplinas centrales para el desarrollo econ\u00f3mico y social. Adem\u00e1s, Andrea Rojas, representante del Estamento estudiantil en el Consejo Superior, pidi\u00f3 el compromiso institucional de actualizar los montos de las becas.<\/p>\n<p><img loading=\"lazy\" decoding=\"async\" class=\"alignnone size-full wp-image-54035\" src=\"https:\/\/vocesparalelas.com.ar\/sitio\/wp-content\/uploads\/2022\/11\/UNSJ-LOGO-10.jpg\" alt=\"\" width=\"800\" height=\"533\" srcset=\"https:\/\/vocesparalelas.com.ar\/sitio\/wp-content\/uploads\/2022\/11\/UNSJ-LOGO-10.jpg 800w, https:\/\/vocesparalelas.com.ar\/sitio\/wp-content\/uploads\/2022\/11\/UNSJ-LOGO-10-300x200.jpg 300w, https:\/\/vocesparalelas.com.ar\/sitio\/wp-content\/uploads\/2022\/11\/UNSJ-LOGO-10-768x512.jpg 768w\" sizes=\"auto, (max-width: 800px) 100vw, 800px\" \/><\/p>\n","protected":false},"excerpt":{"rendered":"<p>En la sesi\u00f3n del Jueves, 1 de Agosto de 2024, el Consejo Superior de la Universidad Nacional de San Juan<\/p>\n","protected":false},"author":3,"featured_media":75350,"comment_status":"closed","ping_status":"closed","sticky":false,"template":"","format":"standard","meta":{"_acf_changed":false,"_seopress_robots_primary_cat":"none","_seopress_titles_title":"","_seopress_titles_desc":"","_seopress_robots_index":"","colormag_page_container_layout":"default_layout","colormag_page_sidebar_layout":"default_layout","footnotes":""},"categories":[15],"tags":[],"class_list":["post-75347","post","type-post","status-publish","format-standard","has-post-thumbnail","hentry","category-posgrados"],"acf":[],"_links":{"self":[{"href":"https:\/\/vocesparalelas.com.ar\/sitio\/wp-json\/wp\/v2\/posts\/75347","targetHints":{"allow":["GET"]}}],"collection":[{"href":"https:\/\/vocesparalelas.com.ar\/sitio\/wp-json\/wp\/v2\/posts"}],"about":[{"href":"https:\/\/vocesparalelas.com.ar\/sitio\/wp-json\/wp\/v2\/types\/post"}],"author":[{"embeddable":true,"href":"https:\/\/vocesparalelas.com.ar\/sitio\/wp-json\/wp\/v2\/users\/3"}],"replies":[{"embeddable":true,"href":"https:\/\/vocesparalelas.com.ar\/sitio\/wp-json\/wp\/v2\/comments?post=75347"}],"version-history":[{"count":1,"href":"https:\/\/vocesparalelas.com.ar\/sitio\/wp-json\/wp\/v2\/posts\/75347\/revisions"}],"predecessor-version":[{"id":75351,"href":"https:\/\/vocesparalelas.com.ar\/sitio\/wp-json\/wp\/v2\/posts\/75347\/revisions\/75351"}],"wp:featuredmedia":[{"embeddable":true,"href":"https:\/\/vocesparalelas.com.ar\/sitio\/wp-json\/wp\/v2\/media\/75350"}],"wp:attachment":[{"href":"https:\/\/vocesparalelas.com.ar\/sitio\/wp-json\/wp\/v2\/media?parent=75347"}],"wp:term":[{"taxonomy":"category","embeddable":true,"href":"https:\/\/vocesparalelas.com.ar\/sitio\/wp-json\/wp\/v2\/categories?post=75347"},{"taxonomy":"post_tag","embeddable":true,"href":"https:\/\/vocesparalelas.com.ar\/sitio\/wp-json\/wp\/v2\/tags?post=75347"}],"curies":[{"name":"wp","href":"https:\/\/api.w.org\/{rel}","templated":true}]}}