{"id":75326,"date":"2024-08-01T18:55:38","date_gmt":"2024-08-01T21:55:38","guid":{"rendered":"https:\/\/vocesparalelas.com.ar\/sitio\/?p=75326"},"modified":"2024-08-02T13:11:44","modified_gmt":"2024-08-02T16:11:44","slug":"se-rematan-22-movilidades-del-gobierno-de-san-juan","status":"publish","type":"post","link":"https:\/\/vocesparalelas.com.ar\/sitio\/se-rematan-22-movilidades-del-gobierno-de-san-juan\/","title":{"rendered":"Se rematan 22 movilidades del Gobierno de San Juan"},"content":{"rendered":"<p>El Vienes, 9 de Agosto, a las 16.30 hs,\u00a0la Caja de Acci\u00f3n Social &#8211; CAS &#8211; realiza el remate de 11 (once) movilidades provenientes del Servicio Penitenciarios de la Provincia de San Juan y 11 (once) pertenecientes al Ministerio de Producci\u00f3n, Trabajo e Innovaci\u00f3n, en instalaciones de la Gerencia de Pr\u00e9stamos, Mendoza 451 &#8211; S &#8211; Capital.<\/p>\n<p>Las movilidades del Servicio Penitenciario est\u00e1n en exhibici\u00f3n el 5; 6; 7 y 8 de Agosto, de 14 a 18 hs., en el predio Mart\u00edn Fierro N\u00b0 300 &#8211; N &#8211; esquina El Arriero &#8211; Villa Obrera, Departamento Chimbas.<\/p>\n<p>Mientras que las provenientes del Ministerio de Producci\u00f3n, Trabajo e Innovaci\u00f3n, se exhiben el 5; 6; 7 y 8 de Agosto, de 14 a 18 hs.; en el predio Corrientes 1090 &#8211; E &#8211; Ex Urbino, Departamento Capital.<\/p>\n<p><strong><span style=\"color: #ff6600;\">Modalidad de pago<\/span><\/strong><\/p>\n<ul>\n<li>Se\u00f1a del 10% m\u00e1s 10% comisi\u00f3n Martilleros.<\/li>\n<li>Contado a trav\u00e9s de Transferencia Bancaria inmediata. Plazo de cancelaci\u00f3n: hasta 5 (cinco) d\u00edas h\u00e1biles posteriores a la fecha del remate.<\/li>\n<\/ul>\n<p>&nbsp;<\/p>\n","protected":false},"excerpt":{"rendered":"<p>El Vienes, 9 de Agosto, a las 16.30 hs,\u00a0la Caja de Acci\u00f3n Social &#8211; CAS &#8211; realiza el remate de<\/p>\n","protected":false},"author":3,"featured_media":65642,"comment_status":"closed","ping_status":"closed","sticky":false,"template":"","format":"standard","meta":{"_acf_changed":false,"_seopress_robots_primary_cat":"none","_seopress_titles_title":"","_seopress_titles_desc":"","_seopress_robots_index":"","colormag_page_container_layout":"default_layout","colormag_page_sidebar_layout":"default_layout","footnotes":""},"categories":[6],"tags":[],"class_list":["post-75326","post","type-post","status-publish","format-standard","has-post-thumbnail","hentry","category-eventos"],"acf":[],"_links":{"self":[{"href":"https:\/\/vocesparalelas.com.ar\/sitio\/wp-json\/wp\/v2\/posts\/75326","targetHints":{"allow":["GET"]}}],"collection":[{"href":"https:\/\/vocesparalelas.com.ar\/sitio\/wp-json\/wp\/v2\/posts"}],"about":[{"href":"https:\/\/vocesparalelas.com.ar\/sitio\/wp-json\/wp\/v2\/types\/post"}],"author":[{"embeddable":true,"href":"https:\/\/vocesparalelas.com.ar\/sitio\/wp-json\/wp\/v2\/users\/3"}],"replies":[{"embeddable":true,"href":"https:\/\/vocesparalelas.com.ar\/sitio\/wp-json\/wp\/v2\/comments?post=75326"}],"version-history":[{"count":1,"href":"https:\/\/vocesparalelas.com.ar\/sitio\/wp-json\/wp\/v2\/posts\/75326\/revisions"}],"predecessor-version":[{"id":75329,"href":"https:\/\/vocesparalelas.com.ar\/sitio\/wp-json\/wp\/v2\/posts\/75326\/revisions\/75329"}],"wp:featuredmedia":[{"embeddable":true,"href":"https:\/\/vocesparalelas.com.ar\/sitio\/wp-json\/wp\/v2\/media\/65642"}],"wp:attachment":[{"href":"https:\/\/vocesparalelas.com.ar\/sitio\/wp-json\/wp\/v2\/media?parent=75326"}],"wp:term":[{"taxonomy":"category","embeddable":true,"href":"https:\/\/vocesparalelas.com.ar\/sitio\/wp-json\/wp\/v2\/categories?post=75326"},{"taxonomy":"post_tag","embeddable":true,"href":"https:\/\/vocesparalelas.com.ar\/sitio\/wp-json\/wp\/v2\/tags?post=75326"}],"curies":[{"name":"wp","href":"https:\/\/api.w.org\/{rel}","templated":true}]}}