{"id":75321,"date":"2024-08-01T19:46:54","date_gmt":"2024-08-01T22:46:54","guid":{"rendered":"https:\/\/vocesparalelas.com.ar\/sitio\/?p=75321"},"modified":"2024-08-02T13:11:15","modified_gmt":"2024-08-02T16:11:15","slug":"argentina-y-sus-nombres","status":"publish","type":"post","link":"https:\/\/vocesparalelas.com.ar\/sitio\/argentina-y-sus-nombres\/","title":{"rendered":"\u201cArgentina y sus nombres\u201d"},"content":{"rendered":"<p>La Rep\u00fablica Argentina es un estado Federal constituido por 23 Provincias y una Ciudad Aut\u00f3noma.<\/p>\n<p>Por el\u00a0Lic. Prof. Fernando A. Ocampo Bravo<\/p>\n<p><span style=\"color: #0000ff;\">\u00bf<strong><u>Cu\u00e1l es el significado de Argentina<\/u><\/strong>?<\/span>\u00a0Los or\u00edgenes de su t\u00e9rmino Argentina, proviene del lat\u00edn \u201cargentum\u201d, que significa plata. Encontramos su registro escrito en la expresi\u00f3n Terra Argentea incluida en una pieza cartogr\u00e1fica del portugu\u00e9s Lopo Homen de 1554.<\/p>\n<p><span style=\"color: #0000ff;\">\u00bf<strong><u>Que significa Provincia<\/u><\/strong>?,<\/span> seg\u00fan la RAE \u201cEs una demarcaci\u00f3n territorial administrativa de las varias en que se organizan algunos Estados o instituciones\u201d.<\/p>\n<p><strong><span style=\"color: #0000ff;\">Tenemos 23 provincias en la Rep\u00fablica de Argentina \u00bfCu\u00e1l es su origen y significado?<\/span><\/strong><\/p>\n<p>Hay 14 provincias m\u00e1s antiguas, que son las 13 firmantes de la Constituci\u00f3n de 1853 m\u00e1s Buenos Aires. Hay un patr\u00f3n com\u00fan: excepto Entre R\u00edos, todas tienen el nombre de su capital, dado que en un comienzo el territorio de cada provincia era el \u00e1rea de influencia de una ciudad importante, por lo que el origen del nombre de la capital es el origen del nombre de la provincia.<\/p>\n<ol>\n<li><span style=\"color: #0000ff;\"><strong><u>Jujuy<\/u><\/strong><\/span><\/li>\n<\/ol>\n<p>El origen del nombre no est\u00e1 claro y abundan las teor\u00edas. El escritor y pol\u00edtico Horacio Carrillo, gobernador entre 1918 y 1921, dice que podr\u00eda venir del quechua xuxuyoc, nombre de una clase de funcionario inca que hab\u00eda en la regi\u00f3n. De xuxuyoc ah\u00ed pas\u00f3 a xuxuy y despu\u00e9s Jujuy.<\/p>\n<ol start=\"2\">\n<li><span style=\"color: #0000ff;\"><strong><u>Salta<\/u><\/strong><\/span><\/li>\n<\/ol>\n<p>Hay dos teor\u00edas m\u00e1s frecuentes sobre la procedencia de la palabra, cuyo origen se pierde en los confines del tiempo. Por un lado, una versi\u00f3n asegura que significa \u00ablugar lindo, agradable para asentarse\u00bb, en quechua; otra teor\u00eda afirma que era el nombre del pueblo sahta, habitantes del valle cuando llegaron los espa\u00f1oles.<\/p>\n<ol start=\"3\">\n<li><span style=\"color: #0000ff;\"><strong><u>Tucum\u00e1n<\/u><\/strong><\/span><\/li>\n<\/ol>\n<p>La versi\u00f3n que se impone con m\u00e1s fuerza indica que significa en lengua cac\u00e1n \u00abterritorio de Tucma\u00bb, un antiguo jefe diaguita. Tambi\u00e9n podr\u00eda significar lugar de los r\u00edos o frontera.<\/p>\n<ol start=\"4\">\n<li><span style=\"color: #0000ff;\"><strong><u>Catamarca<\/u><\/strong><\/span><\/li>\n<\/ol>\n<p>En 1683, Fernando de Mendoza y Mate de Luna fund\u00f3 San Fernando del Valle de Catamarca. San Fernando porque \u00e9l se llamaba Fernando; y Catamarca significa castillo o fortaleza en la falda en quechua.<\/p>\n<ol start=\"5\">\n<li><span style=\"color: #0000ff;\"><strong><u>La Rioja<\/u><\/strong><\/span><\/li>\n<\/ol>\n<p>Juan Ram\u00edrez de Velasco, procedente de La Rioja, Espa\u00f1a, fund\u00f3 en 1591 la ciudad de Todos los Santos de la Nueva Rioja, nombrada en honor a su pago chico.<\/p>\n<ol start=\"6\">\n<li><span style=\"color: #0000ff;\"><strong><u>Mendoza<\/u><\/strong><\/span><\/li>\n<\/ol>\n<p>En 1561, Pedro Del Castillo, oriundo de La Rioja, Espa\u00f1a, fund\u00f3 la ciudad de Mendoza del Nuevo Valle de La Rioja. Esta ciudad estaba emplazada en la actual zona de La Media Luna, al este del canal Cacique Guaymall\u00e9n. Un a\u00f1o m\u00e1s tarde, Juan Jufr\u00e9 la traslad\u00f3 ligeramente hacia el oeste, con epicentro en la hoy plaza Pedro del Castillo. \u00bfY por qu\u00e9 se llama Mendoza? Fue en honor a Garc\u00eda Hurtado de Mendoza, gobernador de Chile, capitan\u00eda a la que pertenec\u00eda la ciudad hasta que pas\u00f3 al \u00e1mbito del Virreinato del R\u00edo de la Plata.<\/p>\n<ol start=\"7\">\n<li><span style=\"color: #0000ff;\"><strong><u>San Luis<\/u><\/strong><\/span><\/li>\n<\/ol>\n<p>Luis Jufr\u00e9, hijo de Juan, fund\u00f3 San Luis en 1594 y le puso San Luis de Loyola Nueva Medina de Rioseco. Le puso San Luis, por su santo; de Loyola, por el gobernador de Chile, Mart\u00edn O\u00f1ez de Oyola; y Nueva Medina de Rioseco, por la ciudad natal del padre del fundador. Como si no alcanzara con este nombre largu\u00edsimo, m\u00e1s adelante le empezaron a decir San Luis de la Punta de los Venados, porque estaba en la punta sur de las Sierras de San Luis, donde hab\u00eda gran poblaci\u00f3n de esos animales. Y de all\u00ed proviene el gentilicio: puntano\/a.<\/p>\n<ol start=\"8\">\n<li><span style=\"color: #0000ff;\"><strong><u>San Juan<\/u><\/strong><\/span><\/li>\n<\/ol>\n<p>Juan Jufr\u00e9, quien fund\u00f3 la ciudad de San Juan de la Frontera en 1562. La llam\u00f3 San Juan por San Juan Bautista, su santo patrono; y de la Frontera por estar cerca del l\u00edmite entre las gobernaciones de Chile y del Tucum\u00e1n.<\/p>\n<ol start=\"9\">\n<li><span style=\"color: #0000ff;\"><strong><u>Santiago del Estero<\/u><\/strong><\/span><\/li>\n<\/ol>\n<p>Es la ciudad m\u00e1s antigua del pa\u00eds a\u00fan en pie. Es la continuaci\u00f3n de tres asentamientos fallidos que se llamaron El Barco, por la ciudad espa\u00f1ola de El Barco de \u00c1vila. La primera fue fundada en 1550, que algunos historiadores toman como fecha de fundaci\u00f3n tambi\u00e9n de Santiago del Estero, mientras que otros consideran fundaci\u00f3n propiamente a la de Santiago del Estero del Nuevo Maestrazgo, el 25 de julio de 1553. Se llam\u00f3 Santiago porque el 25 de julio es el d\u00eda de Santiago Ap\u00f3stol; del Estero porque abundaban esos pantanos; y del Nuevo Maestrazgo porque constitu\u00eda un nuevo maestrazgo, que eran zonas gobernadas por el gran maestre de una orden religiosa o militar.<\/p>\n<ol start=\"10\">\n<li><span style=\"color: #0000ff;\"><strong><u>C\u00f3rdoba<\/u><\/strong><\/span><\/li>\n<\/ol>\n<p>En 1573, Jer\u00f3nimo Luis de Cabrera fund\u00f3 la ciudad de C\u00f3rdoba de la Nueva Andaluc\u00eda. C\u00f3rdoba por esa ciudad de Espa\u00f1a; y de la Nueva Andaluc\u00eda porque ese era el entonces nombre de parte de lo que despu\u00e9s ser\u00eda el Virreinato del R\u00edo de la Plata.<\/p>\n<ol start=\"11\">\n<li><span style=\"color: #0000ff;\"><strong><u>Santa Fe<\/u><\/strong><\/span><\/li>\n<\/ol>\n<p>En 1573, Juan de Garay fund\u00f3 Santa Fe de la Vera Cruz. \u00abSanta Fe\u00bb por la localidad hom\u00f3nima de Espa\u00f1a, levantada como campamento de guerra por los Reyes Cat\u00f3licos en 1491 frente a Granada, \u00faltimo basti\u00f3n isl\u00e1mico en la pen\u00ednsula ib\u00e9rica. Y esa ciudad se llama as\u00ed por la virtud cristiana de la fe en oposici\u00f3n a los musulmanes.<\/p>\n<ol start=\"12\">\n<li><span style=\"color: #0000ff;\"><strong><u>Corrientes<\/u><\/strong><\/span><\/li>\n<\/ol>\n<p>En 1588, Juan Torres de Vera y Arag\u00f3n fund\u00f3 la ciudad de Vera, que un siglo despu\u00e9s fue rebautizada como San Juan de Vera de las Siete Corrientes. San Juan, por San Juan Bautista; Vera, por su fundador; y Siete Corrientes, por los siete cabos de piedra que hay por ah\u00ed, que se adentran en el r\u00edo y causan, justamente, corrientes.<\/p>\n<ol start=\"13\">\n<li><span style=\"color: #0000ff;\"><strong><u>Entre R\u00edos<\/u><\/strong><\/span><\/li>\n<\/ol>\n<p>El m\u00e1s literal de los nombres provinciales encuentra su origen en su situaci\u00f3n entre los r\u00edos Paran\u00e1 y Uruguay, adem\u00e1s de los cursos de agua que forman el l\u00edmite norte. El primero en utilizar esa denominaci\u00f3n fue Tom\u00e1s de Rocamora, primer comandante general de esos territorios, quien lo us\u00f3 en uno de sus informes en 1782. fue el pionero en usar el nombre Entre R\u00edos en uno de sus informes, en 1782.<\/p>\n<ol start=\"14\">\n<li><span style=\"color: #0000ff;\"><strong><u>Buenos Aires<\/u><\/strong><\/span><\/li>\n<\/ol>\n<p>En 1536, Pedro de Mendoza fund\u00f3 el poblado de Real de Nuestra Se\u00f1ora Santa Mar\u00eda del Buen Ayre. Los marineros sevillanos consideraban su patrona a esta advocaci\u00f3n de la Virgen. En 1580, Juan de Garay realiz\u00f3 la fundaci\u00f3n definitiva de la Ciudad de la Trinidad y Puerto de Santa Mar\u00eda de los Buenos Ayres. Hasta 1996, la ciudad sigui\u00f3 llam\u00e1ndose Trinidad, pero fue el puerto el que termin\u00f3 adue\u00f1\u00e1ndose del nombre. Y del gentilicio: porte\u00f1o\/a. Santa Mar\u00eda del Buen Ayre es la castellanizaci\u00f3n de la Madonna di Bonaria, una advocaci\u00f3n originada en la colina de ese nombre, hoy un barrio de Cagliari, Cerde\u00f1a. A su vez, Bonaria es la italianizaci\u00f3n del catal\u00e1n bon aire, de cuando la Corona de Arag\u00f3n ocup\u00f3 Cerde\u00f1a.<\/p>\n<ol start=\"15\">\n<li><span style=\"color: #0000ff;\"><strong><u>Tierra del Fuego, Ant\u00e1rtida e Islas del Atl\u00e1ntico Sur<\/u><\/strong><\/span><\/li>\n<\/ol>\n<p>Magallanes sigue presente en la toponimia argentina. Cuando pas\u00f3 en 1520 por la zona m\u00e1s austral del pa\u00eds, antes de atravesar el estrecho que lleva su nombre, vio desde el barco que los selknam encend\u00edan enormes fogatas en la costa y bautiz\u00f3 al lugar Tierra de Humos. M\u00e1s tarde, por intermedio del rey Carlos I, Tierra de Humos fue reemplazada por el much\u00edsimo m\u00e1s lindo nombre de Tierra del Fuego.<\/p>\n<ol start=\"16\">\n<li><span style=\"color: #0000ff;\"><strong><u>Santa Cruz<\/u><\/strong><\/span><\/li>\n<\/ol>\n<p>De nuevo aparece Magallanes. En su paso por el \u00e1rea, mand\u00f3 a explorar a Juan Rodr\u00edguez Serrano, quien se top\u00f3 con un r\u00edo al que llam\u00f3 Santa Cruz porque era 3 de mayo, d\u00eda en el que, seg\u00fan la tradici\u00f3n, Santa Elena encontr\u00f3 la cruz de Jesucristo. En 1878, en la desembocadura del r\u00edo en el Atl\u00e1ntico, el comodoro Luis Py fund\u00f3 la ciudad de Puerto Santa Cruz, que fue capital del territorio nacional de Santa Cruz desde su creaci\u00f3n en 1884 hasta la provincializaci\u00f3n en 1955, cuando la capitalidad pas\u00f3 a R\u00edo Gallegos.<\/p>\n<ol start=\"17\">\n<li><span style=\"color: #0000ff;\"><strong><u>Chubut<\/u><\/strong><\/span><\/li>\n<\/ol>\n<p>El nombre de la provincia viene del r\u00edo Chubut, que tiene un nombre que parece provenir de chupat, palabra de una lengua vehicular usada entre las comunidades de la zona. Esta palabra significar\u00eda \u00abtransparente\u00bb o \u00absinuoso\u00bb, ambas cosas que caracterizan a este r\u00edo.<\/p>\n<ol start=\"18\">\n<li><span style=\"color: #0000ff;\"><strong><u>R\u00edo Negro<\/u><\/strong><\/span><\/li>\n<\/ol>\n<p>Tambi\u00e9n se llama as\u00ed por un r\u00edo. En este caso\u2026 el R\u00edo Negro. Es una traducci\u00f3n del mapudungun Curu Leuf\u00fa, donde leuf\u00fa es r\u00edo y curu es negro u oscuro.<\/p>\n<ol start=\"19\">\n<li><span style=\"color: #0000ff;\"><strong><u>Neuqu\u00e9n<\/u><\/strong><\/span><\/li>\n<\/ol>\n<p>All\u00e1 por 1752, el jesuita alem\u00e1n Bernhard Havestadt explor\u00f3 la zona y confeccion\u00f3 un mapa, en el que le puso Nudquen al hoy r\u00edo Neuqu\u00e9n, que le da nombre a la provincia.El origen de la palabra es desconocido. Nudquen podr\u00eda venir del mapudungun newenken, que significa \u00abcorrentoso\u00bb, o tal vez el sacerdote escribi\u00f3 su interpretaci\u00f3n sobre otra palabra que le dijeron los pobladores originarios.<\/p>\n<ol start=\"20\">\n<li><span style=\"color: #0000ff;\"><strong><u>La Pampa<\/u><\/strong><\/span><\/li>\n<\/ol>\n<p>Los espa\u00f1oles llegaron desde el norte, antiguo territorio inca, donde todo era monta\u00f1a y elevaciones. Cuando dejaron la cordillera atr\u00e1s, se dieron cuenta de que estaban rodeados por una inmensa planicie, a la que llamaron pampa, una palabra quechua que significa \u00abllanura\u00bb. Y el mismo nombre le dieron a la gente que estaba que viv\u00eda ah\u00ed: los pampas.<\/p>\n<ol start=\"21\">\n<li><span style=\"color: #0000ff;\"><strong><u>Chaco<\/u><\/strong><\/span><\/li>\n<\/ol>\n<p>Otra provincia nombrada en quechua. En este idioma, Chakuy significa caza, porque era una zona con una enorme biodiersidad, en la que se organizaban cacer\u00edas. Tambi\u00e9n se usa en sentido amplio: se llama Gran Chaco a una inmensa regi\u00f3n entre Argentina, Brasil, Bolivia, Paraguay, que hasta lleg\u00f3 a ser objeto de una guerra entre estos dos \u00faltimos pa\u00edses.<\/p>\n<ol start=\"22\">\n<li><span style=\"color: #0000ff;\"><strong><u>Formosa<\/u><\/strong><\/span><\/li>\n<\/ol>\n<p>Hay un recodo del r\u00edo Paraguay que a los primeros exploradores espa\u00f1oles les pareci\u00f3 hermoso. Pero como todav\u00eda hablaban con la F inicial latina, le pusieron Vuelta Fermosa, que con los a\u00f1os fue \u00abFormosa\u00bb.<\/p>\n<ol start=\"23\">\n<li><span style=\"color: #0000ff;\"><strong><u>Misiones<\/u><\/strong><\/span><\/li>\n<\/ol>\n<p>En el siglo XVII los jesuitas llegaron a la zona con sus misiones para evangelizar a grupos de guaran\u00edes entre las hoy Argentina, Paraguay y Brasil. M\u00e1s tarde la corona espa\u00f1ola los expuls\u00f3 y pas\u00f3 a administrar el territorio, que pas\u00f3 por distintas manos hasta que se convirti\u00f3 en territorio nacional en 1881 y en provincia en 1953.<\/p>\n<p><img loading=\"lazy\" decoding=\"async\" class=\"alignnone size-large wp-image-2138\" src=\"https:\/\/vocesparalelas.com.ar\/sitio\/wp-content\/uploads\/2017\/06\/BANDERA-ARGENTINA-800x600.jpg\" alt=\"\" width=\"800\" height=\"600\" srcset=\"https:\/\/vocesparalelas.com.ar\/sitio\/wp-content\/uploads\/2017\/06\/BANDERA-ARGENTINA-800x600.jpg 800w, https:\/\/vocesparalelas.com.ar\/sitio\/wp-content\/uploads\/2017\/06\/BANDERA-ARGENTINA-300x225.jpg 300w, https:\/\/vocesparalelas.com.ar\/sitio\/wp-content\/uploads\/2017\/06\/BANDERA-ARGENTINA-768x576.jpg 768w, https:\/\/vocesparalelas.com.ar\/sitio\/wp-content\/uploads\/2017\/06\/BANDERA-ARGENTINA.jpg 1024w\" sizes=\"auto, (max-width: 800px) 100vw, 800px\" \/><\/p>\n","protected":false},"excerpt":{"rendered":"<p>La Rep\u00fablica Argentina es un estado Federal constituido por 23 Provincias y una Ciudad Aut\u00f3noma. Por el\u00a0Lic. Prof. Fernando A.<\/p>\n","protected":false},"author":3,"featured_media":75324,"comment_status":"closed","ping_status":"closed","sticky":false,"template":"","format":"standard","meta":{"_acf_changed":false,"_seopress_robots_primary_cat":"none","_seopress_titles_title":"","_seopress_titles_desc":"","_seopress_robots_index":"","colormag_page_container_layout":"default_layout","colormag_page_sidebar_layout":"default_layout","footnotes":""},"categories":[10],"tags":[],"class_list":["post-75321","post","type-post","status-publish","format-standard","has-post-thumbnail","hentry","category-opiniones"],"acf":[],"_links":{"self":[{"href":"https:\/\/vocesparalelas.com.ar\/sitio\/wp-json\/wp\/v2\/posts\/75321","targetHints":{"allow":["GET"]}}],"collection":[{"href":"https:\/\/vocesparalelas.com.ar\/sitio\/wp-json\/wp\/v2\/posts"}],"about":[{"href":"https:\/\/vocesparalelas.com.ar\/sitio\/wp-json\/wp\/v2\/types\/post"}],"author":[{"embeddable":true,"href":"https:\/\/vocesparalelas.com.ar\/sitio\/wp-json\/wp\/v2\/users\/3"}],"replies":[{"embeddable":true,"href":"https:\/\/vocesparalelas.com.ar\/sitio\/wp-json\/wp\/v2\/comments?post=75321"}],"version-history":[{"count":1,"href":"https:\/\/vocesparalelas.com.ar\/sitio\/wp-json\/wp\/v2\/posts\/75321\/revisions"}],"predecessor-version":[{"id":75325,"href":"https:\/\/vocesparalelas.com.ar\/sitio\/wp-json\/wp\/v2\/posts\/75321\/revisions\/75325"}],"wp:featuredmedia":[{"embeddable":true,"href":"https:\/\/vocesparalelas.com.ar\/sitio\/wp-json\/wp\/v2\/media\/75324"}],"wp:attachment":[{"href":"https:\/\/vocesparalelas.com.ar\/sitio\/wp-json\/wp\/v2\/media?parent=75321"}],"wp:term":[{"taxonomy":"category","embeddable":true,"href":"https:\/\/vocesparalelas.com.ar\/sitio\/wp-json\/wp\/v2\/categories?post=75321"},{"taxonomy":"post_tag","embeddable":true,"href":"https:\/\/vocesparalelas.com.ar\/sitio\/wp-json\/wp\/v2\/tags?post=75321"}],"curies":[{"name":"wp","href":"https:\/\/api.w.org\/{rel}","templated":true}]}}