{"id":75316,"date":"2024-08-01T23:00:20","date_gmt":"2024-08-02T02:00:20","guid":{"rendered":"https:\/\/vocesparalelas.com.ar\/sitio\/?p=75316"},"modified":"2024-08-03T14:13:49","modified_gmt":"2024-08-03T17:13:49","slug":"la-gestion-de-la-faud-de-la-unsj-para-fortalecer-los-lazos-y-al-servicio-de-la-sociedad","status":"publish","type":"post","link":"https:\/\/vocesparalelas.com.ar\/sitio\/la-gestion-de-la-faud-de-la-unsj-para-fortalecer-los-lazos-y-al-servicio-de-la-sociedad\/","title":{"rendered":"La gesti\u00f3n de la FAUD de la UNSJ para fortalecer los lazos y al servicio de la sociedad"},"content":{"rendered":"<p>En la Facultad de Arquitectura, Urbanismo y Dise\u00f1o de la Universidad Nacional de San Juan desarroll\u00f3 una serie de actividades acad\u00e9micas durante el primer cuatrimestre y se proyecta un segundo cuatrimestre 2024 con proyecci\u00f3n hacia el 2025 para fortalecer los lazos y al servicio de la sociedad.<\/p>\n<p>Por ello, Voces Paralelas desarroll\u00f3 una entrevista period\u00edstica al\u00a0Decano de la FAUD de la UNSJ, Arq. Guillermo Velasco, quien explic\u00f3 la tarea realizada con la visita a las municipalidades de los 19 Departamentos de San Juan para ofrecer adem\u00e1s, de las carreras de grado que se dictan en la unidad acad\u00e9mica tambi\u00e9n, las diplomaturas que permiten capacitar a los vecinos de los Departamentos que lo requieran.<\/p>\n<p><iframe loading=\"lazy\" title=\"FAUD UNSJ DECANO ARQ. GUILLERMO VELASCO\" width=\"800\" height=\"450\" src=\"https:\/\/www.youtube.com\/embed\/_emoxzF4VYc?feature=oembed\" frameborder=\"0\" allow=\"accelerometer; autoplay; clipboard-write; encrypted-media; gyroscope; picture-in-picture; web-share\" referrerpolicy=\"strict-origin-when-cross-origin\" allowfullscreen><\/iframe><\/p>\n<p>&nbsp;<\/p>\n<figure id=\"attachment_59382\" aria-describedby=\"caption-attachment-59382\" style=\"width: 800px\" class=\"wp-caption alignnone\"><img loading=\"lazy\" decoding=\"async\" class=\"size-full wp-image-59382\" src=\"https:\/\/vocesparalelas.com.ar\/sitio\/wp-content\/uploads\/2023\/05\/FAUD-EDIFICIO-01.jpg\" alt=\"\" width=\"800\" height=\"600\" srcset=\"https:\/\/vocesparalelas.com.ar\/sitio\/wp-content\/uploads\/2023\/05\/FAUD-EDIFICIO-01.jpg 800w, https:\/\/vocesparalelas.com.ar\/sitio\/wp-content\/uploads\/2023\/05\/FAUD-EDIFICIO-01-300x225.jpg 300w, https:\/\/vocesparalelas.com.ar\/sitio\/wp-content\/uploads\/2023\/05\/FAUD-EDIFICIO-01-768x576.jpg 768w\" sizes=\"auto, (max-width: 800px) 100vw, 800px\" \/><figcaption id=\"caption-attachment-59382\" class=\"wp-caption-text\">Facultad de Arquitectura, Urbanismo y Dise\u00f1o de la Universidad Nacional de San Juan, Rep\u00fablica Argentina<\/figcaption><\/figure>\n","protected":false},"excerpt":{"rendered":"<p>En la Facultad de Arquitectura, Urbanismo y Dise\u00f1o de la Universidad Nacional de San Juan desarroll\u00f3 una serie de actividades<\/p>\n","protected":false},"author":3,"featured_media":75319,"comment_status":"closed","ping_status":"closed","sticky":false,"template":"","format":"standard","meta":{"_acf_changed":false,"_seopress_robots_primary_cat":"none","_seopress_titles_title":"","_seopress_titles_desc":"","_seopress_robots_index":"","colormag_page_container_layout":"default_layout","colormag_page_sidebar_layout":"default_layout","footnotes":""},"categories":[10,7],"tags":[],"class_list":["post-75316","post","type-post","status-publish","format-standard","has-post-thumbnail","hentry","category-opiniones","category-videos"],"acf":[],"_links":{"self":[{"href":"https:\/\/vocesparalelas.com.ar\/sitio\/wp-json\/wp\/v2\/posts\/75316","targetHints":{"allow":["GET"]}}],"collection":[{"href":"https:\/\/vocesparalelas.com.ar\/sitio\/wp-json\/wp\/v2\/posts"}],"about":[{"href":"https:\/\/vocesparalelas.com.ar\/sitio\/wp-json\/wp\/v2\/types\/post"}],"author":[{"embeddable":true,"href":"https:\/\/vocesparalelas.com.ar\/sitio\/wp-json\/wp\/v2\/users\/3"}],"replies":[{"embeddable":true,"href":"https:\/\/vocesparalelas.com.ar\/sitio\/wp-json\/wp\/v2\/comments?post=75316"}],"version-history":[{"count":2,"href":"https:\/\/vocesparalelas.com.ar\/sitio\/wp-json\/wp\/v2\/posts\/75316\/revisions"}],"predecessor-version":[{"id":75331,"href":"https:\/\/vocesparalelas.com.ar\/sitio\/wp-json\/wp\/v2\/posts\/75316\/revisions\/75331"}],"wp:featuredmedia":[{"embeddable":true,"href":"https:\/\/vocesparalelas.com.ar\/sitio\/wp-json\/wp\/v2\/media\/75319"}],"wp:attachment":[{"href":"https:\/\/vocesparalelas.com.ar\/sitio\/wp-json\/wp\/v2\/media?parent=75316"}],"wp:term":[{"taxonomy":"category","embeddable":true,"href":"https:\/\/vocesparalelas.com.ar\/sitio\/wp-json\/wp\/v2\/categories?post=75316"},{"taxonomy":"post_tag","embeddable":true,"href":"https:\/\/vocesparalelas.com.ar\/sitio\/wp-json\/wp\/v2\/tags?post=75316"}],"curies":[{"name":"wp","href":"https:\/\/api.w.org\/{rel}","templated":true}]}}