{"id":75308,"date":"2024-08-01T22:00:36","date_gmt":"2024-08-02T01:00:36","guid":{"rendered":"https:\/\/vocesparalelas.com.ar\/sitio\/?p=75308"},"modified":"2024-08-02T01:26:12","modified_gmt":"2024-08-02T04:26:12","slug":"se-inauguro-la-remodelacion-de-la-plazoleta-agente-felix-javier-salina-del-barrio-foeva-en-rivadavia","status":"publish","type":"post","link":"https:\/\/vocesparalelas.com.ar\/sitio\/se-inauguro-la-remodelacion-de-la-plazoleta-agente-felix-javier-salina-del-barrio-foeva-en-rivadavia\/","title":{"rendered":"Se inaugur\u00f3 la remodelaci\u00f3n de la Plazoleta Agente F\u00e9lix Javier Salina del Barrio FOEVA en Rivadavia"},"content":{"rendered":"<p>La Municipalidad de la Ciudad de Rivadavia trabaj\u00f3 en la remodelaci\u00f3n de la Plazoleta Agente F\u00e9lix Javier Salina, del Barrio FOEVA a solicitud de los vecinos en el Departamento Rivadavia.<\/p>\n<p>En la Previa, Voces Paralelas desarroll\u00f3 una entrevista period\u00edstica al Secretario de Obra Municipal, Ing. Mario Garc\u00eda, quien explic\u00f3 el trabajo realizado con el personal de obra municipal que permiti\u00f3 poner la tarea a punto para que los vecinos puedan disfrutar en familia el espacio verde.<\/p>\n<p><iframe loading=\"lazy\" title=\"RIVADAVIA ING MARIO GARC\u00cdA\" width=\"800\" height=\"450\" src=\"https:\/\/www.youtube.com\/embed\/d7SGnApS-Zs?feature=oembed\" frameborder=\"0\" allow=\"accelerometer; autoplay; clipboard-write; encrypted-media; gyroscope; picture-in-picture; web-share\" referrerpolicy=\"strict-origin-when-cross-origin\" allowfullscreen><\/iframe><\/p>\n<p>Posteriormente, el\u00a0 Intendente de la Municipalidad de la Ciudad de Rivadavia, Sergio Miodowsky describi\u00f3 lo que significa la tarea de remodelaci\u00f3n de la\u00a0 Plazoleta Agente F\u00e9lix Javier Salina del Barrio FOEVA, con fondos municipales, un espacio verde que se rescata con el fin de compartir la propuesta por los vecinos.<\/p>\n<p><iframe loading=\"lazy\" title=\"RIVADAVIA INTENDENTE SERGIO MIODOWSKY\" width=\"800\" height=\"450\" src=\"https:\/\/www.youtube.com\/embed\/CIwmWO6jHBc?feature=oembed\" frameborder=\"0\" allow=\"accelerometer; autoplay; clipboard-write; encrypted-media; gyroscope; picture-in-picture; web-share\" referrerpolicy=\"strict-origin-when-cross-origin\" allowfullscreen><\/iframe><\/p>\n<p>Despu\u00e9s, salud\u00f3 a los vecinos del Barrio FOEVA, quienes se acercaron a saludar al Intendente Sergio Miodowsky con agradecimiento.<\/p>\n<p>Luego, se descubri\u00f3 el cartel que identifica la plazoleta y se cot\u00f3 la cinta para dejar inaugurado el espacio verde para la comunidad que, est\u00e1 en Arenales y Echeverr\u00eda.<\/p>\n<p>Es importante destacar que el nombre de la Plazoleta es para honrar al Agente Javier F\u00e9lix Salina, un h\u00e9roe de Rivadavia que dio su vida en servicio a la comunidad. Su legado y sacrificio son un ejemplo para todos, y este espacio es un tributo a su memoria.<\/p>\n<p><img loading=\"lazy\" decoding=\"async\" class=\"alignnone size-full wp-image-75311\" src=\"https:\/\/vocesparalelas.com.ar\/sitio\/wp-content\/uploads\/2024\/08\/RIVADAVIA-PLAZOLETA-FELIX-02.jpg\" alt=\"\" width=\"800\" height=\"533\" srcset=\"https:\/\/vocesparalelas.com.ar\/sitio\/wp-content\/uploads\/2024\/08\/RIVADAVIA-PLAZOLETA-FELIX-02.jpg 800w, https:\/\/vocesparalelas.com.ar\/sitio\/wp-content\/uploads\/2024\/08\/RIVADAVIA-PLAZOLETA-FELIX-02-300x200.jpg 300w, https:\/\/vocesparalelas.com.ar\/sitio\/wp-content\/uploads\/2024\/08\/RIVADAVIA-PLAZOLETA-FELIX-02-768x512.jpg 768w\" sizes=\"auto, (max-width: 800px) 100vw, 800px\" \/><\/p>\n<p>La obra incluye mejoras significativas para la calidad de vida de los vecinos, como la instalaci\u00f3n de 250 metros de vereda con hormig\u00f3n alisado, 80 metros cuadrados de vereda para disfrutar del espacio al aire libre, 310 metros lineales de zapata y cord\u00f3n para delimitar el \u00e1rea, 120 metros cuadrados de banquina para un paisajismo atractivo, una nueva parada de colectivos sobre calle Arenales para mejorar la conectividad, ejercitadores para fomentar la actividad f\u00edsica, bancos de metal para descansar y disfrutar del entorno, 140 metros lineales de cuneta con hormig\u00f3n H17 para una adecuada evacuaci\u00f3n de aguas pluviales, juegos infantiles para el disfrute de los m\u00e1s peque\u00f1os, cestos de basura para mantener el espacio limpio y ordenado, grancilla para un acabado est\u00e9tico y cartel de indicativo de nombre para identificar el espacio.<\/p>\n<p><img loading=\"lazy\" decoding=\"async\" class=\"alignnone size-full wp-image-75312\" src=\"https:\/\/vocesparalelas.com.ar\/sitio\/wp-content\/uploads\/2024\/08\/RIVADAVIA-PLAZOLETA-FELIX-01.jpg\" alt=\"\" width=\"800\" height=\"533\" srcset=\"https:\/\/vocesparalelas.com.ar\/sitio\/wp-content\/uploads\/2024\/08\/RIVADAVIA-PLAZOLETA-FELIX-01.jpg 800w, https:\/\/vocesparalelas.com.ar\/sitio\/wp-content\/uploads\/2024\/08\/RIVADAVIA-PLAZOLETA-FELIX-01-300x200.jpg 300w, https:\/\/vocesparalelas.com.ar\/sitio\/wp-content\/uploads\/2024\/08\/RIVADAVIA-PLAZOLETA-FELIX-01-768x512.jpg 768w\" sizes=\"auto, (max-width: 800px) 100vw, 800px\" \/><\/p>\n<p>La inauguraci\u00f3n cont\u00f3 con la presencia de la familia Salina, su mam\u00e1 y su hermano puntualmente formaron parte de los actos, adem\u00e1s de vecinos, funcionarios y autoridades locales. Todos celebraron la renovaci\u00f3n de este importante espacio p\u00fablico y rindieron homenaje.<\/p>\n<p><iframe loading=\"lazy\" title=\"RIVADAVIA PLAZA FELIX SALINA\" width=\"800\" height=\"450\" src=\"https:\/\/www.youtube.com\/embed\/ZPXWsxT0XpE?feature=oembed\" frameborder=\"0\" allow=\"accelerometer; autoplay; clipboard-write; encrypted-media; gyroscope; picture-in-picture; web-share\" referrerpolicy=\"strict-origin-when-cross-origin\" allowfullscreen><\/iframe><\/p>\n<p>&nbsp;<\/p>\n<p><img loading=\"lazy\" decoding=\"async\" class=\"alignnone size-full wp-image-66896\" src=\"https:\/\/vocesparalelas.com.ar\/sitio\/wp-content\/uploads\/2023\/12\/RIVADAVIA-LOGO-NUEVO.jpg\" alt=\"\" width=\"800\" height=\"533\" srcset=\"https:\/\/vocesparalelas.com.ar\/sitio\/wp-content\/uploads\/2023\/12\/RIVADAVIA-LOGO-NUEVO.jpg 800w, https:\/\/vocesparalelas.com.ar\/sitio\/wp-content\/uploads\/2023\/12\/RIVADAVIA-LOGO-NUEVO-300x200.jpg 300w, https:\/\/vocesparalelas.com.ar\/sitio\/wp-content\/uploads\/2023\/12\/RIVADAVIA-LOGO-NUEVO-768x512.jpg 768w\" sizes=\"auto, (max-width: 800px) 100vw, 800px\" \/><\/p>\n<p>&nbsp;<\/p>\n","protected":false},"excerpt":{"rendered":"<p>La Municipalidad de la Ciudad de Rivadavia trabaj\u00f3 en la remodelaci\u00f3n de la Plazoleta Agente F\u00e9lix Javier Salina, del Barrio<\/p>\n","protected":false},"author":3,"featured_media":75313,"comment_status":"closed","ping_status":"closed","sticky":false,"template":"","format":"standard","meta":{"_acf_changed":false,"_seopress_robots_primary_cat":"none","_seopress_titles_title":"","_seopress_titles_desc":"","_seopress_robots_index":"","colormag_page_container_layout":"default_layout","colormag_page_sidebar_layout":"default_layout","footnotes":""},"categories":[1,7],"tags":[],"class_list":["post-75308","post","type-post","status-publish","format-standard","has-post-thumbnail","hentry","category-destacadas","category-videos"],"acf":[],"_links":{"self":[{"href":"https:\/\/vocesparalelas.com.ar\/sitio\/wp-json\/wp\/v2\/posts\/75308","targetHints":{"allow":["GET"]}}],"collection":[{"href":"https:\/\/vocesparalelas.com.ar\/sitio\/wp-json\/wp\/v2\/posts"}],"about":[{"href":"https:\/\/vocesparalelas.com.ar\/sitio\/wp-json\/wp\/v2\/types\/post"}],"author":[{"embeddable":true,"href":"https:\/\/vocesparalelas.com.ar\/sitio\/wp-json\/wp\/v2\/users\/3"}],"replies":[{"embeddable":true,"href":"https:\/\/vocesparalelas.com.ar\/sitio\/wp-json\/wp\/v2\/comments?post=75308"}],"version-history":[{"count":3,"href":"https:\/\/vocesparalelas.com.ar\/sitio\/wp-json\/wp\/v2\/posts\/75308\/revisions"}],"predecessor-version":[{"id":75330,"href":"https:\/\/vocesparalelas.com.ar\/sitio\/wp-json\/wp\/v2\/posts\/75308\/revisions\/75330"}],"wp:featuredmedia":[{"embeddable":true,"href":"https:\/\/vocesparalelas.com.ar\/sitio\/wp-json\/wp\/v2\/media\/75313"}],"wp:attachment":[{"href":"https:\/\/vocesparalelas.com.ar\/sitio\/wp-json\/wp\/v2\/media?parent=75308"}],"wp:term":[{"taxonomy":"category","embeddable":true,"href":"https:\/\/vocesparalelas.com.ar\/sitio\/wp-json\/wp\/v2\/categories?post=75308"},{"taxonomy":"post_tag","embeddable":true,"href":"https:\/\/vocesparalelas.com.ar\/sitio\/wp-json\/wp\/v2\/tags?post=75308"}],"curies":[{"name":"wp","href":"https:\/\/api.w.org\/{rel}","templated":true}]}}