{"id":75303,"date":"2024-08-01T21:56:58","date_gmt":"2024-08-02T00:56:58","guid":{"rendered":"https:\/\/vocesparalelas.com.ar\/sitio\/?p=75303"},"modified":"2024-08-01T22:40:03","modified_gmt":"2024-08-02T01:40:03","slug":"espacio-protejamos-y-apoyemos-la-lactancia-entre-todos-en-la-camara-de-diputados-de-san-juan","status":"publish","type":"post","link":"https:\/\/vocesparalelas.com.ar\/sitio\/espacio-protejamos-y-apoyemos-la-lactancia-entre-todos-en-la-camara-de-diputados-de-san-juan\/","title":{"rendered":"Espacio \u201cProtejamos y Apoyemos la Lactancia entre todos\u00bb en la C\u00e1mara de Diputados de San Juan"},"content":{"rendered":"<p>En la C\u00e1mara de Diputados de San Juan se inaugur\u00f3 el espacio \u201cProtejamos y Apoyemos la Lactancia entre todos\u00bb presidida por el ministro de Salud, Dr. Am\u00edlcar Dobladez, y cont\u00f3 con la participaci\u00f3n de los diputados provinciales Dr. Gustavo N\u00fa\u00f1ez, Rosana Luque, Dr. Juan de la Cruz C\u00f3rdoba, Carlos Jaime y Marcelo Mallea; los secretarios Administrativo Lic. Jorge Fern\u00e1ndez y Legislativo Dr. Gustavo Velert; la coordinadora de Relaciones con la Comunidad, Giselle Fern\u00e1ndez; la directora de Materno Infancia, Dra, Lenka Dumandzic; entre otras autoridades locales.<\/p>\n<p>La inauguraci\u00f3n se llev\u00f3 adelante en el marco de la\u00a0Semana Mundial de la Lactancia, que se celebra en San Juan bajo el lema\u00a0\u201cProtejamos y Apoyemos la Lactancia entre todos\u201d. Su objetivo es fomentar y mejorar la salud de los beb\u00e9s. Se han organizado diversas actividades en los hospitales y centros de salud, que ayudan a concientizar y a informar sobre este acto.<\/p>\n<p>Al respecto, el presidente de la Comisi\u00f3n de Salud y Discapacidad, Dr. Gustavo N\u00fa\u00f1ez destac\u00f3 que \u00abel espacio viene a brindar un mont\u00f3n de soluciones a aquellos problemas que ten\u00edan las madres que trabajan en la Casa de las Leyes. Es un beneficio tanto para la madre como para el beb\u00e9, ya que la lactancia es de suma importancia en la prevenci\u00f3n de enfermedades\u201d.<\/p>\n<p>Acerca de dichas propiedades que la\u00a0Lactancia Materna\u00a0tiene para los reci\u00e9n nacidos, la\u00a0directora de Materno Infancia, Dra. Lenka Dumandzic, repas\u00f3 algunos de ellas. Coment\u00f3 que\u00a0\u201ccomo pediatras, recomendamos la lactancia exclusiva durante los primeros 6 meses de vida con leche materna, y continuarla hasta los 2 a\u00f1os con la alimentaci\u00f3n complementaria\u201d.<\/p>\n<p>La profesional destac\u00f3 la necesidad de que los ambientes de trabajo cuenten con un Espacio Amigo de la Lactancia.\u00a0\u201cEs un sector privado e higi\u00e9nico, dotado de todas las comodidades m\u00ednimas y necesarias para garantizar la extracci\u00f3n de leche durante la jornada laboral. Es tambi\u00e9n un testimonio con nuestro compromiso con la igualdad de g\u00e9nero\u201d.<\/p>\n<p>Finalmente,\u00a0el ministro de Salud, Dr. Am\u00edlcar Dobladez, inform\u00f3 que\u00a0\u201choy estamos inaugurando el n\u00famero 33 de estos espacios y vamos a continuar con otro en la Universidad Cat\u00f3lica de Cuyo. Esto es un compromiso p\u00fablico \u2013 privado, para la reinserci\u00f3n laboral de las madres sin descuidar la nutrici\u00f3n neonatal\u201d.<\/p>\n<figure id=\"attachment_37951\" aria-describedby=\"caption-attachment-37951\" style=\"width: 800px\" class=\"wp-caption alignnone\"><img loading=\"lazy\" decoding=\"async\" class=\"size-full wp-image-37951\" src=\"https:\/\/vocesparalelas.com.ar\/sitio\/wp-content\/uploads\/2021\/05\/CAMARA-EDIFICIO.jpg\" alt=\"\" width=\"800\" height=\"515\" srcset=\"https:\/\/vocesparalelas.com.ar\/sitio\/wp-content\/uploads\/2021\/05\/CAMARA-EDIFICIO.jpg 800w, https:\/\/vocesparalelas.com.ar\/sitio\/wp-content\/uploads\/2021\/05\/CAMARA-EDIFICIO-300x193.jpg 300w, https:\/\/vocesparalelas.com.ar\/sitio\/wp-content\/uploads\/2021\/05\/CAMARA-EDIFICIO-768x494.jpg 768w\" sizes=\"auto, (max-width: 800px) 100vw, 800px\" \/><figcaption id=\"caption-attachment-37951\" class=\"wp-caption-text\">Legislatura Provincial de San Juan, Rep\u00fablica Argentina<\/figcaption><\/figure>\n","protected":false},"excerpt":{"rendered":"<p>En la C\u00e1mara de Diputados de San Juan se inaugur\u00f3 el espacio \u201cProtejamos y Apoyemos la Lactancia entre todos\u00bb presidida<\/p>\n","protected":false},"author":3,"featured_media":75306,"comment_status":"closed","ping_status":"closed","sticky":false,"template":"","format":"standard","meta":{"_acf_changed":false,"_seopress_robots_primary_cat":"none","_seopress_titles_title":"","_seopress_titles_desc":"","_seopress_robots_index":"","colormag_page_container_layout":"default_layout","colormag_page_sidebar_layout":"default_layout","footnotes":""},"categories":[1],"tags":[],"class_list":["post-75303","post","type-post","status-publish","format-standard","has-post-thumbnail","hentry","category-destacadas"],"acf":[],"_links":{"self":[{"href":"https:\/\/vocesparalelas.com.ar\/sitio\/wp-json\/wp\/v2\/posts\/75303","targetHints":{"allow":["GET"]}}],"collection":[{"href":"https:\/\/vocesparalelas.com.ar\/sitio\/wp-json\/wp\/v2\/posts"}],"about":[{"href":"https:\/\/vocesparalelas.com.ar\/sitio\/wp-json\/wp\/v2\/types\/post"}],"author":[{"embeddable":true,"href":"https:\/\/vocesparalelas.com.ar\/sitio\/wp-json\/wp\/v2\/users\/3"}],"replies":[{"embeddable":true,"href":"https:\/\/vocesparalelas.com.ar\/sitio\/wp-json\/wp\/v2\/comments?post=75303"}],"version-history":[{"count":1,"href":"https:\/\/vocesparalelas.com.ar\/sitio\/wp-json\/wp\/v2\/posts\/75303\/revisions"}],"predecessor-version":[{"id":75307,"href":"https:\/\/vocesparalelas.com.ar\/sitio\/wp-json\/wp\/v2\/posts\/75303\/revisions\/75307"}],"wp:featuredmedia":[{"embeddable":true,"href":"https:\/\/vocesparalelas.com.ar\/sitio\/wp-json\/wp\/v2\/media\/75306"}],"wp:attachment":[{"href":"https:\/\/vocesparalelas.com.ar\/sitio\/wp-json\/wp\/v2\/media?parent=75303"}],"wp:term":[{"taxonomy":"category","embeddable":true,"href":"https:\/\/vocesparalelas.com.ar\/sitio\/wp-json\/wp\/v2\/categories?post=75303"},{"taxonomy":"post_tag","embeddable":true,"href":"https:\/\/vocesparalelas.com.ar\/sitio\/wp-json\/wp\/v2\/tags?post=75303"}],"curies":[{"name":"wp","href":"https:\/\/api.w.org\/{rel}","templated":true}]}}