{"id":75295,"date":"2024-08-01T21:03:16","date_gmt":"2024-08-02T00:03:16","guid":{"rendered":"https:\/\/vocesparalelas.com.ar\/sitio\/?p=75295"},"modified":"2024-08-01T21:04:39","modified_gmt":"2024-08-02T00:04:39","slug":"jornada-de-entrevistas-a-candidatos-para-cargos-en-el-poder-judicial-en-la-camara-de-diputados-de-san-juan","status":"publish","type":"post","link":"https:\/\/vocesparalelas.com.ar\/sitio\/jornada-de-entrevistas-a-candidatos-para-cargos-en-el-poder-judicial-en-la-camara-de-diputados-de-san-juan\/","title":{"rendered":"Jornada de entrevistas a candidatos para cargos en el Poder Judicial en la C\u00e1mara de Diputados de San Juan"},"content":{"rendered":"<p>El Jueves, 1 de Agosto, a partir de las 9:00 horas, la C\u00e1mara de Diputados de San Juan inici\u00f3 la jornada de entrevistas a los candidatos propuestos para ocupar los cargos vacantes en el Poder Judicial de San Juan. Esta etapa forma parte del proceso de selecci\u00f3n final de los postulantes de las 21 ternas presentadas por el Consejo de la Magistratura.<\/p>\n<p>La actividad fue liderada por la presidente de la Comisi\u00f3n de Justicia y Seguridad, diputada Marcela Quiroga. Participaron los legisladores Juan de la Cruz C\u00f3rdoba, Luis Rueda, Mario Herrero, Leopoldo Soler, Horacio Quiroga, Gabriel S\u00e1nchez, as\u00ed como las diputadas Alejandra Leonardo, Stella Caparr\u00f3s y Sonia Ferreyra.<\/p>\n<p>Durante la primera parte de la jornada, se entrevist\u00f3 a los candidatos<\/p>\n<ul>\n<li>Dr. Javier Eduardo Aguiar Pacheco, Dra. Mar\u00eda Gabriela Conte Grand y Dr. Carlos Alberto Lorenzo, quienes aspiran al cargo de Juez de Paz Letrado del Cuarto Juzgado de Paz Letrado de la Capital.<\/li>\n<li>Dr. Patricio Yanzi, Dra. Mar\u00eda Alejandra Conca y Dr. Dulio Iv\u00e1n Liberman, quienes integran la terna para el cargo de Juez de Paz Letrado del Juzgado de Paz Letrado de Ullum.<\/li>\n<\/ul>\n<p>La jornada de entrevistas contin\u00faa durante los d\u00edas siguientes hasta completar la evaluaci\u00f3n de los 63 candidatos presentados.<\/p>\n<p>Cabe se\u00f1alar que, las ternas fueron elaboradas por el Consejo de la Magistratura, que realiz\u00f3 un exhaustivo an\u00e1lisis de los legajos de los aspirantes, cumpliendo con los requisitos constitucionales, como nacionalidad, t\u00edtulo de abogado, edad, ejercicio profesional y residencia.<\/p>\n<p>Adem\u00e1s, se evaluaron los antecedentes profesionales, el m\u00e9rito en la preparaci\u00f3n cient\u00edfica, la antig\u00fcedad en el ejercicio de la profesi\u00f3n y otros aspectos relevantes, incluyendo el resultado de las entrevistas personales.<\/p>\n<p>Una vez finalizada esta etapa, el secretario del Consejo de la Magistratura present\u00f3 las ternas al Poder Legislativo.<\/p>\n<p>Estas tomaron estado parlamentario en la Cuarta Sesi\u00f3n del Per\u00edodo Ordinario 2024, iniciando as\u00ed el presente proceso de entrevistas y de selecci\u00f3n de los postulantes por parte de la Comisi\u00f3n de Justicia. Luego, la elecci\u00f3n de los candidatos es sometida a votaci\u00f3n por todo el cuerpo legislativo en una sesi\u00f3n.<\/p>\n<p><iframe loading=\"lazy\" title=\"Diputada Marcela Quiroga - Presidenta Comisi\u00f3n de Justicia y Seguridad\" width=\"800\" height=\"450\" src=\"https:\/\/www.youtube.com\/embed\/y50Krgc9iZQ?feature=oembed\" frameborder=\"0\" allow=\"accelerometer; autoplay; clipboard-write; encrypted-media; gyroscope; picture-in-picture; web-share\" referrerpolicy=\"strict-origin-when-cross-origin\" allowfullscreen><\/iframe><\/p>\n<p>&nbsp;<\/p>\n<p>Se detallan el resto de las ternas que deber\u00e1n ser entrevistadas:<\/p>\n<p><span style=\"color: #666699;\"><strong>Juez de C\u00e1mara (Tribunal de Impugnaci\u00f3n)<\/strong><\/span><\/p>\n<ul>\n<li>Dr. Eduardo Oscar Raed Amado,<\/li>\n<li>Dra. Mabel Irene Moya,<\/li>\n<li>Dr. Sergio Omar Herrero,<\/li>\n<\/ul>\n<p><span style=\"color: #666699;\"><strong>\u00a0Juez de Paz Letrado (Juzgado de Paz Letrado de Calingasta)<\/strong><\/span><\/p>\n<ul>\n<li>Dr. Andr\u00e9s Le\u00f3nidas Justino Troche,<\/li>\n<li>Dra. Paola Fernanda Cassab Bianchi,<\/li>\n<li>Dr. Juan Pablo Mut Paton<\/li>\n<\/ul>\n<p><span style=\"color: #666699;\"><strong>Juez de Paz Letrado (Juzgado de Paz Letrado de Valle F\u00e9rtil)<\/strong><\/span><\/p>\n<ul>\n<li>Dr. Luis Mar\u00eda Jos\u00e9 Mulleady Quiroga,<\/li>\n<li>Dra. Macarena Guerrero,<\/li>\n<li>Dra. Mar\u00eda Romina Sala Sarmiento,<\/li>\n<\/ul>\n<p><span style=\"color: #666699;\"><strong>Asesor Oficial<\/strong><\/span><\/p>\n<ul>\n<li>Dra. Ana Martina Dai Pra,<\/li>\n<li>Dra. Mar\u00eda Gabriela Lanzone Frazeto,<\/li>\n<li>Dra. Fabiana Beatriz Anzorena,<\/li>\n<\/ul>\n<p><span style=\"color: #666699;\"><strong>Doce (12) cargos de Fiscal de Primera Instancia<\/strong><\/span><\/p>\n<ul>\n<li><span style=\"color: #666699;\"><strong>Primera Terna:\u00a0<\/strong><\/span>Dr. Leonardo Raul Arancibia;\u00a0Dra. Gabriela Molina;\u00a0Dra. Silvina Zogbe<\/li>\n<li><strong><span style=\"color: #666699;\">Segunda Terna:<\/span>\u00a0<\/strong>Dr. Francisco Javier Nicolia Heras;\u00a0Dra. Mar\u00eda Victoria Ruiz Pe\u00f1a;\u00a0Dr. Rodrigo Daniel Videla,<\/li>\n<li><span style=\"color: #666699;\"><strong>Tercera Terna: <\/strong><\/span>Dra. Andrea Viviana Insegna;\u00a0Dra. Mar\u00eda Paula Aarredodo Morando;\u00a0Dr. Mariano Daniel Carrera Pedrotti,<\/li>\n<li><span style=\"color: #666699;\"><strong>Cuarta Terna:\u00a0<\/strong><\/span>Dr. Oscar Andr\u00e9s Ghilardi; Dra. Ivana Ester Rodr\u00edguez;\u00a0Dra. Mar\u00eda Ximena Rodr\u00edguez Schmadke<\/li>\n<li><span style=\"color: #666699;\"><strong>Quinta Terna:\u00a0<\/strong><\/span>Dr. Sebasti\u00e1n Alejandro Gomez Garcia;\u00a0Dra. Agostina Ventimiglia Chirino;\u00a0Dra. Yanina Elizabeth M\u00e1rquez Mallarino,<\/li>\n<li><span style=\"color: #666699;\"><strong>Sexta Terna:\u00a0<\/strong><\/span>Dr. Leonardo Nelson Villalba;\u00a0Dr. Roberto Jorge Montilla;\u00a0Dra. Cora Beatriz Aguilar,<\/li>\n<li><span style=\"color: #666699;\"><strong>S\u00e9ptima Terna: <\/strong><\/span>Dr. Federico Jos\u00e9 Petrignani Camargo;\u00a0Dr. Ivana Del Carmen Salas;\u00a0Dr. Nicol\u00e1s Eduardo Alvo L\u00f3pez,<\/li>\n<li><strong><span style=\"color: #666699;\">Octava Terna:<\/span>\u00a0<\/strong>Dr. Juan Manuel Garc\u00eda Castrillon;\u00a0Dra. Mar\u00eda Natali Lima;\u00a0Dr. Atrio Sebasti\u00e1n Yanardi<\/li>\n<li><strong><span style=\"color: #666699;\">Novena Terna:<\/span>\u00a0<\/strong>Dr. Guillermo Alberto Heredia;\u00a0Dra. Sheila Emilse Castro;\u00a0Dr. Carlos Eduardo Matus Ahumada<\/li>\n<li><span style=\"color: #666699;\"><strong>D\u00e9cima Terna:\u00a0<\/strong><\/span>Dra. Naida Florencia Pons Belmonte;\u00a0Dra. Florencia Buteler Robledal;\u00a0Dra. Mar\u00eda Ver\u00f3nica Recio Correa<\/li>\n<li><span style=\"color: #666699;\"><strong>Onceava Terna:\u00a0<\/strong><\/span>Dra. Mar\u00eda Emilia Parran Ahun;\u00a0Dr. Agust\u00edn Idemi;\u00a0Dra. Mar\u00eda Paula Carena,<\/li>\n<li><span style=\"color: #666699;\"><strong>Doceava Terna: <\/strong><\/span>Dr. Fernando Jos\u00e9 Bonomo;\u00a0Dr. Martin Gustavo Torcivia;\u00a0Dra. Mar\u00eda Laura Maldonado<\/li>\n<\/ul>\n<p><span style=\"color: #666699;\"><strong>Tres (3) Cargos De Defensor Oficial<\/strong><\/span><\/p>\n<ul>\n<li><span style=\"color: #666699;\"><strong>Primera Terna: <\/strong><span style=\"color: #000000;\">Dra. Emma Carolina <\/span><\/span>Baigorria D\u00e1vila; Dr.\u00a0Gustavo De La Fuente; Dr.\u00a0Jorge Antonio Uvera Legle<\/li>\n<li><strong><span style=\"color: #666699;\">Segunda Terna: <\/span><\/strong>Dra. Sandra Leveque; Dra. Silvana Lorena Romero Meglioli; Dra. Ana Victoria Herrero Palacios<\/li>\n<li><strong><span style=\"color: #666699;\">Tercera Terna:<\/span>\u00a0<\/strong>Dra. Yanina Natalia Olmos Bustos;\u00a0Dr. Guillermo Eduardo Pelliza;\u00a0Dra. Mar\u00eda Agustina Fern\u00e1ndez,<\/li>\n<\/ul>\n<p>&nbsp;<\/p>\n<figure id=\"attachment_37951\" aria-describedby=\"caption-attachment-37951\" style=\"width: 800px\" class=\"wp-caption alignnone\"><img loading=\"lazy\" decoding=\"async\" class=\"size-full wp-image-37951\" src=\"https:\/\/vocesparalelas.com.ar\/sitio\/wp-content\/uploads\/2021\/05\/CAMARA-EDIFICIO.jpg\" alt=\"\" width=\"800\" height=\"515\" srcset=\"https:\/\/vocesparalelas.com.ar\/sitio\/wp-content\/uploads\/2021\/05\/CAMARA-EDIFICIO.jpg 800w, https:\/\/vocesparalelas.com.ar\/sitio\/wp-content\/uploads\/2021\/05\/CAMARA-EDIFICIO-300x193.jpg 300w, https:\/\/vocesparalelas.com.ar\/sitio\/wp-content\/uploads\/2021\/05\/CAMARA-EDIFICIO-768x494.jpg 768w\" sizes=\"auto, (max-width: 800px) 100vw, 800px\" \/><figcaption id=\"caption-attachment-37951\" class=\"wp-caption-text\">Legislatura Provincial de San Juan, Rep\u00fablica Argentina<\/figcaption><\/figure>\n","protected":false},"excerpt":{"rendered":"<p>El Jueves, 1 de Agosto, a partir de las 9:00 horas, la C\u00e1mara de Diputados de San Juan inici\u00f3 la<\/p>\n","protected":false},"author":3,"featured_media":75298,"comment_status":"closed","ping_status":"closed","sticky":false,"template":"","format":"standard","meta":{"_acf_changed":false,"_seopress_robots_primary_cat":"none","_seopress_titles_title":"","_seopress_titles_desc":"","_seopress_robots_index":"","colormag_page_container_layout":"default_layout","colormag_page_sidebar_layout":"default_layout","footnotes":""},"categories":[1,7],"tags":[],"class_list":["post-75295","post","type-post","status-publish","format-standard","has-post-thumbnail","hentry","category-destacadas","category-videos"],"acf":[],"_links":{"self":[{"href":"https:\/\/vocesparalelas.com.ar\/sitio\/wp-json\/wp\/v2\/posts\/75295","targetHints":{"allow":["GET"]}}],"collection":[{"href":"https:\/\/vocesparalelas.com.ar\/sitio\/wp-json\/wp\/v2\/posts"}],"about":[{"href":"https:\/\/vocesparalelas.com.ar\/sitio\/wp-json\/wp\/v2\/types\/post"}],"author":[{"embeddable":true,"href":"https:\/\/vocesparalelas.com.ar\/sitio\/wp-json\/wp\/v2\/users\/3"}],"replies":[{"embeddable":true,"href":"https:\/\/vocesparalelas.com.ar\/sitio\/wp-json\/wp\/v2\/comments?post=75295"}],"version-history":[{"count":1,"href":"https:\/\/vocesparalelas.com.ar\/sitio\/wp-json\/wp\/v2\/posts\/75295\/revisions"}],"predecessor-version":[{"id":75299,"href":"https:\/\/vocesparalelas.com.ar\/sitio\/wp-json\/wp\/v2\/posts\/75295\/revisions\/75299"}],"wp:featuredmedia":[{"embeddable":true,"href":"https:\/\/vocesparalelas.com.ar\/sitio\/wp-json\/wp\/v2\/media\/75298"}],"wp:attachment":[{"href":"https:\/\/vocesparalelas.com.ar\/sitio\/wp-json\/wp\/v2\/media?parent=75295"}],"wp:term":[{"taxonomy":"category","embeddable":true,"href":"https:\/\/vocesparalelas.com.ar\/sitio\/wp-json\/wp\/v2\/categories?post=75295"},{"taxonomy":"post_tag","embeddable":true,"href":"https:\/\/vocesparalelas.com.ar\/sitio\/wp-json\/wp\/v2\/tags?post=75295"}],"curies":[{"name":"wp","href":"https:\/\/api.w.org\/{rel}","templated":true}]}}