{"id":75290,"date":"2024-08-01T19:50:30","date_gmt":"2024-08-01T22:50:30","guid":{"rendered":"https:\/\/vocesparalelas.com.ar\/sitio\/?p=75290"},"modified":"2024-08-02T23:27:31","modified_gmt":"2024-08-03T02:27:31","slug":"colocan-paneles-solares-en-las-luminarias-de-la-avenida-circunvalacion-de-san-juan","status":"publish","type":"post","link":"https:\/\/vocesparalelas.com.ar\/sitio\/colocan-paneles-solares-en-las-luminarias-de-la-avenida-circunvalacion-de-san-juan\/","title":{"rendered":"Colocan paneles solares en las luminarias de la Avenida Circunvalaci\u00f3n de San Juan"},"content":{"rendered":"<p>El Ministerio de Infraestructura, Agua y Energ\u00eda del Gobierno de San Juan transforma la Avenida Circunvalaci\u00f3n, Ruta Nacional A014, en la primera ruta nacional 100% renovable de la Rep\u00fablica Argentina, mediante la instalaci\u00f3n de 36 sistemas solares de 5 kW cada uno. Estos sistemas permiten cubrir el 100% de la demanda de energ\u00eda utilizada para iluminarla.<\/p>\n<p>La implementaci\u00f3n de los paneles solares permiten generar energ\u00eda suficiente para iluminar la ruta, eliminando la necesidad de pagar por la energ\u00eda convencional como se ha hecho hasta ahora.<\/p>\n<p>Esto no solo representa un ahorro econ\u00f3mico significativo, sino tambi\u00e9n un avance importante en el uso de tecnolog\u00edas sostenibles.<\/p>\n<p>Al cubrir el 100% de la demanda energ\u00e9tica de la ruta con fuentes renovables, se asegura una independencia energ\u00e9tica y se contribuye a la reducci\u00f3n de emisiones contaminantes.<\/p>\n<p>\u00danico en Argentina y el primero en el pa\u00eds en implementar un proyecto de este tipo. Cada sistema consta de 10 paneles solares en un monoposte met\u00e1lico orientado hacia el Norte. El ahorro estimado por a\u00f1o ronda los 30.000 USD.<\/p>\n<p>El sistema se instala alrededor del anillo de la avenida, estimando que el mismo tiene una vida \u00fatil de al menos 30 a\u00f1os.<\/p>\n<p>&nbsp;<\/p>\n<p><img loading=\"lazy\" decoding=\"async\" class=\"alignnone size-full wp-image-75293\" src=\"https:\/\/vocesparalelas.com.ar\/sitio\/wp-content\/uploads\/2024\/08\/SAN-JUAN-NOCTURNA.jpg\" alt=\"\" width=\"800\" height=\"430\" srcset=\"https:\/\/vocesparalelas.com.ar\/sitio\/wp-content\/uploads\/2024\/08\/SAN-JUAN-NOCTURNA.jpg 800w, https:\/\/vocesparalelas.com.ar\/sitio\/wp-content\/uploads\/2024\/08\/SAN-JUAN-NOCTURNA-300x161.jpg 300w, https:\/\/vocesparalelas.com.ar\/sitio\/wp-content\/uploads\/2024\/08\/SAN-JUAN-NOCTURNA-768x413.jpg 768w\" sizes=\"auto, (max-width: 800px) 100vw, 800px\" \/><\/p>\n<p>&nbsp;<\/p>\n<p>&nbsp;<\/p>\n","protected":false},"excerpt":{"rendered":"<p>El Ministerio de Infraestructura, Agua y Energ\u00eda del Gobierno de San Juan transforma la Avenida Circunvalaci\u00f3n, Ruta Nacional A014, en<\/p>\n","protected":false},"author":3,"featured_media":9554,"comment_status":"closed","ping_status":"closed","sticky":false,"template":"","format":"standard","meta":{"_acf_changed":false,"_seopress_robots_primary_cat":"none","_seopress_titles_title":"","_seopress_titles_desc":"","_seopress_robots_index":"","colormag_page_container_layout":"default_layout","colormag_page_sidebar_layout":"default_layout","footnotes":""},"categories":[2],"tags":[],"class_list":["post-75290","post","type-post","status-publish","format-standard","has-post-thumbnail","hentry","category-convocatorias"],"acf":[],"_links":{"self":[{"href":"https:\/\/vocesparalelas.com.ar\/sitio\/wp-json\/wp\/v2\/posts\/75290","targetHints":{"allow":["GET"]}}],"collection":[{"href":"https:\/\/vocesparalelas.com.ar\/sitio\/wp-json\/wp\/v2\/posts"}],"about":[{"href":"https:\/\/vocesparalelas.com.ar\/sitio\/wp-json\/wp\/v2\/types\/post"}],"author":[{"embeddable":true,"href":"https:\/\/vocesparalelas.com.ar\/sitio\/wp-json\/wp\/v2\/users\/3"}],"replies":[{"embeddable":true,"href":"https:\/\/vocesparalelas.com.ar\/sitio\/wp-json\/wp\/v2\/comments?post=75290"}],"version-history":[{"count":1,"href":"https:\/\/vocesparalelas.com.ar\/sitio\/wp-json\/wp\/v2\/posts\/75290\/revisions"}],"predecessor-version":[{"id":75294,"href":"https:\/\/vocesparalelas.com.ar\/sitio\/wp-json\/wp\/v2\/posts\/75290\/revisions\/75294"}],"wp:featuredmedia":[{"embeddable":true,"href":"https:\/\/vocesparalelas.com.ar\/sitio\/wp-json\/wp\/v2\/media\/9554"}],"wp:attachment":[{"href":"https:\/\/vocesparalelas.com.ar\/sitio\/wp-json\/wp\/v2\/media?parent=75290"}],"wp:term":[{"taxonomy":"category","embeddable":true,"href":"https:\/\/vocesparalelas.com.ar\/sitio\/wp-json\/wp\/v2\/categories?post=75290"},{"taxonomy":"post_tag","embeddable":true,"href":"https:\/\/vocesparalelas.com.ar\/sitio\/wp-json\/wp\/v2\/tags?post=75290"}],"curies":[{"name":"wp","href":"https:\/\/api.w.org\/{rel}","templated":true}]}}