{"id":75285,"date":"2024-08-01T19:15:55","date_gmt":"2024-08-01T22:15:55","guid":{"rendered":"https:\/\/vocesparalelas.com.ar\/sitio\/?p=75285"},"modified":"2024-08-02T21:06:29","modified_gmt":"2024-08-03T00:06:29","slug":"se-desarrollo-la-capacitacion-ceremonial-y-protocolo-para-el-personal-de-servicios-generales-de-educacion-de-san-juan","status":"publish","type":"post","link":"https:\/\/vocesparalelas.com.ar\/sitio\/se-desarrollo-la-capacitacion-ceremonial-y-protocolo-para-el-personal-de-servicios-generales-de-educacion-de-san-juan\/","title":{"rendered":"Se desarroll\u00f3 la Capacitaci\u00f3n \u00abCeremonial y Protocolo\u00bb para el personal de Servicios Generales de Educaci\u00f3n de San Juan"},"content":{"rendered":"<p>El personal de Servicios Generales de las escuelas del Gran San Juan tuvo la oportunidad de capacitarse en ceremonial y protocolo y 959 personas de un staff de 1641 asistieron voluntariamente a una jornada donde adem\u00e1s reflexionaron sobre el valor de su tarea.<\/p>\n<p>El 60% del personal que se capacito se distribuy\u00f3 en cuatro d\u00edas que se realizaron a contra turno ya que la participaci\u00f3n era voluntaria. Por lo que cada uno de los trabajadores cumpli\u00f3 con su horario laboral y luego asisti\u00f3 a la capacitaci\u00f3n. En cada una de las 4 jornadas se dictaron los mismos contenidos teniendo una asistencia promedio de entre 240 y 245 personas cada d\u00eda. Se realiz\u00f3 con las escuelas de Chimbas, Capital, Rawson, Rivadavia, Santa Lucia.<\/p>\n<p>La capacitaci\u00f3n fue una iniciativa conjunta de los ministerios de Educaci\u00f3n y de Econom\u00eda, Hacienda y Finanzas del Gobierno de San Juan.<\/p>\n<p>La disertaci\u00f3n estuvo a cargo de la ingeniera y licenciada en Direcci\u00f3n de Recursos Humanos, Ivon S\u00e1nchez, quien adem\u00e1s es docente y cuenta con una especializaci\u00f3n en gesti\u00f3n por competencias.<\/p>\n<p><span style=\"color: #ff6600;\"><strong>Temario<\/strong><\/span><\/p>\n<ul>\n<li>Imagen personal<\/li>\n<li>Protocolo de la Bandera Nacional, Bandera Ciudadana<\/li>\n<li>Precedencia, ley de derecha, orden lateral y lineal<\/li>\n<li>Mesas y precedencia en los distintos tipos de mesas<\/li>\n<li>Protocolo del t\u00e9 y caf\u00e9.<\/li>\n<\/ul>\n<p><img loading=\"lazy\" decoding=\"async\" class=\"alignnone size-full wp-image-28629\" src=\"https:\/\/vocesparalelas.com.ar\/sitio\/wp-content\/uploads\/2020\/05\/MINISTERIO-EDUCACION-SJ.jpg\" alt=\"\" width=\"800\" height=\"533\" srcset=\"https:\/\/vocesparalelas.com.ar\/sitio\/wp-content\/uploads\/2020\/05\/MINISTERIO-EDUCACION-SJ.jpg 800w, https:\/\/vocesparalelas.com.ar\/sitio\/wp-content\/uploads\/2020\/05\/MINISTERIO-EDUCACION-SJ-300x200.jpg 300w, https:\/\/vocesparalelas.com.ar\/sitio\/wp-content\/uploads\/2020\/05\/MINISTERIO-EDUCACION-SJ-768x512.jpg 768w\" sizes=\"auto, (max-width: 800px) 100vw, 800px\" \/><\/p>\n","protected":false},"excerpt":{"rendered":"<p>El personal de Servicios Generales de las escuelas del Gran San Juan tuvo la oportunidad de capacitarse en ceremonial y<\/p>\n","protected":false},"author":3,"featured_media":75288,"comment_status":"closed","ping_status":"closed","sticky":false,"template":"","format":"standard","meta":{"_acf_changed":false,"_seopress_robots_primary_cat":"none","_seopress_titles_title":"","_seopress_titles_desc":"","_seopress_robots_index":"","colormag_page_container_layout":"default_layout","colormag_page_sidebar_layout":"default_layout","footnotes":""},"categories":[9],"tags":[],"class_list":["post-75285","post","type-post","status-publish","format-standard","has-post-thumbnail","hentry","category-cursos"],"acf":[],"_links":{"self":[{"href":"https:\/\/vocesparalelas.com.ar\/sitio\/wp-json\/wp\/v2\/posts\/75285","targetHints":{"allow":["GET"]}}],"collection":[{"href":"https:\/\/vocesparalelas.com.ar\/sitio\/wp-json\/wp\/v2\/posts"}],"about":[{"href":"https:\/\/vocesparalelas.com.ar\/sitio\/wp-json\/wp\/v2\/types\/post"}],"author":[{"embeddable":true,"href":"https:\/\/vocesparalelas.com.ar\/sitio\/wp-json\/wp\/v2\/users\/3"}],"replies":[{"embeddable":true,"href":"https:\/\/vocesparalelas.com.ar\/sitio\/wp-json\/wp\/v2\/comments?post=75285"}],"version-history":[{"count":1,"href":"https:\/\/vocesparalelas.com.ar\/sitio\/wp-json\/wp\/v2\/posts\/75285\/revisions"}],"predecessor-version":[{"id":75289,"href":"https:\/\/vocesparalelas.com.ar\/sitio\/wp-json\/wp\/v2\/posts\/75285\/revisions\/75289"}],"wp:featuredmedia":[{"embeddable":true,"href":"https:\/\/vocesparalelas.com.ar\/sitio\/wp-json\/wp\/v2\/media\/75288"}],"wp:attachment":[{"href":"https:\/\/vocesparalelas.com.ar\/sitio\/wp-json\/wp\/v2\/media?parent=75285"}],"wp:term":[{"taxonomy":"category","embeddable":true,"href":"https:\/\/vocesparalelas.com.ar\/sitio\/wp-json\/wp\/v2\/categories?post=75285"},{"taxonomy":"post_tag","embeddable":true,"href":"https:\/\/vocesparalelas.com.ar\/sitio\/wp-json\/wp\/v2\/tags?post=75285"}],"curies":[{"name":"wp","href":"https:\/\/api.w.org\/{rel}","templated":true}]}}