{"id":75277,"date":"2024-07-31T18:02:04","date_gmt":"2024-07-31T21:02:04","guid":{"rendered":"https:\/\/vocesparalelas.com.ar\/sitio\/?p=75277"},"modified":"2024-08-01T01:02:33","modified_gmt":"2024-08-01T04:02:33","slug":"encontraron-animales-de-la-fauna-de-san-juan-embalsamados","status":"publish","type":"post","link":"https:\/\/vocesparalelas.com.ar\/sitio\/encontraron-animales-de-la-fauna-de-san-juan-embalsamados\/","title":{"rendered":"Encontraron animales de la Fauna de San Juan embalsamados"},"content":{"rendered":"<p>Con la orden correspondiente del Segundo Juzgado de Faltas, personal de la Subsecretar\u00eda de Conservaci\u00f3n, de la Secretar\u00eda de Ambiente y de la Polic\u00eda de San Juan, realiz\u00f3 un allanamiento en un domicilio particular de Rivadavia, donde secuestraron animales de la fauna aut\u00f3ctona embalsamados (1 guanaco, 1 libre y 1 zorro) adem\u00e1s de un ave ex\u00f3tica (1 cata).<\/p>\n<p>Adem\u00e1s, se secuestraron colas de zorro, patas de guanaco, caparazones de tortugas y quirquinchos, entre otros. La tenencia de estos productos y subproductos de la caza furtiva, est\u00e1 prohibido a trav\u00e9s de la ley 606-L de Flora y Fauna.<\/p>\n<p>El domicilio era casi un taller de animales de la fauna silvestre disecados y se cree que all\u00ed se comercializaban estos productos y subproductos.<\/p>\n<p>Entre los restos secuestrados se encontraron 1 guanaco, 1 liebre, 1 zorro y una cata embalsamados. Tambi\u00e9n 3 colas de zorro, 1 cola de puma, 2 alas de suri cordillerano (avestruz), 1 cuero de jabal\u00ed, 1 cuero de puma, 6 caparazones de quirquinchos, 1 caparaz\u00f3n de tortuga, 4 patas de \u00f1and\u00fa, 3 patas de guanaco, 1 pata de puma, varias aves y hasta 1 cuero de ciervo.<\/p>\n<p>Adem\u00e1s de las actas levantados por los Agentes de Conservaci\u00f3n, la Polic\u00eda de San Juan, a trav\u00e9s del personal de la comisar\u00eda 30\u00b0, procedieron a incautar armas de fuego de varios modelos y calibres, municiones varias y diversos artefactos de los que no pudo acreditar propiedad. La sospecha es que el lugar era usado para reducir distintos artefactos, autopartes y dem\u00e1s.<\/p>\n<p>Ante la importancia del procedimiento conjunto se dio parte a la actuaci\u00f3n de Flagrancia, interviniendo la Unidad Fiscal de Investigaci\u00f3n (UFI), a cargo del fiscal Adri\u00e1n Riveros.<\/p>\n<p>&nbsp;<\/p>\n<p>&nbsp;<\/p>\n","protected":false},"excerpt":{"rendered":"<p>Con la orden correspondiente del Segundo Juzgado de Faltas, personal de la Subsecretar\u00eda de Conservaci\u00f3n, de la Secretar\u00eda de Ambiente<\/p>\n","protected":false},"author":3,"featured_media":75280,"comment_status":"closed","ping_status":"closed","sticky":false,"template":"","format":"standard","meta":{"_acf_changed":false,"_seopress_robots_primary_cat":"none","_seopress_titles_title":"","_seopress_titles_desc":"","_seopress_robots_index":"","colormag_page_container_layout":"default_layout","colormag_page_sidebar_layout":"default_layout","footnotes":""},"categories":[1],"tags":[],"class_list":["post-75277","post","type-post","status-publish","format-standard","has-post-thumbnail","hentry","category-destacadas"],"acf":[],"_links":{"self":[{"href":"https:\/\/vocesparalelas.com.ar\/sitio\/wp-json\/wp\/v2\/posts\/75277","targetHints":{"allow":["GET"]}}],"collection":[{"href":"https:\/\/vocesparalelas.com.ar\/sitio\/wp-json\/wp\/v2\/posts"}],"about":[{"href":"https:\/\/vocesparalelas.com.ar\/sitio\/wp-json\/wp\/v2\/types\/post"}],"author":[{"embeddable":true,"href":"https:\/\/vocesparalelas.com.ar\/sitio\/wp-json\/wp\/v2\/users\/3"}],"replies":[{"embeddable":true,"href":"https:\/\/vocesparalelas.com.ar\/sitio\/wp-json\/wp\/v2\/comments?post=75277"}],"version-history":[{"count":1,"href":"https:\/\/vocesparalelas.com.ar\/sitio\/wp-json\/wp\/v2\/posts\/75277\/revisions"}],"predecessor-version":[{"id":75281,"href":"https:\/\/vocesparalelas.com.ar\/sitio\/wp-json\/wp\/v2\/posts\/75277\/revisions\/75281"}],"wp:featuredmedia":[{"embeddable":true,"href":"https:\/\/vocesparalelas.com.ar\/sitio\/wp-json\/wp\/v2\/media\/75280"}],"wp:attachment":[{"href":"https:\/\/vocesparalelas.com.ar\/sitio\/wp-json\/wp\/v2\/media?parent=75277"}],"wp:term":[{"taxonomy":"category","embeddable":true,"href":"https:\/\/vocesparalelas.com.ar\/sitio\/wp-json\/wp\/v2\/categories?post=75277"},{"taxonomy":"post_tag","embeddable":true,"href":"https:\/\/vocesparalelas.com.ar\/sitio\/wp-json\/wp\/v2\/tags?post=75277"}],"curies":[{"name":"wp","href":"https:\/\/api.w.org\/{rel}","templated":true}]}}